{"id":13163,"date":"2024-12-03T13:23:06","date_gmt":"2024-12-03T12:23:06","guid":{"rendered":"https:\/\/projectes.xtec.cat\/qualitatfp\/?p=13163"},"modified":"2024-12-03T13:23:06","modified_gmt":"2024-12-03T12:23:06","slug":"linstitut-esteve-terradas-i-illa-impulsa-la-certificacio-en-excellencia-del-servei-dual-intensiva-de-transports-metropolitans-de-barcelona","status":"publish","type":"post","link":"https:\/\/projectes.xtec.cat\/qualitatfp\/general\/linstitut-esteve-terradas-i-illa-impulsa-la-certificacio-en-excellencia-del-servei-dual-intensiva-de-transports-metropolitans-de-barcelona\/","title":{"rendered":"L&#8217;Institut Esteve Terradas i Illa impulsa la certificaci\u00f3 en Excel\u00b7l\u00e8ncia del servei dual intensiva de Transports Metropolitans de Barcelona"},"content":{"rendered":"<p>El passat 28 de novembre es va portar a terme l&#8217;auditoria de Certificaci\u00f3 de Qualitat del servei FP dual de l&#8217;empresa\u00a0<a href=\"https:\/\/www.tmb.cat\/ca\/coneix-tmb\" target=\"_blank\" rel=\"noopener\"><span style=\"font-weight: 400;\"><span style=\"text-decoration: underline;\"><strong><span style=\"color: #2f5d5d;\">Transports Metropolitans de Barcelona S.A<\/span><\/strong><\/span><\/span><\/a>. (en endavant TMB) i podem anunciar amb orgull que s&#8217;ha aconseguit novament el m\u00e0xim nivell en aquesta destacada certificaci\u00f3. S&#8217;han aconseguit 27 dels 30 punts segons la\u00a0<a href=\"https:\/\/sites.google.com\/xtec.cat\/qualitatfpdual\/check-list?authuser=0\" target=\"_blank\" rel=\"noopener\"><span style=\"font-weight: 400;\"><span style=\"text-decoration: underline;\"><strong><span style=\"color: #2f5d5d;\">llista de comprovaci\u00f3<\/span><\/strong><\/span><\/span><\/a>.<\/p>\n<p><a href=\"https:\/\/www.iesesteveterradas.cat\/\" target=\"_blank\" rel=\"noopener\"><span style=\"font-weight: 400;\"><span style=\"text-decoration: underline;\"><strong><span style=\"color: #2f5d5d;\">L&#8217;institut Esteve Terradas i Illa<\/span><\/strong><\/span><\/span><\/a><a href=\"https:\/\/www.iesesteveterradas.cat\/\" target=\"_blank\" rel=\"noopener\"><img loading=\"lazy\" decoding=\"async\" class=\"alignleft wp-image-11204\" src=\"https:\/\/projectes.xtec.cat\/qualitatfp\/wp-content\/uploads\/usu772\/2022\/10\/LOGO-ESTEVE-TERRADAS-I-ILLA.jpg\" alt=\"\" width=\"422\" height=\"90\" srcset=\"https:\/\/projectes.xtec.cat\/qualitatfp\/wp-content\/uploads\/usu772\/2022\/10\/LOGO-ESTEVE-TERRADAS-I-ILLA.jpg 834w, https:\/\/projectes.xtec.cat\/qualitatfp\/wp-content\/uploads\/usu772\/2022\/10\/LOGO-ESTEVE-TERRADAS-I-ILLA-300x64.jpg 300w, https:\/\/projectes.xtec.cat\/qualitatfp\/wp-content\/uploads\/usu772\/2022\/10\/LOGO-ESTEVE-TERRADAS-I-ILLA-768x164.jpg 768w\" sizes=\"auto, (max-width: 422px) 100vw, 422px\" \/><\/a> com a centre impulsor d&#8217;aquesta certificaci\u00f3 vol felicitar i donar les gr\u00e0cies a tots els implicats en la consecuci\u00f3 d&#8217;aquest \u00e8xit. En primer lloc a l&#8217;empresa TMB per la seva aposta decidida per la <strong>FP dual intensiva<\/strong>. Tamb\u00e9 a tots els centres educatius: <a href=\"https:\/\/institutpedraforca.com\/\" target=\"_blank\" rel=\"noopener\"><span style=\"font-weight: 400;\"><span style=\"text-decoration: underline;\"><strong><span style=\"color: #2f5d5d;\">INS Pedraforca<\/span><\/strong><\/span><\/span><\/a>\u00a0(L&#8217;Hospitalet de Llobregat),\u00a0<a href=\"https:\/\/www.lamerce.com\/\" target=\"_blank\" rel=\"noopener\"><span style=\"font-weight: 400;\"><span style=\"text-decoration: underline;\"><strong><span style=\"color: #2f5d5d;\">INS La Merc\u00e8<\/span><\/strong><\/span><\/span><\/a>\u00a0(Barcelona),\u00a0<a href=\"https:\/\/agora.xtec.cat\/ieslaguineueta\/\" target=\"_blank\" rel=\"noopener\"><span style=\"font-weight: 400;\"><span style=\"text-decoration: underline;\"><strong><span style=\"color: #2f5d5d;\">INS La Guineuta\u00a0<\/span><\/strong><\/span><\/span><\/a>(Barcelona) i\u00a0<a href=\"https:\/\/agora.xtec.cat\/iesesteveterradas\/\" target=\"_blank\" rel=\"noopener\"><span style=\"font-weight: 400;\"><span style=\"text-decoration: underline;\"><strong><span style=\"color: #2f5d5d;\">INS Esteve Terradas i Illa<\/span><\/strong><\/span><\/span><\/a>\u00a0(Cornell\u00e0 de Llobregat). I finalment a l&#8217;equip del\u00a0\u00a0<a href=\"https:\/\/projectes.xtec.cat\/qualitatfp\/\" target=\"_blank\" rel=\"noopener\"><span style=\"font-weight: 400;\"><span style=\"text-decoration: underline;\"><strong><span style=\"color: #2f5d5d;\">Projecte de qualitat i millora cont\u00ednua<\/span><\/strong><\/span><\/span><\/a>\u00a0de la Direcci\u00f3 General de Formaci\u00f3 Professional per tot el suport i implicaci\u00f3.<a href=\"https:\/\/www.tmb.cat\/ca\/coneix-tmb\" target=\"_blank\" rel=\"noopener\"><img loading=\"lazy\" decoding=\"async\" class=\"alignright wp-image-13099 size-full\" src=\"https:\/\/projectes.xtec.cat\/qualitatfp\/wp-content\/uploads\/usu772\/2024\/11\/TMB.jpg\" alt=\"\" width=\"156\" height=\"123\" \/><\/a><\/p>\n<p>En el proc\u00e9s d&#8217;auditoria s&#8217;ha pogut copsar el comprom\u00eds i excel\u00b7l\u00e8ncia en la formaci\u00f3 de l&#8217;alumnat demostrable en diferents aspectes com: col\u00b7laboraci\u00f3 entre empresa i centres educatius,\u00a0 inserci\u00f3 i formaci\u00f3 de qualitat. Aix\u00f2 \u00e9s tradueix en una gran satisfacci\u00f3 per part de l&#8217;alumnat que es mesura en les enquestes habituals i tamb\u00e9 en les enquestes pr\u00f2pies de l&#8217;empresa TMB.<\/p>\n<p>Aquest curs 2024_2025 hi ha uns 10 alumnes de l&#8217;Institut Esteve Terradas i Illa fent pr\u00e0ctiques de <strong>FP dual intensiva<\/strong> a TMB, de tres dels nostres cicles formatius:<\/p>\n<ul>\n<li>ELECTROMEC\u00c0NICA DE VEHICLES AUTOM\u00d2BILS<\/li>\n<li>AUTOMOCI\u00d3<\/li>\n<li>ADMINISTRACI\u00d3 I FINANCES<\/li>\n<\/ul>\n<p>Des de l&#8217;<a href=\"https:\/\/www.iesesteveterradas.cat\/\" target=\"_blank\" rel=\"noopener\" data-saferedirecturl=\"https:\/\/www.google.com\/url?q=https:\/\/www.iesesteveterradas.cat\/&amp;source=gmail&amp;ust=1733312336055000&amp;usg=AOvVaw1v6GrBlap2W0bSrbSmKHOU\"><span style=\"font-weight: 400;\"><span style=\"text-decoration: underline;\"><strong><span style=\"color: #2f5d5d;\">Institut Esteve Terradas i Illa<\/span><\/strong><\/span><\/span><\/a> estem contents de veure que la feina ben feta dona els seus fruits i aix\u00f2 ens esperona a seguir treballant decididament per la <strong>FP dual intensiva<\/strong> en aquest proc\u00e9s de millora cont\u00ednua.<\/p>\n<p>Moltes gr\u00e0cies de nou,<\/p>\n<p><strong><em>Josep Maria Ramon Montserrat<\/em><\/strong><\/p>\n<p>Coordinaci\u00f3 FCT i DUAL<\/p>\n","protected":false},"excerpt":{"rendered":"<p>El passat 28 de novembre es va portar a terme l&#8217;auditoria de Certificaci\u00f3 de Qualitat del servei FP dual de l&#8217;empresa\u00a0<a href=\"https:\/\/www.tmb.cat\/ca\/coneix-tmb\" target=\"_blank\" rel=\"noopener\">Transports Metropolitans de Barcelona S.A<\/a>. (en endavant TMB) i podem anunciar amb orgull que s&#8217;ha aconseguit novament el m\u00e0xim nivell en aquesta&hellip;  <a href=\"https:\/\/projectes.xtec.cat\/qualitatfp\/general\/linstitut-esteve-terradas-i-illa-impulsa-la-certificacio-en-excellencia-del-servei-dual-intensiva-de-transports-metropolitans-de-barcelona\/\" title=\"Read L&#8217;Institut Esteve Terradas i Illa impulsa la certificaci\u00f3 en Excel\u00b7l\u00e8ncia del servei dual intensiva de Transports Metropolitans de Barcelona\">Llegeix m\u00e9s\u00bb<\/a><\/p>\n","protected":false},"author":1,"featured_media":13168,"comment_status":"open","ping_status":"closed","sticky":false,"template":"","format":"standard","meta":{"_bbp_topic_count":0,"_bbp_reply_count":0,"_bbp_total_topic_count":0,"_bbp_total_reply_count":0,"_bbp_voice_count":0,"_bbp_anonymous_reply_count":0,"_bbp_topic_count_hidden":0,"_bbp_reply_count_hidden":0,"_bbp_forum_subforum_count":0,"footnotes":""},"categories":[1,29],"tags":[],"class_list":["post-13163","post","type-post","status-publish","format-standard","has-post-thumbnail","hentry","category-general","category-portada"],"post_mailing_queue_ids":[],"_links":{"self":[{"href":"https:\/\/projectes.xtec.cat\/qualitatfp\/wp-json\/wp\/v2\/posts\/13163","targetHints":{"allow":["GET"]}}],"collection":[{"href":"https:\/\/projectes.xtec.cat\/qualitatfp\/wp-json\/wp\/v2\/posts"}],"about":[{"href":"https:\/\/projectes.xtec.cat\/qualitatfp\/wp-json\/wp\/v2\/types\/post"}],"author":[{"embeddable":true,"href":"https:\/\/projectes.xtec.cat\/qualitatfp\/wp-json\/wp\/v2\/users\/1"}],"replies":[{"embeddable":true,"href":"https:\/\/projectes.xtec.cat\/qualitatfp\/wp-json\/wp\/v2\/comments?post=13163"}],"version-history":[{"count":4,"href":"https:\/\/projectes.xtec.cat\/qualitatfp\/wp-json\/wp\/v2\/posts\/13163\/revisions"}],"predecessor-version":[{"id":13167,"href":"https:\/\/projectes.xtec.cat\/qualitatfp\/wp-json\/wp\/v2\/posts\/13163\/revisions\/13167"}],"wp:featuredmedia":[{"embeddable":true,"href":"https:\/\/projectes.xtec.cat\/qualitatfp\/wp-json\/wp\/v2\/media\/13168"}],"wp:attachment":[{"href":"https:\/\/projectes.xtec.cat\/qualitatfp\/wp-json\/wp\/v2\/media?parent=13163"}],"wp:term":[{"taxonomy":"category","embeddable":true,"href":"https:\/\/projectes.xtec.cat\/qualitatfp\/wp-json\/wp\/v2\/categories?post=13163"},{"taxonomy":"post_tag","embeddable":true,"href":"https:\/\/projectes.xtec.cat\/qualitatfp\/wp-json\/wp\/v2\/tags?post=13163"}],"curies":[{"name":"wp","href":"https:\/\/api.w.org\/{rel}","templated":true}]}}