{"id":13462,"date":"2025-05-07T08:58:58","date_gmt":"2025-05-07T06:58:58","guid":{"rendered":"https:\/\/projectes.xtec.cat\/qualitatfp\/?p=13462"},"modified":"2025-06-15T13:21:24","modified_gmt":"2025-06-15T11:21:24","slug":"butlleti-maig-2025","status":"publish","type":"post","link":"https:\/\/projectes.xtec.cat\/qualitatfp\/general\/butlleti-maig-2025\/","title":{"rendered":"Butllet\u00ed Maig 2025"},"content":{"rendered":"<p><b><span style=\"font-size: 11.0pt; font-family: 'Arial',sans-serif;\">N\u00famero 115, Maig 2025<\/span><\/b><\/p>\n<p><b><span style=\"font-size: 11.0pt; font-family: 'Arial',sans-serif;\">Benvolgudes\/ts companyes\/s,<\/span><\/b><\/p>\n<p style=\"text-align: justify;\"><b><span style=\"font-size: 11.0pt; font-family: 'Arial',sans-serif;\">Us fem a mans el butllet\u00ed informatiu del PQiMC del mes de maig <\/span><\/b><span style=\"font-size: 11.0pt; font-family: 'Arial',sans-serif;\">desitjant que estigueu tots i totes molt b\u00e9 i ben animats davant dels reptes del dia a dia. Ens teniu a la vostra disposici\u00f3 per tal d\u2019ajudar-vos en tot all\u00f2 que sigui possible.<\/span><\/p>\n<p><img loading=\"lazy\" decoding=\"async\" class=\"wp-image-13474 alignleft\" src=\"https:\/\/projectes.xtec.cat\/qualitatfp\/wp-content\/uploads\/usu772\/2025\/03\/HERMANN-HESSE.jpg\" alt=\"\" width=\"83\" height=\"110\" srcset=\"https:\/\/projectes.xtec.cat\/qualitatfp\/wp-content\/uploads\/usu772\/2025\/03\/HERMANN-HESSE.jpg 268w, https:\/\/projectes.xtec.cat\/qualitatfp\/wp-content\/uploads\/usu772\/2025\/03\/HERMANN-HESSE-227x300.jpg 227w\" sizes=\"auto, (max-width: 83px) 100vw, 83px\" \/><\/p>\n<p>&nbsp;<\/p>\n<p><strong>\u00ab<em>La teoria \u00e9s el coneixement que no funciona. La pr\u00e0ctica \u00e9s quan tot funciona i no saps per qu\u00e8<\/em><\/strong><strong>\u00bb\u00a0 Hermann Hesse<\/strong><\/p>\n<p>&nbsp;<\/p>\n<div>\n<p><strong>1. Enhorabona<\/strong><\/p>\n<p>Des del Projecte de Qualitat i Millora Cont\u00ednua volem felicitar a l&#8217;<a href=\"https:\/\/agora.xtec.cat\/iesrafaelcampalans\/\" target=\"_blank\" rel=\"noopener\"><span style=\"font-weight: 400;\"><span style=\"text-decoration: underline;\"><strong><span style=\"color: #2f5d5d;\">Institut Rafael Campalans<\/span><\/strong><\/span><\/span><\/a> (Angl\u00e8s) que ha obtingut la certificaci\u00f3 en <strong>ISO 9001<\/strong> del Sistema de Gesti\u00f3 del centre, ja s\u00f3n <strong>158 centres<\/strong> els certificats en aquesta norma. <strong>Enhorabona!!<\/strong><\/p>\n<p>Tamb\u00e9 volem felicitar a l&#8217;<a href=\"https:\/\/www.institutjaumehuguet.cat\/\" target=\"_blank\" rel=\"noopener\"><span style=\"font-weight: 400;\"><span style=\"text-decoration: underline;\"><strong><span style=\"color: #2f5d5d;\">Institut Jaume Huguet de Valls-Antiga Escola del Treball<\/span><\/strong><\/span><\/span><\/a> per la seva distinci\u00f3 amb la Creu de Sant Jordi que li va atorgar, el passat 22 d\u2019abril, el Govern de la Generalitat de Catalunya<strong>. Enhorabona!!<\/strong><\/p>\n<p><a href=\"https:\/\/projectes.xtec.cat\/qualitatfp\/general\/la-importancia-dels-indicadors-per-a-la-millora-de-lescola-webinar\/\" target=\"_blank\" rel=\"noopener\"><span style=\"font-weight: 400;\"><span style=\"text-decoration: underline;\"><strong><span style=\"color: #2f5d5d;\">WEBINAR: <strong>La import\u00e0ncia dels indicadors per a la millora de l&#8217;escola (dijous, 15 de maig \u00a0de 2025)<\/strong><\/span><\/strong><\/span><\/span><\/a><\/p>\n<p><strong>2. Enquesta valoraci\u00f3 final curs PQiMC i mem\u00f2ria de tancament<\/strong><\/p>\n<p><span style=\"color: #000000;\">Per poder elaborar el resum dels resultats del PQiMC\u00a0 i poder planificar els objectius del curs vinent, necessitem que empleneu l\u2019<a href=\"https:\/\/docs.google.com\/forms\/d\/e\/1FAIpQLSffMXBmO603hWxbTa4WYGlSYen57EgsGI8IdeYOgvnRbLokpA\/viewform\" target=\"_blank\" rel=\"noopener\"><span style=\"font-weight: 400;\"><span style=\"text-decoration: underline;\"><strong><span style=\"color: #2f5d5d;\">enquesta de satisfacci\u00f3 (UNA per centre)<\/span><\/strong><\/span><\/span><\/a>.Teniu de temps fins al pr\u00f2xim\u00a0<b>31 de maig del 2025<\/b><\/span><\/p>\n<p><strong><span style=\"text-decoration: underline;\"><span style=\"color: #ff0000; text-decoration: underline;\">NOU!!!!<\/span> Tancament de curs:<\/span><\/strong><\/p>\n<p>Per tal de certificar a les persones del claustre que han participat en el Programa de Qualitat i Millora Cont\u00ednua s&#8217;hauran de realitzar les seg\u00fcents actuacions en els terminis proposats. Els enlla\u00e7os s&#8217;obriran a partir de juny.<\/p>\n<p><span style=\"color: #000000;\">1r. Introducci\u00f3 del professorat que tenen dret al certificat d\u2019innovaci\u00f3 del PQiMC a l\u2019aplicaci\u00f3 AGAI i signatura del pdf resultant per part del director\/a del centre. (<strong>del 2 de juny al 15<\/strong><b>\u00a0de juliol<\/b>)<\/span><\/p>\n<p><span style=\"color: #000000;\">2n. Introducci\u00f3 dels 5 indicadors a l\u2019EPIQ i imprimir l\u2019informe resultant. (<b>abans del<\/b> <b>15 de juliol<\/b>)<\/span><\/p>\n<p><span style=\"color: #000000;\">3r. Omplir el formulari amb un resum dels resultats m\u00e9s importants i la documentaci\u00f3 justificativa a\u00a0<a style=\"color: #000000;\" href=\"https:\/\/docs.google.com\/forms\/d\/e\/1FAIpQLSecb1ks_8fz3EM59CIAWxwRyzoWcEq8I-OQ64XiMfWUQ1c2Fw\/viewform\" target=\"_blank\" rel=\"noopener\"><strong>Mem\u00f2ria del PQiMC del curs 2024-2025. <\/strong><\/a>(<b>del<\/b><strong> 2 de juny al<\/strong><b>15 de juliol<\/b>)<\/span><\/p>\n<p><strong>3. Jornada de Cloenda<\/strong><\/p>\n<p>(A determinar), de forma presencial, la <strong>Jornada de Cloenda de tots els programes i projectes. <\/strong><b>NO HI HAUR\u00c0 TANCAMENT DE CADA PROGRAMA A LA SEGONA PART.<\/b><\/p>\n<p><strong>4. qCampusFP#2025 del 7 al 11 de juliol\u00a0<\/strong><\/p>\n<p>Un curs m\u00e9s us presentem una nova edici\u00f3 del qCampusFP. A continuaci\u00f3 podeu trobar les formacions que, des del PQiMC, hem preparat per tots\/totes vosaltres amb els enlla\u00e7os per fer les inscripcions.<\/p>\n<p><strong>Tots els cursos que ofereix el programa de qualitat seran en l\u00ednia sincr\u00f2nics en horari de 9.00 a 14.00 h excepte el curs <a href=\"https:\/\/aplicacions.gestioeducativa.gencat.cat\/ords\/pls\/soloas\/pk_for_mod_ins.p_for_detall_activitat?p_header=Llista%20d%27activitats%5Epk_for_mod_ins.p_for_cons_activitats?p_any=2024-2025%26p_totes=N%26p_inici=91%26p_excloure_crp_rec=T&amp;p_codi=0004950600&amp;p_curs=2024-2025&amp;p_excloure_crp_rec=T\" target=\"_blank\" rel=\"noopener\"><span style=\"font-weight: 400;\"><span style=\"text-decoration: underline;\"><span style=\"color: #2f5d5d;\">Gesti\u00f3 documental de qualitat amb eines Google, web, Moodle<\/span><\/span><\/span><\/a> que es realitzar\u00e0 de 15 a 20 h.<\/strong><\/p>\n<p>El curs amb codi IQ \u00e9s de 15 h: tres sessions de 5 h cadascuna. A l&#8217;igual que el curs amb codi GQA.<\/p>\n<p>La resta s\u00f3n cursos de 5 h (una sola sessi\u00f3).<\/p>\n<table style=\"height: 317px; width: 100%; border-collapse: collapse; border-style: solid; border-color: #000000;\">\n<tbody>\n<tr style=\"height: 32px;\">\n<td style=\"width: 20%; height: 32px; border-style: solid; border-color: #000000;\"><strong>DILLUNS 7<\/strong><\/td>\n<td style=\"width: 20%; height: 32px; border-style: solid; border-color: #000000;\"><strong>DIMARTS 8<\/strong><\/td>\n<td style=\"width: 20%; height: 32px; border-style: solid; border-color: #000000;\"><strong>DIMECRES 9<\/strong><\/td>\n<td style=\"width: 20%; height: 32px; border-style: solid; border-color: #000000;\"><strong>DIJOUS 10<\/strong><\/td>\n<td style=\"width: 20%; height: 32px; border-style: solid; border-color: #000000;\"><strong>DIVENDRES 11<\/strong><\/td>\n<\/tr>\n<tr style=\"height: 63px;\">\n<td style=\"width: 20%; height: 63px; border-style: solid; border-color: #000000;\"><a href=\"https:\/\/aplicacions.gestioeducativa.gencat.cat\/ords\/pls\/soloas\/pk_for_mod_ins.p_for_detall_activitat?p_header=Llista%20d%27activitats%5Epk_for_mod_ins.p_for_cons_activitats?p_any=2024-2025%26p_totes=N%26p_inici=51%26p_excloure_crp_rec=T&amp;p_codi=0004470600&amp;p_curs=2024-2025&amp;p_excloure_crp_rec=T\" target=\"_blank\" rel=\"noopener\"><span style=\"font-weight: 400;\"><span style=\"text-decoration: underline;\"><strong><span style=\"color: #2f5d5d;\">IQ: 1-Introducci\u00f3 a la gesti\u00f3 de qualitat en un centre educatiu<\/span><\/strong><\/span><\/span><\/a><\/td>\n<td style=\"width: 20%; height: 63px; border-style: solid; border-color: #000000;\"><a href=\"https:\/\/aplicacions.gestioeducativa.gencat.cat\/ords\/pls\/soloas\/pk_for_mod_ins.p_for_detall_activitat?p_header=Llista%20d%27activitats%5Epk_for_mod_ins.p_for_cons_activitats?p_any=2024-2025%26p_totes=N%26p_inici=61%26p_excloure_crp_rec=T&amp;p_codi=0004530600&amp;p_curs=2024-2025&amp;p_excloure_crp_rec=T\" target=\"_blank\" rel=\"noopener\"><span style=\"font-weight: 400;\"><span style=\"text-decoration: underline;\"><strong><span style=\"color: #2f5d5d;\">GQA: 1-Eines per la detecci\u00f3, l&#8217;an\u00e0lisi i avaluaci\u00f3 dels riscos<\/span><\/strong><\/span><\/span><\/a><\/td>\n<td style=\"width: 20%; height: 63px; border-style: solid; border-color: #000000;\"><a href=\"https:\/\/aplicacions.gestioeducativa.gencat.cat\/ords\/pls\/soloas\/pk_for_mod_ins.p_for_detall_activitat?p_header=Llista%20d%27activitats%5Epk_for_mod_ins.p_for_cons_activitats?p_any=2024-2025%26p_totes=N%26p_inici=51%26p_excloure_crp_rec=T&amp;p_codi=0004470600&amp;p_curs=2024-2025&amp;p_excloure_crp_rec=T\" target=\"_blank\" rel=\"noopener\"><span style=\"font-weight: 400;\"><span style=\"text-decoration: underline;\"><strong><span style=\"color: #2f5d5d;\">IQ: 2-La gesti\u00f3 per processos<\/span><\/strong><\/span><\/span><\/a><\/td>\n<td style=\"width: 20%; height: 63px; border-style: solid; border-color: #000000;\"><a href=\"https:\/\/aplicacions.gestioeducativa.gencat.cat\/ords\/pls\/soloas\/pk_for_mod_ins.p_for_detall_activitat?p_header=Llista%20d%27activitats%5Epk_for_mod_ins.p_for_cons_activitats?p_any=2024-2025%26p_totes=N%26p_inici=51%26p_excloure_crp_rec=T&amp;p_codi=0004460600&amp;p_curs=2024-2025&amp;p_excloure_crp_rec=T\" target=\"_blank\" rel=\"noopener\"><span style=\"font-weight: 400;\"><span style=\"text-decoration: underline;\"><strong><span style=\"color: #2f5d5d;\">Introducci\u00f3 d&#8217;un sistema integrat de gesti\u00f3 ISO 9001, ISO 14001, ISO 45001<\/span><\/strong><\/span><\/span><\/a><\/td>\n<td style=\"width: 20%; height: 63px; border-style: solid; border-color: #000000;\"><a href=\"https:\/\/aplicacions.gestioeducativa.gencat.cat\/ords\/pls\/soloas\/pk_for_mod_ins.p_for_detall_activitat?p_header=Llista%20d%27activitats%5Epk_for_mod_ins.p_for_cons_activitats?p_any=2024-2025%26p_totes=N%26p_inici=51%26p_excloure_crp_rec=T&amp;p_codi=0004470600&amp;p_curs=2024-2025&amp;p_excloure_crp_rec=T\" target=\"_blank\" rel=\"noopener\"><span style=\"font-weight: 400;\"><span style=\"text-decoration: underline;\"><strong><span style=\"color: #2f5d5d;\">IQ: 3-Auditories internes<\/span><\/strong><\/span><\/span><\/a><\/td>\n<\/tr>\n<tr style=\"height: 32px;\">\n<td style=\"width: 20%; height: 32px; border-style: double; border-color: #000000;\">C\u00e8sar Riola<\/td>\n<td style=\"width: 20%; height: 32px; border-style: solid; border-color: #000000;\">Joan Daniel Subirats<\/td>\n<td style=\"width: 20%; height: 32px; border-style: solid; border-color: #000000;\">Nedi Bosch<\/td>\n<td style=\"width: 20%; height: 32px; border-style: solid; border-color: #000000;\">Pepita Oms<\/td>\n<td style=\"width: 20%; height: 32px; border-style: solid; border-color: #000000;\">Mar Costa<\/td>\n<\/tr>\n<tr style=\"height: 63px;\">\n<td style=\"width: 20%; height: 63px; background-color: #ffffff; border-style: none;\"><\/td>\n<td style=\"width: 20%; height: 63px; border-style: solid; border-color: #000000;\"><a href=\"https:\/\/aplicacions.gestioeducativa.gencat.cat\/ords\/pls\/soloas\/pk_for_mod_ins.p_for_detall_activitat?p_header=Llista%20d%27activitats%5Epk_for_mod_ins.p_for_cons_activitats?p_any=2024-2025%26p_totes=N%26p_inici=81%26p_excloure_crp_rec=T&amp;p_codi=0005120600&amp;p_curs=2024-2025&amp;p_excloure_crp_rec=T\" target=\"_blank\" rel=\"noopener\"><span style=\"font-weight: 400;\"><span style=\"text-decoration: underline;\"><strong><span style=\"color: #2f5d5d;\">Gesti\u00f3 i desenvolupament de les auditories integrades ISO 9001, 14001 i 45001<\/span><\/strong><\/span><\/span><\/a><\/td>\n<td style=\"width: 20%; height: 63px; border-style: solid; border-color: #000000;\"><a href=\"https:\/\/aplicacions.gestioeducativa.gencat.cat\/ords\/pls\/soloas\/pk_for_mod_ins.p_for_detall_activitat?p_header=Llista%20d%27activitats%5Epk_for_mod_ins.p_for_cons_activitats?p_any=2024-2025%26p_totes=N%26p_inici=61%26p_excloure_crp_rec=T&amp;p_codi=0004530600&amp;p_curs=2024-2025&amp;p_excloure_crp_rec=T\" target=\"_blank\" rel=\"noopener\"><span style=\"font-weight: 400;\"><span style=\"text-decoration: underline;\"><strong><span style=\"color: #2f5d5d;\">GQA: 2-Gesti\u00f3 dels indicadors amb l&#8217;eina EPIQ<\/span><\/strong><\/span><\/span><\/a><\/td>\n<td style=\"width: 20%; height: 63px; border-style: solid; border-color: #000000;\"><a href=\"https:\/\/aplicacions.gestioeducativa.gencat.cat\/ords\/pls\/soloas\/pk_for_mod_ins.p_for_detall_activitat?p_header=Llista%20d%27activitats%5Epk_for_mod_ins.p_for_cons_activitats?p_any=2024-2025%26p_totes=N%26p_inici=61%26p_excloure_crp_rec=T&amp;p_codi=0004530600&amp;p_curs=2024-2025&amp;p_excloure_crp_rec=T\" target=\"_blank\" rel=\"noopener\"><span style=\"font-weight: 400;\"><span style=\"text-decoration: underline;\"><strong><span style=\"color: #2f5d5d;\">GQA: 3-La gesti\u00f3 de la revisi\u00f3 a c\u00e0rrec de la direcci\u00f3 en un centre educatiu<\/span><\/strong><\/span><\/span><\/a><\/td>\n<td style=\"width: 20%; height: 63px; border-style: solid; border-color: #000000;\"><a href=\"https:\/\/aplicacions.gestioeducativa.gencat.cat\/ords\/pls\/soloas\/pk_for_mod_ins.p_for_detall_activitat?p_header=Llista%20d%27activitats%5Epk_for_mod_ins.p_for_cons_activitats?p_any=2024-2025%26p_totes=N%26p_inici=41%26p_excloure_crp_rec=T&amp;p_codi=0004420600&amp;p_curs=2024-2025&amp;p_excloure_crp_rec=T\" target=\"_blank\" rel=\"noopener\"><span style=\"font-weight: 400;\"><span style=\"text-decoration: underline;\"><strong><span style=\"color: #2f5d5d;\">El model e2cat: introducci\u00f3, autoavaluaci\u00f3 i redacci\u00f3 de mem\u00f2ria<\/span><\/strong><\/span><\/span><\/a><\/td>\n<\/tr>\n<tr style=\"height: 32px;\">\n<td style=\"width: 20%; height: 32px; background-color: #ffffff; border-color: #FFFFFF; border-style: none;\"><\/td>\n<td style=\"width: 20%; height: 32px; border-style: solid; border-color: #000000;\">Marta Monreal<\/td>\n<td style=\"width: 20%; height: 32px; border-style: solid; border-color: #000000;\">Xavier Damunt<\/td>\n<td style=\"width: 20%; height: 32px; border-style: solid; border-color: #000000;\">Jordi Sabat\u00e9<\/td>\n<td style=\"width: 20%; height: 32px; border-style: solid; border-color: #000000;\">Dolors Calabuig<\/td>\n<\/tr>\n<tr style=\"height: 63px;\">\n<td style=\"width: 20%; height: 63px; border-style: none; background-color: #ffffff;\"><\/td>\n<td style=\"width: 20%; height: 63px; background-color: #ffffff; border-style: none;\"><\/td>\n<td style=\"width: 20%; height: 63px; border-style: solid; border-color: #000000;\"><a href=\"https:\/\/aplicacions.gestioeducativa.gencat.cat\/ords\/pls\/soloas\/pk_for_mod_ins.p_for_detall_activitat?p_header=Llista%20d%27activitats%5Epk_for_mod_ins.p_for_cons_activitats?p_any=2024-2025%26p_totes=N%26p_inici=91%26p_excloure_crp_rec=T&amp;p_codi=0004950600&amp;p_curs=2024-2025&amp;p_excloure_crp_rec=T\" target=\"_blank\" rel=\"noopener\"><span style=\"font-weight: 400;\"><span style=\"text-decoration: underline;\"><strong><span style=\"color: #2f5d5d;\">Gesti\u00f3 documental de qualitat amb eines Google, web, Moodle<\/span><\/strong><\/span><\/span><\/a><\/td>\n<td style=\"width: 20%; height: 63px; background-color: #ffffff; border-style: none;\"><\/td>\n<td style=\"width: 20%; height: 63px; background-color: #ffffff; border-style: none;\"><\/td>\n<\/tr>\n<tr style=\"height: 32px;\">\n<td style=\"width: 20%; height: 32px; border-style: none;\"><\/td>\n<td style=\"width: 20%; height: 32px; border-style: none; background-color: #ffffff;\"><\/td>\n<td style=\"width: 20%; height: 32px; border-style: solid; border-color: #000000;\">Ricardo Mart\u00ednez<\/td>\n<td style=\"width: 20%; height: 32px; border-style: none;\"><\/td>\n<td style=\"width: 20%; height: 32px; border-style: none;\"><\/td>\n<\/tr>\n<\/tbody>\n<\/table>\n<p><strong style=\"font-family: inherit; font-size: 1em;\">5. Certificaci\u00f3 de Qualitat del servei de Formaci\u00f3 Professional en alternan\u00e7<\/strong><strong style=\"font-family: inherit; font-size: 1em;\">a dual i intensiva que presten els centres a trav\u00e9s de les organitzacions.<\/strong><\/p>\n<div>\n<p><span style=\"color: #000000;\">Es continua treballant per a que m\u00e9s empreses i organismes equiparats rebin la certificaci\u00f3 en qualitat en el servei dual que presten com a una col\u00b7laboraci\u00f3 en el desenvolupament del proc\u00e9s d&#8217;Ensenyament i Aprenentatge que l&#8217;alumnat rep des del centre educatiu.<\/span><\/p>\n<p>Animem a les persones que porten la coordinaci\u00f3 de qualitat i la coordinaci\u00f3 centre educatiu-empresa per a que impulseu el <a href=\"https:\/\/sites.google.com\/xtec.cat\/qualitatfpdual\/\" target=\"_blank\" rel=\"noopener\"><span style=\"font-weight: 400;\"><span style=\"text-decoration: underline;\"><strong><span style=\"color: #2f5d5d;\">procediment de certificaci\u00f3<\/span><\/strong><\/span><\/span><\/a> amb alguna de les empreses amb qu\u00e8 teniu una bona relaci\u00f3 i consolidada l&#8217;alian\u00e7a.<\/p>\n<p>Si necessiteu acompanyament en aquest proc\u00e9s, nom\u00e9s cal que contacteu a trav\u00e9s de \u00a0<strong><span style=\"color: #0000ff;\"><a style=\"color: #0000ff;\" href=\"mailto:fpqualitat@xtec.cat\" target=\"_blank\" rel=\"noopener\"><span style=\"font-weight: 400;\"><span style=\"text-decoration: underline;\"><span style=\"color: #2f5d5d;\">fpqualitat@xtec.cat <\/span><\/span><\/span><\/a><\/span><\/strong>o a <strong><span style=\"color: #0000ff;\"><a style=\"color: #0000ff;\" href=\"mailto:gestiofpdual.educacio@gencat.cat\" target=\"_blank\" rel=\"noopener\"><span style=\"font-weight: 400;\"><span style=\"text-decoration: underline;\"><span style=\"color: #2f5d5d;\">gestiofpdual.educacio@gencat.cat<\/span><\/span><\/span><\/a><\/span><\/strong> \u00a0 i ens dieu.<\/p>\n<p><a style=\"font-family: inherit; font-size: 1em;\" href=\"https:\/\/sites.google.com\/xtec.cat\/qualitatfpdual\/organitzacions\" target=\"_blank\" rel=\"noopener\"><span style=\"text-decoration: underline;\"><strong><span style=\"color: #2f5d5d; text-decoration: underline;\">A hores d&#8217;ara hi ha 32 organitzacions Excel\u00b7lents i 61 certificacions<\/span><\/strong><\/span><\/a><span style=\"color: #999999; font-family: inherit; font-size: 1em; text-align: justify;\">.<\/span><\/p>\n<\/div>\n<div>\n<p style=\"text-align: justify;\"><span class=\"C9DxTc \">Aquesta certificaci\u00f3 \u00e9s un reconeixement a l\u2019esfor\u00e7 de l<\/span><span class=\"C9DxTc \">es organitzacions<\/span><span class=\"C9DxTc \">\u00a0per promocionar el desenvolupament d<\/span><span class=\"C9DxTc \">e la formaci\u00f3 dual<\/span><span class=\"C9DxTc \"> (r\u00e8gim intensiu) i la qualitat del servei prestat. <\/span><span class=\"C9DxTc \">A trav\u00e9s d\u2019aquesta iniciativa,\u00a0<\/span><span class=\"C9DxTc \">es<\/span><span class=\"C9DxTc \">\u00a0vol conscienciar el teixit empresarial, els<\/span><span class=\"C9DxTc \"> centres educatius, les organitzacions i la societat, de la necessitat d\u2019impulsar una formaci\u00f3 professional dual (r\u00e8gim intensiu) de qualitat, que contribueixi a reduir la desocupaci\u00f3, millorar la competitivitat de les empreses i acostar el m\u00f3n empresarial i l\u2019educatiu.<\/span><\/p>\n<p style=\"text-align: justify;\"><span style=\"color: #000000;\">Recordeu que tota la informaci\u00f3 referent al procediment de certificaci\u00f3 en els nivells de Comprom\u00eds, Assegurament i Excel\u00b7l\u00e8ncia i com optar a les possibles bonificacions de\u00a0<strong>CaixaBank\u00a0<\/strong><em><strong>Dualitza<\/strong><\/em>\u00a0la trobareu en el nostre\u00a0<strong><a style=\"color: #000000;\" href=\"https:\/\/sites.google.com\/xtec.cat\/qualitatfpdual\/inici\" target=\"_blank\" rel=\"noopener\"><span style=\"font-weight: 400;\"><span style=\"text-decoration: underline;\"><span style=\"color: #2f5d5d;\">Site<\/span><\/span><\/span><\/a><\/strong>.<\/span><\/p>\n<p><a href=\"https:\/\/sites.google.com\/xtec.cat\/qualitatfpdual\/inici\" target=\"_blank\" rel=\"noopener\"><img loading=\"lazy\" decoding=\"async\" class=\"aligncenter wp-image-13086 size-full\" src=\"https:\/\/projectes.xtec.cat\/qualitatfp\/wp-content\/uploads\/usu772\/2024\/11\/IMATGE-CERTIFICACIO-EMPRESES.jpg\" alt=\"\" width=\"1382\" height=\"312\" srcset=\"https:\/\/projectes.xtec.cat\/qualitatfp\/wp-content\/uploads\/usu772\/2024\/11\/IMATGE-CERTIFICACIO-EMPRESES.jpg 1382w, https:\/\/projectes.xtec.cat\/qualitatfp\/wp-content\/uploads\/usu772\/2024\/11\/IMATGE-CERTIFICACIO-EMPRESES-300x68.jpg 300w, https:\/\/projectes.xtec.cat\/qualitatfp\/wp-content\/uploads\/usu772\/2024\/11\/IMATGE-CERTIFICACIO-EMPRESES-1024x231.jpg 1024w, https:\/\/projectes.xtec.cat\/qualitatfp\/wp-content\/uploads\/usu772\/2024\/11\/IMATGE-CERTIFICACIO-EMPRESES-768x173.jpg 768w\" sizes=\"auto, (max-width: 1382px) 100vw, 1382px\" \/><\/a><br \/>\nTamb\u00e9 a l\u2019Odissea al\u00a0<strong><span style=\"color: #0000ff;\"><a style=\"color: #0000ff;\" href=\"https:\/\/odissea.xtec.cat\/course\/view.php?id=2290\" target=\"_blank\" rel=\"noopener\"><span style=\"font-weight: 400;\"><span style=\"text-decoration: underline;\"><span style=\"color: #2f5d5d;\">curs del Projecte de Qualitat i Millora Cont\u00ednua <\/span><\/span><\/span><\/a><\/span><\/strong>i a la nostra\u00a0<span style=\"color: #0000ff;\"><strong><a style=\"color: #0000ff;\" href=\"https:\/\/projectes.xtec.cat\/qualitatfp\/\" target=\"_blank\" rel=\"noopener\"><span style=\"font-weight: 400;\"><span style=\"text-decoration: underline;\"><span style=\"color: #2f5d5d;\">p\u00e0gina web<\/span><\/span><\/span><\/a><\/strong>.<\/span><\/p>\n<p>Per dubtes i consultes ens podeu escriure al correu \u00a0<strong><span style=\"color: #0000ff;\"><a style=\"color: #0000ff;\" href=\"mailto:fpqualitat@xtec.cat\" target=\"_blank\" rel=\"noopener\"><span style=\"font-weight: 400;\"><span style=\"text-decoration: underline;\"><span style=\"color: #2f5d5d;\">fpqualitat@xtec.cat<\/span><\/span><\/span><\/a><\/span><\/strong>o a <strong><span style=\"color: #0000ff;\"><a style=\"color: #0000ff;\" href=\"mailto:gestiofpdual.educacio@gencat.cat\" target=\"_blank\" rel=\"noopener\"><span style=\"font-weight: 400;\"><span style=\"text-decoration: underline;\"><span style=\"color: #2f5d5d;\">gestiofpdual.educacio@gencat.cat<\/span><\/span><\/span><\/a><\/span><\/strong><\/p>\n<p><img loading=\"lazy\" decoding=\"async\" class=\"aligncenter wp-image-13043 \" src=\"https:\/\/projectes.xtec.cat\/qualitatfp\/wp-content\/uploads\/usu772\/2024\/10\/ELS-3-LOGOS.jpg\" alt=\"\" width=\"270\" height=\"117\" srcset=\"https:\/\/projectes.xtec.cat\/qualitatfp\/wp-content\/uploads\/usu772\/2024\/10\/ELS-3-LOGOS.jpg 758w, https:\/\/projectes.xtec.cat\/qualitatfp\/wp-content\/uploads\/usu772\/2024\/10\/ELS-3-LOGOS-300x130.jpg 300w\" sizes=\"auto, (max-width: 270px) 100vw, 270px\" \/><\/p>\n<p><strong style=\"color: #000000; font-family: inherit; font-size: 1em;\">6. CURSOS FIC<\/strong><\/p>\n<\/div>\n<p>Recordeu que podeu gestionar a trav\u00e9s del PQiMC cursos FIC (Formaci\u00f3 interna de centre). Les caracter\u00edstiques dels cursos FIC m\u00e9s rellevants s\u00f3n: 30 h de formaci\u00f3 m\u00ednima, de les quals es poden fer entre 3 i 6 hores de suport amb un formador extern, que far\u00e0 alguna sessi\u00f3 presencial\/virtual i us pot ajudar a organitzar\/seguir el curs. La resta d\u2019hores del curs seran impartides per un formador intern del vostre centre amb el suport dels materials formatius que trobareu en un aula Moodle que us podem facilitar des del Projecte.<br \/>\nPer m\u00e9s informaci\u00f3 us podeu adre\u00e7ar a:\u00a0<strong>fpqualitat@xtec.cat<\/strong><\/p>\n<p><strong>7. Com publicar not\u00edcies al nostre NODES<\/strong><\/p>\n<p style=\"text-align: justify;\">Seguim interessats en qu\u00e8 pugueu publicar not\u00edcies al nostre NODES relacionades amb la qualitat: si esteu fent formaci\u00f3 pel claustre, si heu certificat per primer cop ISO 9001, ISO 14001 i\/o ISO 45001, si esteu redactant la mem\u00f2ria o us presenteu al contrast del model e2cat, si voleu aconseguir altres certificacions, si certifiqueu alguna empresa en el servei d\u2019FP dual, si participeu en alguna jornada o concurs amb relaci\u00f3 a la gesti\u00f3, o qualsevol bona pr\u00e0ctica <span style=\"color: #ff0000;\"><span style=\"color: #000000;\">interessant en relaci\u00f3 a la gesti\u00f3 de centres<\/span>.<\/span><\/p>\n<p style=\"text-align: justify;\">A l\u2019apartat de Recursos del nostre NODES hi trobar\u00e0s tamb\u00e9 el\u00a0<span style=\"text-decoration: underline;\"><strong><span style=\"color: #0000ff; text-decoration: underline;\"><a style=\"color: #0000ff; text-decoration: underline;\" href=\"https:\/\/drive.google.com\/file\/d\/1zXarqEWdhFUQJvNp0XcXrdBILwgsZH7R\/view?pli=1\" target=\"_blank\" rel=\"noopener\"><span style=\"color: #2f5d5d;\">Tutorial<\/span><\/a><\/span><span style=\"color: #0000ff; text-decoration: underline;\">.<\/span><\/strong><\/span><\/p>\n<p><img loading=\"lazy\" decoding=\"async\" class=\"aligncenter\" src=\"https:\/\/projectes.xtec.cat\/qualitatfp\/wp-content\/uploads\/usu772\/2022\/03\/nodes.png\" width=\"543\" height=\"225\" \/><\/p>\n<div>\n<div>\n<p><span style=\"color: #333333;\"><strong>8. Normativa:<\/strong><\/span><\/p>\n<table style=\"width: 100%; border-collapse: collapse; border-style: solid; border-color: #000000;\">\n<tbody>\n<tr>\n<td style=\"width: 100%; border-color: #000000;\">\n<h5><span style=\"text-decoration: underline;\"><strong>INFORMACIONS<\/strong><\/span><\/h5>\n<\/td>\n<\/tr>\n<\/tbody>\n<\/table>\n<\/div>\n<\/div>\n<\/div>\n<p><a href=\"https:\/\/espai.educacio.gencat.cat\/Departament\/Comunicacio\/Noticies\/Pagines\/Reconeixement-estadis-personal-docent.aspx\" target=\"_blank\" rel=\"noopener\"><span style=\"font-weight: 400;\"><span style=\"text-decoration: underline;\"><strong><span style=\"color: #2f5d5d;\"><strong>Publicaci\u00f3 de la llista provisional d&#8217;admesos per al reconeixement d&#8217;estadis<\/strong><\/span><\/strong><\/span><\/span><\/a><\/p>\n<p><a href=\"https:\/\/www.educaweb.com\/noticia\/2025\/04\/24\/cada-familia-fp-sus-protagonistas-revista-ahorafp-educaweb-21823\/\" target=\"_blank\" rel=\"noopener\"><span style=\"font-weight: 400;\"><span style=\"text-decoration: underline;\"><strong><span style=\"color: #2f5d5d;\"><strong>Cada familia de FP explicada por sus protagonistas en la revista AhoraFP de Educaweb<\/strong><\/span><\/strong><\/span><\/span><\/a><\/p>\n<div>\n<p><a href=\"https:\/\/espai.educacio.gencat.cat\/Departament\/Comunicacio\/Noticies\/Pagines\/Esfera-avaluacio-cicles.aspx\" target=\"_blank\" rel=\"noopener\"><span style=\"font-weight: 400;\"><span style=\"text-decoration: underline;\"><strong><span style=\"color: #2f5d5d;\">Gesti\u00f3 de l&#8217;avaluaci\u00f3 final dels cicles formatius a Esfer@<\/span><\/strong><\/span><\/span><\/a><\/p>\n<\/div>\n<p><strong><a href=\"https:\/\/educacio.gencat.cat\/ca\/departament\/publicacions\/documents-tecnics\/debat-futur-educacio-llarg-vida\/\" target=\"_blank\" rel=\"noopener\"><span style=\"font-weight: 400;\"><span style=\"text-decoration: underline;\"><strong><span style=\"color: #2f5d5d;\">Proc\u00e9s de debat i definici\u00f3 del futur de l\u2019educaci\u00f3 al llarg de la vida<\/span><\/strong><\/span><\/span><\/a>. <\/strong>Nova publicaci\u00f3 del Departament<\/p>\n<p><a href=\"https:\/\/espai.educacio.gencat.cat\/Departament\/Comunicacio\/Noticies\/Pagines\/actualitzar-certificat-fnmt.aspx\" target=\"_blank\" rel=\"noopener\"><span style=\"font-weight: 400;\"><span style=\"text-decoration: underline;\"><strong><span style=\"color: #2f5d5d;\"><strong>Un certificat de l&#8217;FNMT actualitzat, requisit clau per als tr\u00e0mits dels centres<\/strong><\/span><\/strong><\/span><\/span><\/a><\/p>\n<p><a href=\"https:\/\/govern.cat\/salapremsa\/notes-premsa\/695902\/m-400-alumnes-140-instituts-catalans-dfp-participen-al-campionat-catskills-2025\" target=\"_blank\" rel=\"noopener\"><span style=\"font-weight: 400;\"><span style=\"text-decoration: underline;\"><strong><span style=\"color: #2f5d5d;\"><strong>M\u00e9s de 400 alumnes de 140 instituts catalans d&#8217;FP participen al campionat Catskills 2025<\/strong><\/span><\/strong><\/span><\/span><\/a><\/p>\n<p><a href=\"https:\/\/govern.cat\/salapremsa\/notes-premsa\/695542\/entra-marxa-simulador-preinscripcio-als-cicles-formacio-professional\" target=\"_blank\" rel=\"noopener\"><span style=\"font-weight: 400;\"><span style=\"text-decoration: underline;\"><strong><span style=\"color: #2f5d5d;\"><strong>Entra en marxa el simulador de la preinscripci\u00f3 per als cicles de formaci\u00f3 professional\u00a0\u00a0<\/strong><\/span><\/strong><\/span><\/span><\/a><\/p>\n<div>\n<div>\n<table style=\"width: 100%; border-collapse: collapse; border-style: solid; border-color: #000000;\">\n<tbody>\n<tr>\n<td style=\"width: 100%; border-color: #000000;\">\n<h5><span style=\"text-decoration: underline;\"><span style=\"color: #000000;\"><strong>DOGC<\/strong><\/span><\/span><\/h5>\n<\/td>\n<\/tr>\n<\/tbody>\n<\/table>\n<\/div>\n<\/div>\n<div>\n<p><a href=\"https:\/\/dogc.gencat.cat\/ca\/document-del-dogc\/?documentId=1012760\" target=\"_blank\" rel=\"noopener\"><span style=\"font-weight: 400;\"><span style=\"text-decoration: underline;\"><strong><span style=\"color: #2f5d5d;\">Resoluci\u00f3 EDF\/1519\/2025<\/span><\/strong><\/span><\/span><\/a>, de 24 d&#8217;abril, per la qual<strong>\u00a0es dicten les instruccions sobre l&#8217;adjudicaci\u00f3 de destinacions provisionals amb efectes d&#8217;1 de setembre de 2025\u00a0<\/strong><\/p>\n<p><a href=\"https:\/\/dogc.gencat.cat\/ca\/document-del-dogc\/?documentId=1012346\" target=\"_blank\" rel=\"noopener\"><span style=\"font-weight: 400;\"><span style=\"text-decoration: underline;\"><strong><span style=\"color: #2f5d5d;\">Resoluci\u00f3 EDF\/1446\/2025<\/span><\/strong><\/span><\/span><\/a>, de 16 d&#8217;abril, per la qual\u00a0es modifiquen els annexos 3 i 5 de la Resoluci\u00f3 EDF\/889\/2025<\/p>\n<p><a href=\"https:\/\/dogc.gencat.cat\/ca\/document-del-dogc\/?documentId=1012336\" target=\"_blank\" rel=\"noopener\"><span style=\"font-weight: 400;\"><span style=\"text-decoration: underline;\"><strong><span style=\"color: #2f5d5d;\">Ordre EDF\/60\/2025<\/span><\/strong><\/span><\/span><\/a>, de 15 d&#8217;abril, per la qual\u00a0s&#8217;estableix el reconeixement de centres, personal docent i personal d&#8217;atenci\u00f3 educativa que participen en programes d&#8217;innovaci\u00f3 educativa i s&#8217;aproven les bases generals reguladores de la convocat\u00f2ria unificada d&#8217;aquests programes corresponent al curs 2025-2026<\/p>\n<p><a href=\"https:\/\/dogc.gencat.cat\/ca\/document-del-dogc\/?documentId=1011802\" target=\"_blank\" rel=\"noopener\"><span style=\"font-weight: 400;\"><span style=\"text-decoration: underline;\"><strong><span style=\"color: #2f5d5d;\">Resoluci\u00f3 EDF\/1323\/2025<\/span><\/strong><\/span><\/span><\/a>, de 8 d&#8217;abril, per la qual\u00a0es modifica la Resoluci\u00f3 EDF\/4245\/2024, de 26 de novembre, dels efectes de la superaci\u00f3 dels programes de formaci\u00f3 i inserci\u00f3<\/p>\n<p><a href=\"https:\/\/dogc.gencat.cat\/ca\/document-del-dogc\/?documentId=1011571\" target=\"_blank\" rel=\"noopener\"><span style=\"font-weight: 400;\"><span style=\"text-decoration: underline;\"><strong><span style=\"color: #2f5d5d;\">Ordre EDF\/56\/2025,<\/span><\/strong><\/span><\/span><\/a> de 8 d&#8217;abril,\u00a0per la qual es modifica l&#8217;Ordre ENS\/330\/2014, de 6 de novembre, del procediment de promoci\u00f3 docent per estadis<\/p>\n<p><a href=\"https:\/\/dogc.gencat.cat\/ca\/document-del-dogc\/?documentId=1011743\" target=\"_blank\" rel=\"noopener\"><span style=\"font-weight: 400;\"><span style=\"text-decoration: underline;\"><strong><span style=\"color: #2f5d5d;\">Resoluci\u00f3 EDF\/1324\/2025<\/span><\/strong><\/span><\/span><\/a>, de 8 d&#8217;abril, per la qual\u00a0es prorroga el Programa temporal del servei d&#8217;acreditaci\u00f3 de compet\u00e8ncies professionals<\/p>\n<p><a href=\"https:\/\/dogc.gencat.cat\/ca\/document-del-dogc\/?documentId=1011128\" target=\"_blank\" rel=\"noopener\"><span style=\"font-weight: 400;\"><span style=\"text-decoration: underline;\"><strong><span style=\"color: #2f5d5d;\">Edicte d\u20191 d\u2019abril de 2025<\/span><\/strong><\/span><\/span><\/a>, pel qual se sotmet a informaci\u00f3 p\u00fablica el Projecte d\u2019ordre per la qual s&#8217;estableixen, s&#8217;actualitzen i se suprimeixen diverses qualificacions professionals de l\u2019any 2024 en el Cat\u00e0leg de qualificacions professionals de Catalunya i en el Cat\u00e0leg modular integrat de formaci\u00f3 professional<\/p>\n<\/div>\n<div><\/div>\n<div>\n<table style=\"width: 100%; border-collapse: collapse; border-style: solid; border-color: #000000;\">\n<tbody>\n<tr>\n<td style=\"width: 100%; border-color: #000000;\">\n<h5><span style=\"text-decoration: underline;\"><strong>BOE<\/strong><\/span><\/h5>\n<\/td>\n<\/tr>\n<\/tbody>\n<\/table>\n<\/div>\n<p><a href=\"https:\/\/www.boe.es\/diario_boe\/txt.php?id=BOE-B-2025-15040\" target=\"_blank\" rel=\"noopener\"><span style=\"font-weight: 400;\"><span style=\"text-decoration: underline;\"><strong><span style=\"color: #2f5d5d;\">Resoluci\u00f3 per la qual es convoquen ajudes per a alumnes amb necessitat espec\u00edfica de suport educatiu per al curs acad\u00e8mic 2025-2026<\/span><\/strong><\/span><\/span><\/a><\/p>\n<div>\n<table style=\"width: 100%; border-collapse: collapse; border-style: solid; border-color: #000000;\">\n<tbody>\n<tr>\n<td style=\"width: 100%; border-color: #000000;\">\n<h5><strong style=\"font-family: inherit; font-size: 1em;\">Enlla\u00e7os d\u2019inter\u00e8s<\/strong><\/h5>\n<\/td>\n<\/tr>\n<\/tbody>\n<\/table>\n<\/div>\n<p><a href=\"https:\/\/www.elperiodico.com\/es\/sociedad\/20250402\/alumnado-autista-duplicado-ultimos-cinco-anos-dificultad-diagnostico-115712408\" target=\"_blank\" rel=\"noopener\"><span style=\"font-weight: 400;\"><span style=\"text-decoration: underline;\"><strong><span style=\"color: #2f5d5d;\">L&#8217;alumnat autista es duplica en cinc anys a Catalunya: &#8220;Et sents desemparat per l&#8217;escola i el sistema de salut&#8221;<\/span><\/strong><\/span><\/span><\/a><\/p>\n<p><a href=\"https:\/\/www.3cat.cat\/324\/un-nou-curs-ensenya-als-joves-agricultors-a-gestionar-i-potenciar-el-negoci\/noticia\/3347347\/\" target=\"_blank\" rel=\"noopener\"><span style=\"font-weight: 400;\"><span style=\"text-decoration: underline;\"><strong><span style=\"color: #2f5d5d;\"><strong>Un nou curs ensenya als joves agricultors a gestionar i potenciar el negoci<\/strong><\/span><\/strong><\/span><\/span><\/a><\/p>\n<p><a href=\"https:\/\/www.educaciontrespuntocero.com\/entrevistas\/veronica-alvarez-steam\/\" target=\"_blank\" rel=\"noopener\"><span style=\"font-weight: 400;\"><span style=\"text-decoration: underline;\"><strong><span style=\"color: #2f5d5d;\">&#8220;Si les nenes no veuen dones liderant projectes, investigant o ensenyant STEAM, \u00e9s m\u00e9s dif\u00edcil que s&#8217;imaginin a si mateixes en aquests rols&#8221;<\/span><\/strong><\/span><\/span><\/a><\/p>\n<p><a href=\"https:\/\/www.elperiodico.com\/es\/sociedad\/20250422\/cruzada-institutos-cataluna-discursos-odio-fake-news-redes-sociales-116284989\" target=\"_blank\" rel=\"noopener\"><span style=\"font-weight: 400;\"><span style=\"text-decoration: underline;\"><strong><span style=\"color: #2f5d5d;\">Creuada als instituts contra l&#8217;odi i les &#8216;fake news&#8217;: &#8220;No tenen consci\u00e8ncia del que comparteixen a les xarxes&#8221;<\/span><\/strong><\/span><\/span><\/a><\/p>\n<p><a href=\"https:\/\/movicarga.com\/que-esperan-las-empresas-de-los-nuevos-tecnicos-de-fp\/\" target=\"_blank\" rel=\"noopener\"><span style=\"font-weight: 400;\"><span style=\"text-decoration: underline;\"><strong><span style=\"color: #2f5d5d;\">Qu\u00e8 esperen les empreses dels nous t\u00e8cnics de FP?<\/span><\/strong><\/span><\/span><\/a><\/p>\n<p><a href=\"https:\/\/www.elperiodico.com\/es\/sociedad\/20250416\/bachillerato-cataluna-cambios-curriculo-homologaciones-fusion-ciencias-treball-recerca-116439522\" target=\"_blank\" rel=\"noopener\"><span style=\"font-weight: 400;\"><span style=\"text-decoration: underline;\"><strong><span style=\"color: #2f5d5d;\">Catalunya mant\u00e9 els canvis a batxillerat: fusions en ci\u00e8ncies, menys optatives i perd pes el TR<\/span><\/strong><\/span><\/span><\/a><\/p>\n<p><a href=\"https:\/\/www.3cat.cat\/324\/el-govern-busca-talent-jove-oferira-2000-practiques-remunerades-el-curs-que-ve\/noticia\/3346765\/\" target=\"_blank\" rel=\"noopener\"><span style=\"font-weight: 400;\"><span style=\"text-decoration: underline;\"><strong><span style=\"color: #2f5d5d;\"><strong>El govern busca talent jove: oferir\u00e0 2.000 pr\u00e0ctiques remunerades el curs que ve<\/strong><\/span><\/strong><\/span><\/span><\/a><\/p>\n<p><a href=\"https:\/\/www.magisnet.com\/2025\/04\/carmen-llopis-debemos-disenar-modelos-de-innovacion-que-liberen-al-docente-de-tareas-administrativas\/\" target=\"_blank\" rel=\"noopener\"><span style=\"font-weight: 400;\"><span style=\"text-decoration: underline;\"><strong><span style=\"color: #2f5d5d;\">Carmen Llopis: &#8220;Hem de dissenyar models d&#8217;innovaci\u00f3 que alliberin el docent de tasques administratives&#8221;<\/span><\/strong><\/span><\/span><\/a><\/p>\n<p><a href=\"https:\/\/diarieducacio.cat\/educaciolocal\/2025\/04\/10\/projecte-dacompanyament-a-la-matricula-viva-o-com-facilitar-la-integracio-escolar-i-social-de-lalumnat-nouvingut\/\" target=\"_blank\" rel=\"noopener\"><span style=\"font-weight: 400;\"><span style=\"text-decoration: underline;\"><strong><span style=\"color: #2f5d5d;\">Projecte d\u2019Acompanyament a la Matr\u00edcula Viva o com facilitar la integraci\u00f3 escolar i social de l\u2019alumnat nouvingut<\/span><\/strong><\/span><\/span><\/a><\/p>\n<p><a href=\"https:\/\/diarieducacio.cat\/ingredients-per-millorar-la-professio-docent\/\" target=\"_blank\" rel=\"noopener\"><span style=\"font-weight: 400;\"><span style=\"text-decoration: underline;\"><strong><span style=\"color: #2f5d5d;\">Ingredients per millorar la professi\u00f3 docent<\/span><\/strong><\/span><\/span><\/a><\/p>\n<div>\n<div>\n<table style=\"width: 100%; border-collapse: collapse; border-color: #000000;\">\n<tbody>\n<tr>\n<td style=\"width: 100%; border-color: #000000;\">\n<h5><span style=\"text-decoration: underline;\"><strong>Gesti\u00f3 de Qualitat<\/strong><\/span><\/h5>\n<\/td>\n<\/tr>\n<\/tbody>\n<\/table>\n<\/div>\n<\/div>\n<p><a href=\"https:\/\/dbcalidad.blogspot.com\/2025\/04\/jugando-para-ganar-como-funciona.html\" target=\"_blank\" rel=\"noopener\"><span style=\"font-weight: 400;\"><span style=\"text-decoration: underline;\"><strong><span style=\"color: #2f5d5d;\">Jugant per a guanyar. Com funciona realment l\u2019Estrat\u00e8gia<\/span><\/strong><\/span><\/span><\/a> &#8211; Blog de\u00a0Jos\u00e9 Daniel Blanco Alonso<\/p>\n<p><a href=\"https:\/\/asesordecalidad.blogspot.com\/2025\/01\/tendencias-futuras-en-la-gestion-de.html\" target=\"_blank\" rel=\"noopener\"><span style=\"font-weight: 400;\"><span style=\"text-decoration: underline;\"><strong><span style=\"color: #2f5d5d;\">Tend\u00e8ncies futures en la gesti\u00f3 de Qualitat en base a la ISO 9001<\/span><\/strong><\/span><\/span><\/a> &#8211; Blog d\u2019Adriana G\u00f3mez Villoldo<\/p>\n<p><a href=\"https:\/\/www.pymesycalidad20.com\/procedimiento-elaborar-un-diagrama-de-escarabajo-para-caracterizar-procesos.html\" target=\"_blank\" rel=\"noopener\"><span style=\"font-weight: 400;\"><span style=\"text-decoration: underline;\"><strong><span style=\"color: #2f5d5d;\">Elaborar un diagrama d\u2019escarabat per caracteritzar processos<\/span><\/strong><\/span><\/span><\/a> \u2013 Blog de Daniel Jim\u00e9nez<\/p>\n<p><a href=\"https:\/\/blog.pro-optim.com\/ca\/sin-categoria-ca\/que-es-la-metodologia-agile-i-per-que-esta-de-moda\/\" target=\"_blank\" rel=\"noopener\"><span style=\"font-weight: 400;\"><span style=\"text-decoration: underline;\"><strong><span style=\"color: #2f5d5d;\">Qu\u00e8 \u00e9s la metodologia Agile i per qu\u00e8 est\u00e0 de moda?<\/span><\/strong><\/span><\/span><\/a> \u2013 Blog Pro-Optim<\/p>\n<div>\n<div>\n<div>\n<table style=\"border-collapse: collapse; width: 100%;\">\n<tbody>\n<tr>\n<td style=\"width: 100%; border-color: #000000;\">\n<h5><span style=\"text-decoration: underline;\"><strong>Gesti\u00f3 educativa<\/strong><\/span><\/h5>\n<\/td>\n<\/tr>\n<\/tbody>\n<\/table>\n<\/div>\n<\/div>\n<\/div>\n<p><a href=\"https:\/\/wise.fem.digital\/es\/\" target=\"_blank\" rel=\"noopener\"><span style=\"font-weight: 400;\"><span style=\"text-decoration: underline;\"><strong><span style=\"color: #2f5d5d;\">WISE (Dones en STEM i empoderament digital)<\/span><\/strong><\/span><\/span><\/a><\/p>\n<p><a href=\"https:\/\/www.educaweb.com\/premios\/\" target=\"_blank\" rel=\"noopener\"><span style=\"font-weight: 400;\"><span style=\"text-decoration: underline;\"><strong><span style=\"color: #2f5d5d;\">Premios Educaweb 2025 de Orientaci\u00f3n Acad\u00e9mica y Profesional!<\/span><\/strong><\/span><\/span><\/a><\/p>\n<p><a href=\"https:\/\/ciberespiral.org\/es\/informe-odite-2025\/\" target=\"_blank\" rel=\"noopener\"><span style=\"font-weight: 400;\"><span style=\"text-decoration: underline;\"><strong><span style=\"color: #2f5d5d;\">Informe ODITE 2025: Intel\u00b7lig\u00e8ncies connectades!<\/span><\/strong><\/span><\/span><\/a><\/p>\n<p><a href=\"https:\/\/edutechcluster.org\/eventos\/edutalk-orientacion-integral-conectado-educacion-y-futuro-profesional\/\" target=\"_blank\" rel=\"noopener\"><span style=\"font-weight: 400;\"><span style=\"text-decoration: underline;\"><strong><span style=\"color: #2f5d5d;\">EDUTALK &#8211; Orientaci\u00f3n Integral: Conectando Eduaci\u00f3n y Futuro Profesional<\/span><\/strong><\/span><\/span><\/a><\/p>\n<div>\n<div>\n<div>\n<table style=\"border-collapse: collapse; width: 100%;\">\n<tbody>\n<tr>\n<td style=\"width: 100%; border-color: #000000;\">\n<h5><span style=\"text-decoration: underline;\"><strong>Gesti\u00f3 en general<\/strong><\/span><\/h5>\n<\/td>\n<\/tr>\n<\/tbody>\n<\/table>\n<\/div>\n<\/div>\n<\/div>\n<p><a href=\"https:\/\/fundaciobofill.cat\/bofill-blog\/llistat\/reflexions-docent-series-histories-escola-3cat?utm_source=mailchimp&amp;utm_medium=email&amp;utm_term=&amp;utm_content=&amp;utm_campaign=&amp;utm_source=Subscripcions+fundaciobofill.cat&amp;utm_campaign=e9cd22cc15-EMAIL_CAMPAIGN_2025_04_09_01_39&amp;utm_medium=email&amp;utm_term=0_-e9cd22cc15-188747280\" target=\"_blank\" rel=\"noopener\"><span style=\"font-weight: 400;\"><span style=\"text-decoration: underline;\"><strong><span style=\"color: #2f5d5d;\">Reflexions d&#8217;una docent sobre &#8216;Hist\u00f2ries de l&#8217;escola&#8217;<\/span><\/strong><\/span><\/span><\/a><\/p>\n<p><a href=\"https:\/\/telos.fundaciontelefonica.com\/videos\/daniel-innerarity-la-ia-es-un-desafio-y-no-una-anulacion-de-la-creatividad-humana\/\" target=\"_blank\" rel=\"noopener\"><span style=\"font-weight: 400;\"><span style=\"text-decoration: underline;\"><strong><span style=\"color: #2f5d5d;\">Daniel Innerarity: \u00abLa IA \u00e9s un desafiament i no una anul\u00b7laci\u00f3 de la creativitat humana\u201d<\/span><\/strong><\/span><\/span><\/a><\/p>\n<p><a href=\"https:\/\/vallededempleo.wordpress.com\/2025\/04\/06\/ia-en-la-gestion-del-talento-una-oportunidad-para-empoderar-a-empleados-y-lideres\/\" target=\"_blank\" rel=\"noopener\"><span style=\"font-weight: 400;\"><span style=\"text-decoration: underline;\"><strong><span style=\"color: #2f5d5d;\">IA en la gesti\u00f3 del talent: una oportunitat per empoderar empleats i l\u00edders<\/span><\/strong><\/span><\/span><\/a><\/p>\n<p><a href=\"https:\/\/sociedaddelainnovacion.substack.com\/p\/cocrear-para-transformar-la-salud?img=https%3A%2F%2Fsubstack-post-media.s3.amazonaws.com%2Fpublic%2Fimages%2Ffd30f227-77aa-47bd-9ad2-c20f5998f0cd_1088x1088.png&amp;open=false\" target=\"_blank\" rel=\"noopener\"><span style=\"font-weight: 400;\"><span style=\"text-decoration: underline;\"><strong><span style=\"color: #2f5d5d;\">Newsletter<strong> #409<\/strong><\/span><\/strong><\/span><\/span><\/a>\u00a0 de la #SocietatdelaInnovaci\u00f3 per capacitar\u00a0#Mindshakers<\/p>\n<p><a href=\"https:\/\/franciscoalcaide.com\/blog-francisco-alcaide-2\/381-el-valor-de-disfrute-del-dinero-se-deprecia-con-el-tiempo-2\" target=\"_blank\" rel=\"noopener\"><span style=\"font-weight: 400;\"><span style=\"text-decoration: underline;\"><strong><span style=\"color: #2f5d5d;\">Les causes per les quals no aconsegueixes els teus objectius &#8211;<\/span><\/strong><\/span><\/span><\/a>\u00a0 Blog de Francisco Alcaide<\/p>\n<p><a href=\"https:\/\/edutechcluster.org\/calendario\/\" target=\"_blank\" rel=\"noopener\"><span style=\"font-weight: 400;\"><span style=\"text-decoration: underline;\"><strong><span style=\"color: #2f5d5d;\"><img loading=\"lazy\" decoding=\"async\" class=\" wp-image-13530 alignleft\" src=\"https:\/\/projectes.xtec.cat\/qualitatfp\/wp-content\/uploads\/usu772\/2025\/04\/EDUTECHCLUSTER.jpg\" alt=\"\" width=\"149\" height=\"35\" srcset=\"https:\/\/projectes.xtec.cat\/qualitatfp\/wp-content\/uploads\/usu772\/2025\/04\/EDUTECHCLUSTER.jpg 320w, https:\/\/projectes.xtec.cat\/qualitatfp\/wp-content\/uploads\/usu772\/2025\/04\/EDUTECHCLUSTER-300x70.jpg 300w\" sizes=\"auto, (max-width: 149px) 100vw, 149px\" \/>Agenda Maig 2025<\/span><\/strong><\/span><\/span><\/a><\/p>\n","protected":false},"excerpt":{"rendered":"<p>N\u00famero 115, Maig 2025<br \/>\nBenvolgudes\/ts companyes\/s,<br \/>\nUs fem a mans el butllet\u00ed informatiu del PQiMC del mes de maig desitjant que estigueu tots i totes molt b\u00e9 i ben animats davant dels reptes del dia a dia. Ens teniu a la vostra disposici\u00f3 per tal d\u2019ajudar-vos en&hellip;  <a href=\"https:\/\/projectes.xtec.cat\/qualitatfp\/general\/butlleti-maig-2025\/\" title=\"Read Butllet\u00ed Maig 2025\">Llegeix m\u00e9s\u00bb<\/a><\/p>\n","protected":false},"author":1,"featured_media":13473,"comment_status":"open","ping_status":"closed","sticky":false,"template":"","format":"standard","meta":{"_bbp_topic_count":0,"_bbp_reply_count":0,"_bbp_total_topic_count":0,"_bbp_total_reply_count":0,"_bbp_voice_count":0,"_bbp_anonymous_reply_count":0,"_bbp_topic_count_hidden":0,"_bbp_reply_count_hidden":0,"_bbp_forum_subforum_count":0,"footnotes":""},"categories":[367,1,29],"tags":[],"class_list":["post-13462","post","type-post","status-publish","format-standard","has-post-thumbnail","hentry","category-butlleti","category-general","category-portada"],"post_mailing_queue_ids":[],"_links":{"self":[{"href":"https:\/\/projectes.xtec.cat\/qualitatfp\/wp-json\/wp\/v2\/posts\/13462","targetHints":{"allow":["GET"]}}],"collection":[{"href":"https:\/\/projectes.xtec.cat\/qualitatfp\/wp-json\/wp\/v2\/posts"}],"about":[{"href":"https:\/\/projectes.xtec.cat\/qualitatfp\/wp-json\/wp\/v2\/types\/post"}],"author":[{"embeddable":true,"href":"https:\/\/projectes.xtec.cat\/qualitatfp\/wp-json\/wp\/v2\/users\/1"}],"replies":[{"embeddable":true,"href":"https:\/\/projectes.xtec.cat\/qualitatfp\/wp-json\/wp\/v2\/comments?post=13462"}],"version-history":[{"count":7,"href":"https:\/\/projectes.xtec.cat\/qualitatfp\/wp-json\/wp\/v2\/posts\/13462\/revisions"}],"predecessor-version":[{"id":13644,"href":"https:\/\/projectes.xtec.cat\/qualitatfp\/wp-json\/wp\/v2\/posts\/13462\/revisions\/13644"}],"wp:featuredmedia":[{"embeddable":true,"href":"https:\/\/projectes.xtec.cat\/qualitatfp\/wp-json\/wp\/v2\/media\/13473"}],"wp:attachment":[{"href":"https:\/\/projectes.xtec.cat\/qualitatfp\/wp-json\/wp\/v2\/media?parent=13462"}],"wp:term":[{"taxonomy":"category","embeddable":true,"href":"https:\/\/projectes.xtec.cat\/qualitatfp\/wp-json\/wp\/v2\/categories?post=13462"},{"taxonomy":"post_tag","embeddable":true,"href":"https:\/\/projectes.xtec.cat\/qualitatfp\/wp-json\/wp\/v2\/tags?post=13462"}],"curies":[{"name":"wp","href":"https:\/\/api.w.org\/{rel}","templated":true}]}}