{"id":13500,"date":"2025-06-03T19:02:42","date_gmt":"2025-06-03T17:02:42","guid":{"rendered":"https:\/\/projectes.xtec.cat\/qualitatfp\/?p=13500"},"modified":"2025-06-15T13:21:06","modified_gmt":"2025-06-15T11:21:06","slug":"butlleti-juny-2025","status":"publish","type":"post","link":"https:\/\/projectes.xtec.cat\/qualitatfp\/general\/butlleti-juny-2025\/","title":{"rendered":"Butllet\u00ed Juny 2025"},"content":{"rendered":"<p><b><span style=\"font-size: 11.0pt; font-family: 'Arial',sans-serif;\">N\u00famero 116, Juny 2025<\/span><\/b><\/p>\n<p><b><span style=\"font-size: 11.0pt; font-family: 'Arial',sans-serif;\">Benvolguts\/des companys\/es,<\/span><\/b><\/p>\n<p><b>Us fem arribar el butllet\u00ed informatiu del PQiMC del mes de juny<\/b>\u00a0<span style=\"color: #000000;\">desitjant que estigueu molt b\u00e9 i a punt per anar tancant el curs. \u00a0Ens teniu a la vostra disposici\u00f3 per tal d\u2019ajudar-vos en tot all\u00f2 que sigui possible.<\/span><\/p>\n<p><img loading=\"lazy\" decoding=\"async\" class=\"wp-image-13508 alignleft\" src=\"https:\/\/projectes.xtec.cat\/qualitatfp\/wp-content\/uploads\/usu772\/2025\/04\/Simone-Weil.jpg\" alt=\"\" width=\"76\" height=\"85\" srcset=\"https:\/\/projectes.xtec.cat\/qualitatfp\/wp-content\/uploads\/usu772\/2025\/04\/Simone-Weil.jpg 426w, https:\/\/projectes.xtec.cat\/qualitatfp\/wp-content\/uploads\/usu772\/2025\/04\/Simone-Weil-268x300.jpg 268w\" sizes=\"auto, (max-width: 76px) 100vw, 76px\" \/><\/p>\n<p>&nbsp;<\/p>\n<p><strong>\u00abCal fer el possible per assolir all\u00f2 impossible<\/strong><strong>\u00bb\u00a0 Simone Weil<\/strong><\/p>\n<p>&nbsp;<\/p>\n<div>\n<p><strong>1. Enhorabona<\/strong><\/p>\n<p>Des del Projecte de Qualitat i Millora Cont\u00ednua volem felicitar a l&#8217;<a href=\"https:\/\/www.institutalexandredeulofeu.cat\/ca\" target=\"_blank\" rel=\"noopener\"><span style=\"font-weight: 400;\"><span style=\"text-decoration: underline;\"><strong><span style=\"color: #2f5d5d;\">Institut Alexandre Deulofeu<\/span><\/strong><\/span><\/span><\/a> (Figueres), l&#8217;<a href=\"https:\/\/agora.xtec.cat\/insrocagrossa\/\" target=\"_blank\" rel=\"noopener\"><span style=\"font-weight: 400;\"><span style=\"text-decoration: underline;\"><strong><span style=\"color: #2f5d5d;\">Institut Rocagrossa<\/span><\/strong><\/span><\/span><\/a> (Lloret de Mar), l&#8217;<a href=\"https:\/\/agora.xtec.cat\/iestremp\/\" target=\"_blank\" rel=\"noopener\"><span style=\"font-weight: 400;\"><span style=\"text-decoration: underline;\"><strong><span style=\"color: #2f5d5d;\">Institut de Tremp<\/span><\/strong><\/span><\/span><\/a>, l&#8217;<a href=\"https:\/\/agora.xtec.cat\/ies-severo-ochoa\/\" target=\"_blank\" rel=\"noopener\"><span style=\"font-weight: 400;\"><span style=\"text-decoration: underline;\"><strong><span style=\"color: #2f5d5d;\">Institut Severo Ochoa<\/span><\/strong><\/span><\/span><\/a> (Esplugues de Llobregat), l&#8217;<a href=\"http:\/\/www.ieb.cat\/\" target=\"_blank\" rel=\"noopener\"><span style=\"font-weight: 400;\"><span style=\"text-decoration: underline;\"><strong><span style=\"color: #2f5d5d;\">Institut de l&#8217;Esport de Barcelona<\/span><\/strong><\/span><\/span><\/a>, l&#8217;<a href=\"https:\/\/agora.xtec.cat\/ies-miquel-tarradell\/\" target=\"_blank\" rel=\"noopener\"><span style=\"font-weight: 400;\"><span style=\"text-decoration: underline;\"><strong><span style=\"color: #2f5d5d;\">Institut Miquel Tarradell<\/span><\/strong><\/span><\/span><\/a> (Barcelona), l&#8217;<a href=\"https:\/\/agora.xtec.cat\/ifp-alguero\/\" target=\"_blank\" rel=\"noopener\"><span style=\"font-weight: 400;\"><span style=\"text-decoration: underline;\"><strong><span style=\"color: #2f5d5d;\">IFP Antoni Alguer\u00f3<\/span><\/strong><\/span><\/span><\/a> (Sant Just Desvern) i l&#8217;<a href=\"https:\/\/agora.xtec.cat\/iesagustiserra\/\" target=\"_blank\" rel=\"noopener\"><span style=\"font-weight: 400;\"><span style=\"text-decoration: underline;\"><strong><span style=\"color: #2f5d5d;\">Institut Agust\u00ed Serra i Fontanet<\/span><\/strong><\/span><\/span><\/a> (Sabadell) que han obtingut la certificaci\u00f3 en <strong>ISO 9001<\/strong> del Sistema de Gesti\u00f3 del centre.<\/p>\n<p>Ja s\u00f3n <strong>166 centres<\/strong>\u00a0els certificats en aquesta norma.<\/p>\n<\/div>\n<p><strong>2. Jornada de Presentaci\u00f3 dels Programes per a Nous Centres<\/strong><\/p>\n<p>Els dies\u00a0<strong>10 i 11 de juny<\/strong> es celebra la jornada de presentaci\u00f3 dels\u00a0<a href=\"https:\/\/triaeducativa.gencat.cat\/ca\/viver-fp\/jornada-presentacio-programes-innovacio\/\" target=\"_blank\" rel=\"noopener\"><span style=\"font-weight: 400;\"><span style=\"text-decoration: underline;\"><strong><span style=\"color: #2f5d5d;\"><strong>programes d&#8217;innovaci\u00f3 educativa de la Subdirecci\u00f3 General de Programes i Projectes<\/strong><\/span><\/strong><\/span><\/span><\/a>, adre\u00e7ada als\u00a0<strong>centres sostinguts amb fons p\u00fablics que imparteixen FP a Catalunya<\/strong>.<\/p>\n<p><strong>La presentaci\u00f3 del nostre programa ser\u00e0 l&#8217;11 de juny<\/strong>\u00a0<strong>a les 13 h<\/strong> <strong><a href=\"https:\/\/teams.microsoft.com\/dl\/launcher\/launcher.html?url=%2F_%23%2Fl%2Fmeetup-join%2F19%3Ameeting_YmRkN2NhYTgtMGVjNy00OTY2LThiNTAtY2VmZDk2OWY0ZTVl%40thread.v2%2F0%3Fcontext%3D%257b%2522Tid%2522%253a%25223b9427dc-d30e-43bc-8c06-ff7253676fec%2522%252c%2522Oid%2522%253a%25222b3702e1-7f56-453a-af48-d3b3bc96d7f5%2522%257d%26anon%3Dtrue&amp;type=meetup-join&amp;deeplinkId=e594f7ad-e536-40a4-8764-5ae45bc17e9d&amp;directDl=true&amp;msLaunch=true&amp;enableMobilePage=true&amp;suppressPrompt=true\" target=\"_blank\" rel=\"noopener\"><span style=\"font-weight: 400;\"><span style=\"text-decoration: underline;\"><strong><span style=\"color: #2f5d5d;\">en l\u00ednia<\/span><\/strong><\/span><\/span><\/a><\/strong> per aquells centres que encara no participen al PQiMC i es vulguin incorporar el curs vinent, us donarem tota la informaci\u00f3 i resoldrem dubtes al respecte.<\/p>\n<p>Aquest \u00e9s l\u2019<a href=\"https:\/\/form.typeform.com\/to\/voVolD23\" target=\"_blank\" rel=\"noopener\"><span style=\"font-weight: 400;\"><span style=\"text-decoration: underline;\"><strong><span style=\"color: #2f5d5d;\">enlla\u00e7 d\u2019inscripci\u00f3<\/span><\/strong><\/span><\/span><\/a>.<\/p>\n<p>La resoluci\u00f3 amb tots els requisits est\u00e0 al portal de centres. Hi trobareu tots els programes d\u2019innovaci\u00f3, aneu al\u00a0<a href=\"https:\/\/espai.educacio.gencat.cat\/Centres\/Innovacio-pedagogica\/Programes\/Innovacio-FP\/Pagines\/default.aspx\" target=\"_blank\" rel=\"noopener\"><span style=\"font-weight: 400;\"><span style=\"text-decoration: underline;\"><strong><span style=\"color: #2f5d5d;\"><strong>CatFP<\/strong><\/span><\/strong><\/span><\/span><\/a>\u00a0i dins trobareu tots els programes i projectes de Formaci\u00f3 Professional. All\u00e0 hi\u00a0<a href=\"https:\/\/espai.educacio.gencat.cat\/Centres\/Innovacio-pedagogica\/Programes\/Innovacio-FP\/Projecte-qualitat-millora-continua\/Pagines\/default.aspx\" target=\"_blank\" rel=\"noopener\"><span style=\"font-weight: 400;\"><span style=\"text-decoration: underline;\"><strong><span style=\"color: #2f5d5d;\"><strong>trobareu el del PQiMC<\/strong><\/span><\/strong><\/span><\/span><\/a>.<\/p>\n<p><strong>3. Mem\u00f2ria de tancament del PQiMC 2024-2025<\/strong><\/p>\n<p>Per tal de certificar a les persones del claustre que han participat en el Programa de Qualitat i Millora Cont\u00ednua s\u2019hauran de realitzar les seg\u00fcents actuacions en els terminis proposats. Els enlla\u00e7os s\u2019obriran en els propers dies.<\/p>\n<p>1r. Introducci\u00f3 del professorat que tenen dret al certificat d\u2019innovaci\u00f3 del PQiMC a l\u2019aplicaci\u00f3 AGAI i signatura del pdf resultant per part del director\/a del centre. (<strong>del 2 de juny al 15<\/strong><b>\u00a0de juliol<\/b>)<\/p>\n<p>2n. Introducci\u00f3 dels 5 indicadors a l\u2019EPIQ i imprimir l\u2019informe resultant. (<b>abans del<\/b>\u00a0<b>15 de juliol<\/b>)<\/p>\n<p>3r. Omplir el formulari amb un resum dels resultats m\u00e9s importants i la documentaci\u00f3 justificativa a\u00a0<a href=\"https:\/\/docs.google.com\/forms\/d\/e\/1FAIpQLSecb1ks_8fz3EM59CIAWxwRyzoWcEq8I-OQ64XiMfWUQ1c2Fw\/viewform\" target=\"_blank\" rel=\"noopener\"><span style=\"font-weight: 400;\"><span style=\"text-decoration: underline;\"><strong><span style=\"color: #2f5d5d;\"><strong>Mem\u00f2ria del PQiMC del curs 2024-2025.\u00a0<\/strong><\/span><\/strong><\/span><\/span><\/a>(<b>del<\/b><strong>\u00a02 de juny al<\/strong><b>15 de juliol<\/b>)<\/p>\n<p><strong>4. Jornada de Cloenda<\/strong><\/p>\n<p>El proper <strong>25\/06\/2025 <\/strong>realitzarem, de forma presencial, la <strong>Jornada de Cloenda de tots els programes i projectes a la <a href=\"https:\/\/teatredelallotja.paeria.cat\/\" target=\"_blank\" rel=\"noopener\"><span style=\"font-weight: 400;\"><span style=\"text-decoration: underline;\"><strong><span style=\"color: #2f5d5d;\">Llotja de Lleida<\/span><\/strong><\/span><\/span><\/a>.<\/strong><\/p>\n<p><b>NO HI HAUR\u00c0 TANCAMENT DE CADA PROGRAMA A LA SEGONA PART.<\/b><\/p>\n<p>Tota la informaci\u00f3 del programa i i acc\u00e9s a la inscripci\u00f3 <strong><a href=\"https:\/\/triaeducativa.gencat.cat\/ca\/viver-fp\/jornada-cloenda-programes-innovacio\/\" target=\"_blank\" rel=\"noopener\"><span style=\"text-decoration: underline;\"><span style=\"color: #2f5d5d;\"><span style=\"color: #0000ff;\"><span style=\"text-decoration: underline;\"><span style=\"color: #2f5d5d;\">aqu\u00ed<\/span><\/span><\/span><\/span><\/span><\/a><\/strong><\/p>\n<p><strong>5. qCampusFP#2025 del 7 al 11 de juliol\u00a0 <\/strong><\/p>\n<p>Un curs m\u00e9s us presentem una nova edici\u00f3 del qCampusFP. <a href=\"https:\/\/sites.google.com\/xtec.cat\/qcampusfp-2025\/inici\" target=\"_blank\" rel=\"noopener\"><span style=\"font-weight: 400;\"><span style=\"text-decoration: underline;\"><strong><span style=\"color: #2f5d5d;\">Programa i inscripcions<\/span><\/strong><\/span><\/span><\/a>.<\/p>\n<p>A continuaci\u00f3 podeu trobar les formacions que, des del PQiMC, hem preparat per tots\/totes vosaltres amb els enlla\u00e7os per fer les inscripcions.<\/p>\n<p><strong>Tots els cursos que ofereix el programa de qualitat seran en l\u00ednia sincr\u00f2nics en horari de 9.00 a 14.00 h excepte el curs\u00a0<a href=\"https:\/\/aplicacions.gestioeducativa.gencat.cat\/ords\/pls\/soloas\/pk_for_mod_ins.p_for_detall_activitat?p_header=Llista%20d%27activitats%5Epk_for_mod_ins.p_for_cons_activitats?p_any=2024-2025%26p_totes=N%26p_inici=91%26p_excloure_crp_rec=T&amp;p_codi=0004950600&amp;p_curs=2024-2025&amp;p_excloure_crp_rec=T\" target=\"_blank\" rel=\"noopener\"><span style=\"font-weight: 400;\"><span style=\"text-decoration: underline;\"><strong><span style=\"color: #2f5d5d;\">Gesti\u00f3 documental de qualitat amb eines Google, web, Moodle<\/span><\/strong><\/span><\/span><\/a>\u00a0que es realitzar\u00e0 de 15 a 20 h.<\/strong><\/p>\n<p>El curs amb codi IQ \u00e9s de 15 h: tres sessions de 5 h cadascuna. A l\u2019igual que el curs amb codi GQA.<\/p>\n<p>La resta s\u00f3n cursos de 5 h (una sola sessi\u00f3).<\/p>\n<table>\n<tbody>\n<tr>\n<td><strong>DILLUNS 7<\/strong><\/td>\n<td><strong>DIMARTS 8<\/strong><\/td>\n<td><strong>DIMECRES 9<\/strong><\/td>\n<td><strong>DIJOUS 10<\/strong><\/td>\n<td><strong>DIVENDRES 11<\/strong><\/td>\n<\/tr>\n<tr>\n<td><a href=\"https:\/\/aplicacions.gestioeducativa.gencat.cat\/ords\/pls\/soloas\/pk_for_mod_ins.p_for_detall_activitat?p_header=Llista%20d%27activitats%5Epk_for_mod_ins.p_for_cons_activitats?p_any=2024-2025%26p_totes=N%26p_inici=51%26p_excloure_crp_rec=T&amp;p_codi=0004470600&amp;p_curs=2024-2025&amp;p_excloure_crp_rec=T\" target=\"_blank\" rel=\"noopener\"><span style=\"font-weight: 400;\"><span style=\"text-decoration: underline;\"><strong><span style=\"color: #2f5d5d;\"><strong>IQ: 1-Introducci\u00f3 a la gesti\u00f3 de qualitat en un centre educatiu<\/strong><\/span><\/strong><\/span><\/span><\/a><\/td>\n<td><a href=\"https:\/\/aplicacions.gestioeducativa.gencat.cat\/ords\/pls\/soloas\/pk_for_mod_ins.p_for_detall_activitat?p_header=Llista%20d%27activitats%5Epk_for_mod_ins.p_for_cons_activitats?p_any=2024-2025%26p_totes=N%26p_inici=61%26p_excloure_crp_rec=T&amp;p_codi=0004530600&amp;p_curs=2024-2025&amp;p_excloure_crp_rec=T\" target=\"_blank\" rel=\"noopener\"><span style=\"font-weight: 400;\"><span style=\"text-decoration: underline;\"><strong><span style=\"color: #2f5d5d;\"><strong>GQA: 1-Eines per la detecci\u00f3, l\u2019an\u00e0lisi i avaluaci\u00f3 dels riscos<\/strong><\/span><\/strong><\/span><\/span><\/a><\/td>\n<td><a href=\"https:\/\/aplicacions.gestioeducativa.gencat.cat\/ords\/pls\/soloas\/pk_for_mod_ins.p_for_detall_activitat?p_header=Llista%20d%27activitats%5Epk_for_mod_ins.p_for_cons_activitats?p_any=2024-2025%26p_totes=N%26p_inici=51%26p_excloure_crp_rec=T&amp;p_codi=0004470600&amp;p_curs=2024-2025&amp;p_excloure_crp_rec=T\" target=\"_blank\" rel=\"noopener\"><span style=\"font-weight: 400;\"><span style=\"text-decoration: underline;\"><strong><span style=\"color: #2f5d5d;\"><strong>IQ: 2-La gesti\u00f3 per processos<\/strong><\/span><\/strong><\/span><\/span><\/a><\/td>\n<td><a href=\"https:\/\/aplicacions.gestioeducativa.gencat.cat\/ords\/pls\/soloas\/pk_for_mod_ins.p_for_detall_activitat?p_header=Llista%20d%27activitats%5Epk_for_mod_ins.p_for_cons_activitats?p_any=2024-2025%26p_totes=N%26p_inici=51%26p_excloure_crp_rec=T&amp;p_codi=0004460600&amp;p_curs=2024-2025&amp;p_excloure_crp_rec=T\" target=\"_blank\" rel=\"noopener\"><span style=\"font-weight: 400;\"><span style=\"text-decoration: underline;\"><strong><span style=\"color: #2f5d5d;\"><strong>Introducci\u00f3 d\u2019un sistema integrat de gesti\u00f3 ISO 9001, ISO 14001, ISO 45001<\/strong><\/span><\/strong><\/span><\/span><\/a><\/td>\n<td><a href=\"https:\/\/aplicacions.gestioeducativa.gencat.cat\/ords\/pls\/soloas\/pk_for_mod_ins.p_for_detall_activitat?p_header=Llista%20d%27activitats%5Epk_for_mod_ins.p_for_cons_activitats?p_any=2024-2025%26p_totes=N%26p_inici=51%26p_excloure_crp_rec=T&amp;p_codi=0004470600&amp;p_curs=2024-2025&amp;p_excloure_crp_rec=T\" target=\"_blank\" rel=\"noopener\"><span style=\"font-weight: 400;\"><span style=\"text-decoration: underline;\"><strong><span style=\"color: #2f5d5d;\"><strong>IQ: 3-Auditories internes<\/strong><\/span><\/strong><\/span><\/span><\/a><\/td>\n<\/tr>\n<tr>\n<td>C\u00e8sar Riola<\/td>\n<td>Joan Daniel Subirats<\/td>\n<td>Nedi Bosch<\/td>\n<td>Pepita Oms<\/td>\n<td>Mar Costa<\/td>\n<\/tr>\n<tr>\n<td><\/td>\n<td><a href=\"https:\/\/aplicacions.gestioeducativa.gencat.cat\/ords\/pls\/soloas\/pk_for_mod_ins.p_for_detall_activitat?p_header=Llista%20d%27activitats%5Epk_for_mod_ins.p_for_cons_activitats?p_any=2024-2025%26p_totes=N%26p_inici=81%26p_excloure_crp_rec=T&amp;p_codi=0005120600&amp;p_curs=2024-2025&amp;p_excloure_crp_rec=T\" target=\"_blank\" rel=\"noopener\"><span style=\"font-weight: 400;\"><span style=\"text-decoration: underline;\"><strong><span style=\"color: #2f5d5d;\"><strong>Gesti\u00f3 i desenvolupament de les auditories integrades ISO 9001, 14001 i 45001<\/strong><\/span><\/strong><\/span><\/span><\/a><\/td>\n<td><a href=\"https:\/\/aplicacions.gestioeducativa.gencat.cat\/ords\/pls\/soloas\/pk_for_mod_ins.p_for_detall_activitat?p_header=Llista%20d%27activitats%5Epk_for_mod_ins.p_for_cons_activitats?p_any=2024-2025%26p_totes=N%26p_inici=61%26p_excloure_crp_rec=T&amp;p_codi=0004530600&amp;p_curs=2024-2025&amp;p_excloure_crp_rec=T\" target=\"_blank\" rel=\"noopener\"><span style=\"font-weight: 400;\"><span style=\"text-decoration: underline;\"><strong><span style=\"color: #2f5d5d;\"><strong>GQA: 2-Gesti\u00f3 dels indicadors amb l\u2019eina EPIQ<\/strong><\/span><\/strong><\/span><\/span><\/a><\/td>\n<td><a href=\"https:\/\/aplicacions.gestioeducativa.gencat.cat\/ords\/pls\/soloas\/pk_for_mod_ins.p_for_detall_activitat?p_header=Llista%20d%27activitats%5Epk_for_mod_ins.p_for_cons_activitats?p_any=2024-2025%26p_totes=N%26p_inici=61%26p_excloure_crp_rec=T&amp;p_codi=0004530600&amp;p_curs=2024-2025&amp;p_excloure_crp_rec=T\" target=\"_blank\" rel=\"noopener\"><span style=\"font-weight: 400;\"><span style=\"text-decoration: underline;\"><strong><span style=\"color: #2f5d5d;\"><strong>GQA: 3-La gesti\u00f3 de la revisi\u00f3 a c\u00e0rrec de la direcci\u00f3 en un centre educatiu<\/strong><\/span><\/strong><\/span><\/span><\/a><\/td>\n<td><a href=\"https:\/\/aplicacions.gestioeducativa.gencat.cat\/ords\/pls\/soloas\/pk_for_mod_ins.p_for_detall_activitat?p_header=Llista%20d%27activitats%5Epk_for_mod_ins.p_for_cons_activitats?p_any=2024-2025%26p_totes=N%26p_inici=41%26p_excloure_crp_rec=T&amp;p_codi=0004420600&amp;p_curs=2024-2025&amp;p_excloure_crp_rec=T\" target=\"_blank\" rel=\"noopener\"><span style=\"font-weight: 400;\"><span style=\"text-decoration: underline;\"><strong><span style=\"color: #2f5d5d;\"><strong>El model e2cat: introducci\u00f3, autoavaluaci\u00f3 i redacci\u00f3 de mem\u00f2ria<\/strong><\/span><\/strong><\/span><\/span><\/a><\/td>\n<\/tr>\n<tr>\n<td><\/td>\n<td>Marta Monreal<\/td>\n<td>Xavier Damunt<\/td>\n<td>Jordi Sabat\u00e9<\/td>\n<td>Dolors Calabuig<\/td>\n<\/tr>\n<tr>\n<td><\/td>\n<td><\/td>\n<td><a href=\"https:\/\/aplicacions.gestioeducativa.gencat.cat\/ords\/pls\/soloas\/pk_for_mod_ins.p_for_detall_activitat?p_header=Llista%20d%27activitats%5Epk_for_mod_ins.p_for_cons_activitats?p_any=2024-2025%26p_totes=N%26p_inici=91%26p_excloure_crp_rec=T&amp;p_codi=0004950600&amp;p_curs=2024-2025&amp;p_excloure_crp_rec=T\" target=\"_blank\" rel=\"noopener\"><span style=\"font-weight: 400;\"><span style=\"text-decoration: underline;\"><strong><span style=\"color: #2f5d5d;\"><strong>Gesti\u00f3 documental de qualitat amb eines Google, web, Moodle<\/strong><\/span><\/strong><\/span><\/span><\/a><\/td>\n<td><\/td>\n<td><\/td>\n<\/tr>\n<tr>\n<td><\/td>\n<td><\/td>\n<td>Ricardo Mart\u00ednez<\/td>\n<td><\/td>\n<td><\/td>\n<\/tr>\n<\/tbody>\n<\/table>\n<p><strong style=\"font-family: inherit; font-size: 1em;\">6. Certificaci\u00f3 de Qualitat del servei de Formaci\u00f3 Professional en alternan\u00e7<\/strong><strong style=\"font-family: inherit; font-size: 1em;\">a dual i intensiva que presten els centres a trav\u00e9s de les organitzacions<\/strong><\/p>\n<div>\n<p><span style=\"color: #000000;\">El mes de maig, l<\/span><span style=\"color: #000000;\">&#8216;empresa <\/span><span style=\"color: #000000;\"><a href=\"https:\/\/vallcompanys.es\/ca\/\" target=\"_blank\" rel=\"noopener\"><span style=\"color: #2f5d5d;\"><b><u>Vall Companys<\/u><\/b><\/span><\/a><span style=\"color: #000000;\"> (Lleida) ha certificat en <\/span><strong style=\"color: #000000;\">Assegurament<\/strong><span style=\"color: #000000;\">.<\/span><\/span><\/p>\n<p><span style=\"color: #000000;\"><strong style=\"color: #000000; text-decoration: underline;\">Enhorabona<\/strong><strong style=\"color: #000000; text-decoration: underline;\">!\u00a0<\/strong><\/span><\/p>\n<p>Per a la certificaci\u00f3 de <span style=\"color: #000000;\"><a href=\"https:\/\/vallcompanys.es\/ca\/\" target=\"_blank\" rel=\"noopener\"><span style=\"color: #2f5d5d;\"><b><u>Vall Companys<\/u><\/b><\/span><\/a><\/span> ha actuat, com a centre impulsor, l&#8217;<a href=\"https:\/\/agora.xtec.cat\/eca-noguera\/\" target=\"_blank\" rel=\"noopener\"><span style=\"font-weight: 400;\"><span style=\"text-decoration: underline;\"><strong><span style=\"color: #2f5d5d;\">Escola Agr\u00e0ria de Vallfogona de Balaguer<\/span><\/strong><\/span><\/span><\/a> (Lleida) i han col\u00b7laborat: l&#8217;<a href=\"https:\/\/agora.xtec.cat\/ies-mollerussa\/\" target=\"_blank\" rel=\"noopener\"><span style=\"font-weight: 400;\"><span style=\"text-decoration: underline;\"><strong><span style=\"color: #2f5d5d;\">Institut Mollerussa<\/span><\/strong><\/span><\/span><\/a> i l&#8217;<a href=\"https:\/\/agora.xtec.cat\/ecaalfarras\/\" target=\"_blank\" rel=\"noopener\"><span style=\"font-weight: 400;\"><span style=\"text-decoration: underline;\"><strong><span style=\"color: #2f5d5d;\">Escola Agr\u00e0ria d&#8217;Alfarr\u00e0s<\/span><\/strong><\/span><\/span><\/a>.<\/p>\n<\/div>\n<table style=\"border-collapse: collapse; width: 100%;\">\n<tbody>\n<tr>\n<td style=\"width: 50%; border-style: hidden;\"><a href=\"https:\/\/vallcompanys.es\/ca\/\" target=\"_blank\" rel=\"noopener\"><img loading=\"lazy\" decoding=\"async\" class=\"alignright wp-image-13561\" src=\"https:\/\/projectes.xtec.cat\/qualitatfp\/wp-content\/uploads\/usu772\/2025\/05\/GVC_Logo_horizontal-scaled.jpg\" alt=\"\" width=\"237\" height=\"167\" srcset=\"https:\/\/projectes.xtec.cat\/qualitatfp\/wp-content\/uploads\/usu772\/2025\/05\/GVC_Logo_horizontal-scaled.jpg 2560w, https:\/\/projectes.xtec.cat\/qualitatfp\/wp-content\/uploads\/usu772\/2025\/05\/GVC_Logo_horizontal-300x212.jpg 300w, https:\/\/projectes.xtec.cat\/qualitatfp\/wp-content\/uploads\/usu772\/2025\/05\/GVC_Logo_horizontal-1024x724.jpg 1024w, https:\/\/projectes.xtec.cat\/qualitatfp\/wp-content\/uploads\/usu772\/2025\/05\/GVC_Logo_horizontal-768x543.jpg 768w, https:\/\/projectes.xtec.cat\/qualitatfp\/wp-content\/uploads\/usu772\/2025\/05\/GVC_Logo_horizontal-1536x1086.jpg 1536w, https:\/\/projectes.xtec.cat\/qualitatfp\/wp-content\/uploads\/usu772\/2025\/05\/GVC_Logo_horizontal-2048x1448.jpg 2048w\" sizes=\"auto, (max-width: 237px) 100vw, 237px\" \/><\/a><\/td>\n<td style=\"width: 50%; border-style: hidden;\"><a href=\"https:\/\/agora.xtec.cat\/eca-noguera\/\" target=\"_blank\" rel=\"noopener\"><img loading=\"lazy\" decoding=\"async\" class=\"alignleft wp-image-13564\" src=\"https:\/\/projectes.xtec.cat\/qualitatfp\/wp-content\/uploads\/usu772\/2025\/05\/EAVBalaguer_LogoPositiuRetallat.jpg\" alt=\"\" width=\"206\" height=\"141\" srcset=\"https:\/\/projectes.xtec.cat\/qualitatfp\/wp-content\/uploads\/usu772\/2025\/05\/EAVBalaguer_LogoPositiuRetallat.jpg 555w, https:\/\/projectes.xtec.cat\/qualitatfp\/wp-content\/uploads\/usu772\/2025\/05\/EAVBalaguer_LogoPositiuRetallat-300x205.jpg 300w\" sizes=\"auto, (max-width: 206px) 100vw, 206px\" \/><\/a><\/td>\n<\/tr>\n<\/tbody>\n<\/table>\n<p><a href=\"https:\/\/sites.google.com\/xtec.cat\/qualitatfpdual\/organitzacions\" target=\"_blank\" rel=\"noopener\"><span style=\"text-decoration: underline;\"><strong><span style=\"color: #2f5d5d; text-decoration: underline;\">A hores d&#8217;ara hi ha 32 organitzacions Excel\u00b7lents i 62 certificacions<\/span><\/strong><\/span><\/a><span style=\"color: #999999; font-family: inherit; font-size: 1em; text-align: justify;\">.<\/span><\/p>\n<div>\n<p style=\"text-align: justify;\"><span class=\"C9DxTc \">Aquesta certificaci\u00f3 \u00e9s un reconeixement a l\u2019esfor\u00e7 de l<\/span><span class=\"C9DxTc \">es organitzacions<\/span><span class=\"C9DxTc \">\u00a0per promocionar el desenvolupament d<\/span><span class=\"C9DxTc \">e la formaci\u00f3 dual<\/span><span class=\"C9DxTc \"> (r\u00e8gim intensiu) i la qualitat del servei prestat. <\/span><span class=\"C9DxTc \">A trav\u00e9s d\u2019aquesta iniciativa,\u00a0<\/span><span class=\"C9DxTc \">es<\/span><span class=\"C9DxTc \">\u00a0vol conscienciar el teixit empresarial, els<\/span><span class=\"C9DxTc \"> centres educatius, les organitzacions i la societat, de la necessitat d\u2019impulsar una formaci\u00f3 professional dual (r\u00e8gim intensiu) de qualitat, que contribueixi a reduir la desocupaci\u00f3, millorar la competitivitat de les empreses i acostar el m\u00f3n empresarial i l\u2019educatiu.<\/span><\/p>\n<p style=\"text-align: justify;\"><span style=\"color: #000000;\">Recordeu que tota la informaci\u00f3 referent al procediment de certificaci\u00f3 en els nivells de Comprom\u00eds, Assegurament i Excel\u00b7l\u00e8ncia i com optar a les possibles bonificacions de\u00a0<strong>CaixaBank\u00a0<\/strong><em><strong>Dualitza<\/strong><\/em>\u00a0la trobareu en el nostre\u00a0<strong><a style=\"color: #000000;\" href=\"https:\/\/sites.google.com\/xtec.cat\/qualitatfpdual\/inici\" target=\"_blank\" rel=\"noopener\"><span style=\"font-weight: 400;\"><span style=\"text-decoration: underline;\"><strong><span style=\"color: #2f5d5d;\"><span style=\"font-weight: 400;\"><span style=\"text-decoration: underline;\"><span style=\"color: #2f5d5d;\">Site<\/span><\/span><\/span><\/span><\/strong><\/span><\/span><\/a><\/strong>.<\/span><\/p>\n<p><a href=\"https:\/\/sites.google.com\/xtec.cat\/qualitatfpdual\/inici\" target=\"_blank\" rel=\"noopener\"><img loading=\"lazy\" decoding=\"async\" class=\"aligncenter wp-image-13086 size-full\" src=\"https:\/\/projectes.xtec.cat\/qualitatfp\/wp-content\/uploads\/usu772\/2024\/11\/IMATGE-CERTIFICACIO-EMPRESES.jpg\" alt=\"\" width=\"1382\" height=\"312\" srcset=\"https:\/\/projectes.xtec.cat\/qualitatfp\/wp-content\/uploads\/usu772\/2024\/11\/IMATGE-CERTIFICACIO-EMPRESES.jpg 1382w, https:\/\/projectes.xtec.cat\/qualitatfp\/wp-content\/uploads\/usu772\/2024\/11\/IMATGE-CERTIFICACIO-EMPRESES-300x68.jpg 300w, https:\/\/projectes.xtec.cat\/qualitatfp\/wp-content\/uploads\/usu772\/2024\/11\/IMATGE-CERTIFICACIO-EMPRESES-1024x231.jpg 1024w, https:\/\/projectes.xtec.cat\/qualitatfp\/wp-content\/uploads\/usu772\/2024\/11\/IMATGE-CERTIFICACIO-EMPRESES-768x173.jpg 768w\" sizes=\"auto, (max-width: 1382px) 100vw, 1382px\" \/><\/a><br \/>\nTamb\u00e9 a l\u2019Odissea al\u00a0<strong><span style=\"color: #0000ff;\"><a style=\"color: #0000ff;\" href=\"https:\/\/odissea.xtec.cat\/course\/view.php?id=2290\" target=\"_blank\" rel=\"noopener\"><span style=\"font-weight: 400;\"><span style=\"text-decoration: underline;\"><span style=\"color: #2f5d5d;\">curs del Projecte de Qualitat i Millora Cont\u00ednua <\/span><\/span><\/span><\/a><\/span><\/strong>i a la nostra\u00a0<span style=\"color: #0000ff;\"><strong><a style=\"color: #0000ff;\" href=\"https:\/\/projectes.xtec.cat\/qualitatfp\/\" target=\"_blank\" rel=\"noopener\"><span style=\"font-weight: 400;\"><span style=\"text-decoration: underline;\"><span style=\"color: #2f5d5d;\">p\u00e0gina web<\/span><\/span><\/span><\/a><\/strong>.<\/span><\/p>\n<p>Per dubtes i consultes ens podeu escriure al correu \u00a0<strong><span style=\"color: #0000ff;\"><a style=\"color: #0000ff;\" href=\"mailto:fpqualitat@xtec.cat\" target=\"_blank\" rel=\"noopener\"><span style=\"font-weight: 400;\"><span style=\"text-decoration: underline;\"><span style=\"color: #2f5d5d;\">fpqualitat@xtec.cat<\/span><\/span><\/span><\/a><\/span><\/strong>o a <strong><span style=\"color: #0000ff;\"><a style=\"color: #0000ff;\" href=\"mailto:gestiofpdual.educacio@gencat.cat\" target=\"_blank\" rel=\"noopener\"><span style=\"font-weight: 400;\"><span style=\"text-decoration: underline;\"><span style=\"color: #2f5d5d;\">gestiofpdual.educacio@gencat.cat<\/span><\/span><\/span><\/a><\/span><\/strong><\/p>\n<p><img loading=\"lazy\" decoding=\"async\" class=\"aligncenter wp-image-13043 \" src=\"https:\/\/projectes.xtec.cat\/qualitatfp\/wp-content\/uploads\/usu772\/2024\/10\/ELS-3-LOGOS.jpg\" alt=\"\" width=\"270\" height=\"117\" srcset=\"https:\/\/projectes.xtec.cat\/qualitatfp\/wp-content\/uploads\/usu772\/2024\/10\/ELS-3-LOGOS.jpg 758w, https:\/\/projectes.xtec.cat\/qualitatfp\/wp-content\/uploads\/usu772\/2024\/10\/ELS-3-LOGOS-300x130.jpg 300w\" sizes=\"auto, (max-width: 270px) 100vw, 270px\" \/><\/p>\n<\/div>\n<p><strong style=\"color: #000000; font-family: inherit; font-size: 1em;\">7. CURSOS FIC<\/strong><\/p>\n<div>\n<p>Recordeu que podeu gestionar a trav\u00e9s del PQiMC cursos FIC (Formaci\u00f3 interna de centre). Les caracter\u00edstiques dels cursos FIC m\u00e9s rellevants s\u00f3n: 30 h de formaci\u00f3 m\u00ednima, de les quals es poden fer entre 3 i 6 hores de suport amb un formador extern, que far\u00e0 alguna sessi\u00f3 presencial\/virtual i us pot ajudar a organitzar\/seguir el curs. La resta d\u2019hores del curs seran impartides per un formador intern del vostre centre amb el suport dels materials formatius que trobareu en un aula Moodle que us podem facilitar des del Projecte.<br \/>\nPer m\u00e9s informaci\u00f3 us podeu adre\u00e7ar a:\u00a0<strong>fpqualitat@xtec.cat<\/strong><\/p>\n<p><strong>8. Com publicar not\u00edcies al nostre NODES<\/strong><\/p>\n<p style=\"text-align: justify;\">Seguim interessats en qu\u00e8 pugueu publicar not\u00edcies al nostre NODES relacionades amb la qualitat: si esteu fent formaci\u00f3 pel claustre, si heu certificat per primer cop ISO 9001, ISO 14001 i\/o ISO 45001, si esteu redactant la mem\u00f2ria o us presenteu al contrast del model e2cat, si voleu aconseguir altres certificacions, si certifiqueu alguna empresa en el servei d\u2019FP dual, si participeu en alguna jornada o concurs amb relaci\u00f3 a la gesti\u00f3, o qualsevol bona pr\u00e0ctica <span style=\"color: #ff0000;\"><span style=\"color: #000000;\">interessant en relaci\u00f3 a la gesti\u00f3 de centres<\/span>.<\/span><\/p>\n<p style=\"text-align: justify;\">A l\u2019apartat de Recursos del nostre NODES hi trobar\u00e0s tamb\u00e9 el\u00a0<span style=\"text-decoration: underline;\"><strong><span style=\"color: #0000ff; text-decoration: underline;\"><a style=\"color: #0000ff; text-decoration: underline;\" href=\"https:\/\/drive.google.com\/file\/d\/1zXarqEWdhFUQJvNp0XcXrdBILwgsZH7R\/view?pli=1\" target=\"_blank\" rel=\"noopener\"><span style=\"color: #2f5d5d;\">Tutorial<\/span><\/a><\/span><span style=\"color: #0000ff; text-decoration: underline;\">.<\/span><\/strong><\/span><\/p>\n<p><img loading=\"lazy\" decoding=\"async\" class=\"aligncenter\" src=\"https:\/\/projectes.xtec.cat\/qualitatfp\/wp-content\/uploads\/usu772\/2022\/03\/nodes.png\" width=\"543\" height=\"225\" \/><\/p>\n<div>\n<div>\n<p><span style=\"color: #333333;\"><strong>9. Normativa:<\/strong><\/span><\/p>\n<table style=\"width: 100%; border-collapse: collapse; border-style: solid; border-color: #000000;\">\n<tbody>\n<tr>\n<td style=\"width: 100%; border-color: #000000;\">\n<h5><span style=\"text-decoration: underline;\"><strong>INFORMACIONS<\/strong><\/span><\/h5>\n<\/td>\n<\/tr>\n<\/tbody>\n<\/table>\n<\/div>\n<\/div>\n<\/div>\n<p>Nou portal<strong> \u00a0 <a href=\"http:\/\/edu365.cat\/\" target=\"_blank\" rel=\"noopener\"><span style=\"font-weight: 400;\"><span style=\"text-decoration: underline;\"><strong><span style=\"color: #2f5d5d;\">edu365.cat<\/span><\/strong><\/span><\/span><\/a><br \/>\n<\/strong>Portal educatiu amb recursos, interactius, tallers i altres activitats adre\u00e7ades a l&#8217;alumnat i les seves fam\u00edlies<\/p>\n<p><a href=\"https:\/\/espai.educacio.gencat.cat\/Departament\/Comunicacio\/Noticies\/Pagines\/Materials-formacio-preinscripcio.aspx\" target=\"_blank\" rel=\"noopener\"><span style=\"font-weight: 400;\"><span style=\"text-decoration: underline;\"><strong><span style=\"color: #2f5d5d;\"><strong>Comen\u00e7a l&#8217;espai virtual de suport per a FP i APD<\/strong><\/span><\/strong><\/span><\/span><\/a><\/p>\n<p><a href=\"https:\/\/espai.educacio.gencat.cat\/Departament\/Comunicacio\/Noticies\/Pagines\/Documentacio-Matricula-Estudis-Estrangers.aspx\" target=\"_blank\" rel=\"noopener\"><span style=\"font-weight: 400;\"><span style=\"text-decoration: underline;\"><strong><span style=\"color: #2f5d5d;\"><strong>Alumnes provinents d&#8217;estudis estrangers que no poden aportar documentaci\u00f3 per a la matr\u00edcula<\/strong><\/span><\/strong><\/span><\/span><\/a><\/p>\n<p><a href=\"https:\/\/espai.educacio.gencat.cat\/Departament\/Comunicacio\/Noticies\/Pagines\/Matricula-continuitat.aspx\" target=\"_blank\" rel=\"noopener\"><span style=\"font-weight: 400;\"><span style=\"text-decoration: underline;\"><strong><span style=\"color: #2f5d5d;\"><strong>Calendari per a la matr\u00edcula de continu\u00eftat\u00a0<\/strong><\/span><\/strong><\/span><\/span><\/a><\/p>\n<p><a href=\"https:\/\/govern.cat\/salapremsa\/notes-premsa\/708282\/nova-guia-suport-lorientacio-professional\" target=\"_blank\" rel=\"noopener\"><span style=\"font-weight: 400;\"><span style=\"text-decoration: underline;\"><strong><span style=\"color: #2f5d5d;\"><strong>Nova guia de suport per a l&#8217;orientaci\u00f3 professional<\/strong><\/span><\/strong><\/span><\/span><\/a><\/p>\n<p><a href=\"https:\/\/espai.educacio.gencat.cat\/Personal\/Concursos-oposicions\/Seleccio-directors-directores\/Direccions-Serveis-Educatius\/Pagines\/default.aspx\" target=\"_blank\" rel=\"noopener\"><span style=\"font-weight: 400;\"><span style=\"text-decoration: underline;\"><strong><span style=\"color: #2f5d5d;\"><strong>Convocat\u00f2ria per a la selecci\u00f3 de directors i directores dels serveis educatius, comen\u00e7a el termini el 4 de juny<\/strong><\/span><\/strong><\/span><\/span><\/a><\/p>\n<p><a href=\"https:\/\/espai.educacio.gencat.cat\/Centres\/Innovacio-pedagogica\/Programes\/Pagines\/default.aspx\" target=\"_blank\" rel=\"noopener\"><span style=\"font-weight: 400;\"><span style=\"text-decoration: underline;\"><strong><span style=\"color: #2f5d5d;\"><strong>Convocat\u00f2ria unificada per participar en programes d&#8217;innovaci\u00f3, sol\u00b7licituds del 16 de maig al 20 de juny<\/strong><\/span><\/strong><\/span><\/span><\/a><\/p>\n<p><a href=\"https:\/\/www.magisnet.com\/2025\/05\/recursos-educativos-para-ensenar-a-programar-en-formacion-profesional\/\" target=\"_blank\" rel=\"noopener\"><span style=\"font-weight: 400;\"><span style=\"text-decoration: underline;\"><strong><span style=\"color: #2f5d5d;\"><strong>Recursos educatius per a ensenyar a programar en Formaci\u00f3 Professional<\/strong><\/span><\/strong><\/span><\/span><\/a><\/p>\n<div>\n<div>\n<table style=\"width: 100%; border-collapse: collapse; border-style: solid; border-color: #000000;\">\n<tbody>\n<tr>\n<td style=\"width: 100%; border-color: #000000;\">\n<h5><span style=\"text-decoration: underline;\"><span style=\"color: #000000;\"><strong>DOGC<\/strong><\/span><\/span><\/h5>\n<\/td>\n<\/tr>\n<\/tbody>\n<\/table>\n<\/div>\n<\/div>\n<p><a href=\"https:\/\/dogc.gencat.cat\/ca\/document-del-dogc\/?documentId=1014649\" target=\"_blank\" rel=\"noopener\"><span style=\"font-weight: 400;\"><span style=\"text-decoration: underline;\"><strong><span style=\"color: #2f5d5d;\">Acord GOV\/128\/2025<\/span><\/strong><\/span><\/span><\/a>, <strong>de 20 de maig, pel qual\u00a0s&#8217;aproven les mesures de desplegament del Programa de noves vocacions professionals al servei p\u00fablic, amb 2.000 pr\u00e0ctiques professionals remunerades a l&#8217;Administraci\u00f3 de la Generalitat de Catalunya i els seus organismes aut\u00f2noms adre\u00e7ades a estudiants universitaris i de formaci\u00f3 professional<\/strong><\/p>\n<p><strong><a href=\"https:\/\/dogc.gencat.cat\/ca\/document-del-dogc\/?documentId=1014482\" target=\"_blank\" rel=\"noopener\"><span style=\"font-weight: 400;\"><span style=\"text-decoration: underline;\"><strong><span style=\"color: #2f5d5d;\">Resoluci\u00f3 EDF\/1738\/2025<\/span><\/strong><\/span><\/span><\/a>, de 12 de maig, per la qual es fa p\u00fablica la concessi\u00f3 de la sisena edici\u00f3 dels Premis #FPCAT a les bones pr\u00e0ctiques en el camp de la formaci\u00f3 professional, corresponent a l&#8217;any 2024<\/strong><\/p>\n<p><strong><a href=\"https:\/\/dogc.gencat.cat\/ca\/document-del-dogc\/?documentId=1014471\" target=\"_blank\" rel=\"noopener\"><span style=\"font-weight: 400;\"><span style=\"text-decoration: underline;\"><strong><span style=\"color: #2f5d5d;\">Ordre EDF\/72\/2025<\/span><\/strong><\/span><\/span><\/a>, de 15 de maig, per la qual s&#8217;estableix el calendari escolar del curs 2025-2026 per als centres educatius no universitaris de Catalunya<\/strong><\/p>\n<div><\/div>\n<div>\n<table style=\"width: 100%; border-collapse: collapse; border-style: solid; border-color: #000000;\">\n<tbody>\n<tr>\n<td style=\"width: 100%; border-color: #000000;\">\n<h5><span style=\"text-decoration: underline;\"><strong>BOE<\/strong><\/span><\/h5>\n<\/td>\n<\/tr>\n<\/tbody>\n<\/table>\n<\/div>\n<p><a href=\"https:\/\/www.boe.es\/diario_boe\/txt.php?id=BOE-A-2025-10102\" target=\"_blank\" rel=\"noopener\"><span style=\"font-weight: 400;\"><span style=\"text-decoration: underline;\"><strong><span style=\"color: #2f5d5d;\">Ordre EFD\/512\/2025<\/span><\/strong><\/span><\/span><\/a>, de 12 de maig, per la qual, a proposta del Departament d&#8217;Educaci\u00f3 i Formaci\u00f3 Professional de la Comunitat Aut\u00f2noma de Catalunya, es nomena personal funcionari de carrera dels Cossos de Professors d&#8217;Ensenyament Secundari, Professors T\u00e8cnics de Formaci\u00f3 Professional i Mestres persones seleccionades en el procediment selectiu2 gener.<\/p>\n<p><a href=\"https:\/\/www.boe.es\/diario_boe\/txt.php?id=BOE-B-2025-16252\" target=\"_blank\" rel=\"noopener\"><span style=\"font-weight: 400;\"><span style=\"text-decoration: underline;\"><strong><span style=\"color: #2f5d5d;\">Extracte de la Resoluci\u00f3 de la Secretaria d&#8217;Estat d&#8217;Educaci\u00f3<\/span><\/strong><\/span><\/span><\/a>, per la qual es convoquen 120 places per a la realitzaci\u00f3 d&#8217;estades professionals en centres educatius a Alemanya, \u00c0ustria, B\u00e8lgica, Dinamarca, Est\u00f2nia, Finl\u00e0ndia, Fran\u00e7a, Irlanda, It\u00e0lia, Malta, Noruega, Pa\u00efsos Baixos, Portugal, Regne Unit, Su\u00e8cia22 i Su\u00efssa<\/p>\n<div>\n<table style=\"width: 100%; border-collapse: collapse; border-style: solid; border-color: #000000;\">\n<tbody>\n<tr>\n<td style=\"width: 100%; border-color: #000000;\">\n<h5><strong style=\"font-family: inherit; font-size: 1em;\">Enlla\u00e7os d\u2019inter\u00e8s<\/strong><\/h5>\n<\/td>\n<\/tr>\n<\/tbody>\n<\/table>\n<\/div>\n<p><a href=\"https:\/\/factorhuma.org\/ca\/continguts\/noticies-org-associades\/16321-la-dura-batalla-por-encontrar-trabajadores\" target=\"_blank\" rel=\"noopener\"><span style=\"font-weight: 400;\"><span style=\"text-decoration: underline;\"><strong><span style=\"color: #2f5d5d;\">La dura batalla per trobar treballadors<\/span><\/strong><\/span><\/span><\/a> &#8211; Fundaci\u00f3 Factor Hum\u00e0<\/p>\n<p><strong><a href=\"https:\/\/diarieducacio.cat\/que-diuen-les-i-els-docents-dels-seus-problemes\/\" target=\"_blank\" rel=\"noopener\"><span style=\"font-weight: 400;\"><span style=\"text-decoration: underline;\"><strong><span style=\"color: #2f5d5d;\">Qu\u00e8 diuen les i els docents dels seus problemes<\/span><\/strong><\/span><\/span><\/a><br \/>\n<\/strong><\/p>\n<p><a href=\"https:\/\/www.ara.cat\/economia\/mercat-laboral\/gran-escull-fp-dual-falten-empreses-acollir-alumnes-practiques_1_5381771.html\" target=\"_blank\" rel=\"noopener\"><span style=\"font-weight: 400;\"><span style=\"text-decoration: underline;\"><strong><span style=\"color: #2f5d5d;\"><strong>El gran escull de l&#8217;FP dual: falten empreses per acollir alumnes en pr\u00e0ctiques<\/strong><\/span><\/strong><\/span><\/span><\/a><\/p>\n<p><a href=\"https:\/\/www.elperiodico.com\/es\/educacion\/20250516\/estudio-fp-necesidad-son-siete-117421619\" target=\"_blank\" rel=\"noopener\"><span style=\"font-weight: 400;\"><span style=\"text-decoration: underline;\"><strong><span style=\"color: #2f5d5d;\">Un estudi d&#8217;FP per a cada necessitat<\/span><\/strong><\/span><\/span><\/a><\/p>\n<p><strong><a href=\"https:\/\/govern.cat\/salapremsa\/notes-premsa\/708362\/m-300-alumnes-23-docents-darreu-catalunya-completen-exit-ledusat-challenge-programa-impulsat-pel-govern-incentivar-vocacions-cientifiques-tecnologiques\" target=\"_blank\" rel=\"noopener\"><span style=\"font-weight: 400;\"><span style=\"text-decoration: underline;\"><strong><span style=\"color: #2f5d5d;\">M\u00e9s de 300 alumnes i 23 docents d&#8217;arreu de Catalunya completen amb \u00e8xit l&#8217;Edusat Challenge<\/span><\/strong><\/span><\/span><\/a>, el programa impulsat pel Govern per incentivar vocacions cient\u00edfiques i tecnol\u00f2giques<\/strong><\/p>\n<p><a href=\"https:\/\/govern.cat\/salapremsa\/notes-premsa\/706702\/catalunya-consolida-creixement-postpandemia-insercio-laboral-dels-graduats-fp-que-se-situa-54-4\" target=\"_blank\" rel=\"noopener\"><span style=\"font-weight: 400;\"><span style=\"text-decoration: underline;\"><strong><span style=\"color: #2f5d5d;\"><strong>Catalunya consolida el creixement postpand\u00e8mia de la inserci\u00f3 laboral dels graduats en FP, que se situa en el 54,4%<\/strong><\/span><\/strong><\/span><\/span><\/a><\/p>\n<p><a href=\"https:\/\/govern.cat\/salapremsa\/notes-premsa\/703702\/dia-internacional-contra-lassetjament-departament-deducacio-fp-remarca-importancia-prevencio-deteccio-lambit-escolar\" target=\"_blank\" rel=\"noopener\"><span style=\"font-weight: 400;\"><span style=\"text-decoration: underline;\"><strong><span style=\"color: #2f5d5d;\"><strong>En el Dia internacional contra l&#8217;assetjament, el Departament d&#8217;Educaci\u00f3 i FP remarca la import\u00e0ncia de la prevenci\u00f3 i detecci\u00f3 en l&#8217;\u00e0mbit escolar<\/strong><\/span><\/strong><\/span><\/span><\/a><\/p>\n<div>\n<div>\n<table style=\"width: 100%; border-collapse: collapse; border-color: #000000;\">\n<tbody>\n<tr>\n<td style=\"width: 100%; border-color: #000000;\">\n<h5><span style=\"text-decoration: underline;\"><strong>Gesti\u00f3 de Qualitat<\/strong><\/span><\/h5>\n<\/td>\n<\/tr>\n<\/tbody>\n<\/table>\n<\/div>\n<\/div>\n<p><a href=\"https:\/\/www.youtube.com\/watch?v=VvfqdvnCLVM\" target=\"_blank\" rel=\"noopener\"><span style=\"font-weight: 400;\"><span style=\"text-decoration: underline;\"><strong><span style=\"color: #2f5d5d;\"><strong>Video Webinar La importa\u0300ncia dels indicadors per a la millora de l&#8217;escola<\/strong><\/span><\/strong><\/span><\/span><\/a><strong> &#8211; <\/strong>QualicatEdu<\/p>\n<p><a href=\"https:\/\/blog.pro-optim.com\/rrhh\/organizacion-360-rrhh-el-nuevo-enfoque-que-une-personas-y-procesos\/#more-2941\" target=\"_blank\" rel=\"noopener\"><span style=\"font-weight: 400;\"><span style=\"text-decoration: underline;\"><strong><span style=\"color: #2f5d5d;\"><strong>Organitzaci\u00f3 360 RRHH: el nou enfocament que uneix persones i processos<\/strong><\/span><\/strong><\/span><\/span><\/a> \u2013 Blog Pro-Optim<\/p>\n<p><a href=\"https:\/\/blog.pro-optim.com\/rrhh\/plan-de-acogida-la-primera-impresion-cuenta\/#more-2944\" target=\"_blank\" rel=\"noopener\"><span style=\"font-weight: 400;\"><span style=\"text-decoration: underline;\"><strong><span style=\"color: #2f5d5d;\"><strong>Pla d&#8217;acollida: la primera impressi\u00f3 compte<\/strong><\/span><\/strong><\/span><\/span><\/a> \u2013 Blog Pro-Optim<\/p>\n<p><strong>\u00a0<\/strong><a href=\"https:\/\/administracionelectronica.gob.es\/pae_Home\/pae_Actualidad\/pae_Noticias\/Anio2022\/Mayo\/Noticia-2022-05-25-Normas-tecnicas-alcanzar-Calidad-Dato-.html?idioma=ca_valencia\" target=\"_blank\" rel=\"noopener\"><span style=\"font-weight: 400;\"><span style=\"text-decoration: underline;\"><strong><span style=\"color: #2f5d5d;\"><strong>Normes t\u00e8cniques per assolir la Qualitat de la Dada<\/strong><\/span><\/strong><\/span><\/span><\/a><strong> \u2013 <\/strong>Portal de l\u2019Administraci\u00f3 electr\u00f2nica<\/p>\n<div>\n<div>\n<div>\n<table style=\"border-collapse: collapse; width: 100%;\">\n<tbody>\n<tr>\n<td style=\"width: 100%; border-color: #000000;\">\n<h5><span style=\"text-decoration: underline;\"><strong>Gesti\u00f3 educativa<\/strong><\/span><\/h5>\n<\/td>\n<\/tr>\n<\/tbody>\n<\/table>\n<\/div>\n<\/div>\n<\/div>\n<p><a href=\"chrome-extension:\/\/efaidnbmnnnibpcajpcglclefindmkaj\/https:\/fundaciobofill.cat\/uploads\/docs\/g\/c\/9\/tza-autonomiacentre_escolesiprofessorat_pol93.pdf\" target=\"_blank\" rel=\"noopener\"><span style=\"font-weight: 400;\"><span style=\"text-decoration: underline;\"><strong><span style=\"color: #2f5d5d;\">Escoles i professorat davant l\u2019autonomia de centre<\/span><\/strong><\/span><\/span><\/a> &#8211; Antoni Verger, Gerard Ferrer-Esteban, Edgar Quilabert, Mauro C. Moschetti i Antonina Levatino<\/p>\n<p><a href=\"chrome-extension:\/\/efaidnbmnnnibpcajpcglclefindmkaj\/https:\/fundaciobofill.cat\/uploads\/docs\/k\/8\/j\/bn7-centresmajorcomplexitat_ib77_05.pdf\" target=\"_blank\" rel=\"noopener\"><span style=\"font-weight: 400;\"><span style=\"text-decoration: underline;\"><strong><span style=\"color: #2f5d5d;\">Millora educativa en entorns vulnerables<\/span><\/strong><\/span><\/span><\/a> &#8211; Gerard Ferrer-Esteban, Mauro C. Moschetti, Marcel Pag\u00e8s,\u00a0 Edgar Quilabert i Antoni Verger<\/p>\n<p><a href=\"https:\/\/revista.une.org\/80\/el-estandar-global-de-ia-para-las-empresas-disponible-en-esp.html?utm_source=brevo&amp;utm_campaign=Revista%20UNE%20mayo%202025&amp;utm_medium=email\" target=\"_blank\" rel=\"noopener\"><span style=\"font-weight: 400;\"><span style=\"text-decoration: underline;\"><strong><span style=\"color: #2f5d5d;\">L&#8217;est\u00e0ndard global d&#8217;IA per a les empreses <\/span><\/strong><\/span><\/span><\/a>&#8211; \u00a0UNE<\/p>\n<p><a href=\"https:\/\/factorhuma.org\/ca\/activitats\/agenda\/16312-seminari-gestio-de-les-transicions-organitzatives?idU=1\" target=\"_blank\" rel=\"noopener\"><span style=\"font-weight: 400;\"><span style=\"text-decoration: underline;\"><strong><span style=\"color: #2f5d5d;\">Seminari: Gesti\u00f3 de les transicions organitzatives<\/span><\/strong><\/span><\/span><\/a> \u2013 Fundaci\u00f3 Factor Hum\u00e0<\/p>\n<p><a href=\"https:\/\/fundaciobofill.cat\/publicacions\/abandonament-escolar-prematur?utm_source=mailchimp&amp;utm_medium=email&amp;utm_term=&amp;utm_content=&amp;utm_campaign=&amp;utm_source=Subscripcions+fundaciobofill.cat&amp;utm_campaign=2765ef577c-EMAIL_CAMPAIGN_2025_05_15_05_55&amp;utm_medium=email&amp;utm_term=0_-2765ef577c-188946556\" target=\"_blank\" rel=\"noopener\"><span style=\"font-weight: 400;\"><span style=\"text-decoration: underline;\"><strong><span style=\"color: #2f5d5d;\">Comunitats que no abandonen. Acci\u00f3 social i comunit\u00e0ria contra l\u2019abandonament escolar prematur: 15 pr\u00e0ctiques per a la Inspir(ac)ci\u00f3<\/span><\/strong><\/span><\/span><\/a> \u2013 Fundaci\u00f3 Bofill<\/p>\n<div>\n<div>\n<div>\n<table style=\"border-collapse: collapse; width: 100%;\">\n<tbody>\n<tr>\n<td style=\"width: 100%; border-color: #000000;\">\n<h5><span style=\"text-decoration: underline;\"><strong>Gesti\u00f3 en general<\/strong><\/span><\/h5>\n<\/td>\n<\/tr>\n<\/tbody>\n<\/table>\n<\/div>\n<\/div>\n<\/div>\n<p><a href=\"https:\/\/factorhuma.org\/ca\/blog-factor-huma\/16323-como-ser-lider-y-no-morir-en-el-intento-en-2025\" target=\"_blank\" rel=\"noopener\"><span style=\"font-weight: 400;\"><span style=\"text-decoration: underline;\"><strong><span style=\"color: #2f5d5d;\">Com ser l\u00edder i no morir en l&#8217;intent<\/span><\/strong><\/span><\/span><\/a> &#8211; Fundaci\u00f3 Factor Hum\u00e0<\/p>\n<p><a href=\"https:\/\/www.eexcellence.es\/expertos\/cinco-razones-por-las-que-la-ia-esta-subestimada\" target=\"_blank\" rel=\"noopener\"><span style=\"font-weight: 400;\"><span style=\"text-decoration: underline;\"><strong><span style=\"color: #2f5d5d;\"><strong>Cinc raons per les quals l&#8217;IA est\u00e0 subestimada<\/strong><\/span><\/strong><\/span><\/span><\/a> \u2013 Executive Excellence<\/p>\n<p><a href=\"https:\/\/vallededempleo.wordpress.com\/2025\/05\/13\/logan-roy-y-el-lado-oscuro-del-liderazgo-una-antileccion-desde-la-ficcion\/\" target=\"_blank\" rel=\"noopener\"><span style=\"font-weight: 400;\"><span style=\"text-decoration: underline;\"><strong><span style=\"color: #2f5d5d;\"><strong>Logan Roy i el costat fosc del lideratge: Una antilli\u00e7\u00f3 des de la ficci\u00f3<\/strong><\/span><\/strong><\/span><\/span><\/a><strong> \u2013 <\/strong><a href=\"https:\/\/vallededempleo.wordpress.com\/\" target=\"_blank\" rel=\"noopener\"><span style=\"font-weight: 400;\"><span style=\"text-decoration: underline;\"><strong><span style=\"color: #2f5d5d;\">Observatori d\u2019ocupaci\u00f3<\/span><\/strong><\/span><\/span><\/a><\/p>\n","protected":false},"excerpt":{"rendered":"<p>N\u00famero 116, Juny 2025<br \/>\nBenvolguts\/des companys\/es,<br \/>\nUs fem arribar el butllet\u00ed informatiu del PQiMC del mes de juny\u00a0desitjant que estigueu molt b\u00e9 i a punt per anar tancant el curs. \u00a0Ens teniu a la vostra disposici\u00f3 per tal d\u2019ajudar-vos en tot all\u00f2 que sigui possible.<\/p>\n<p>&nbsp;<br \/>\n\u00abCal fer el&hellip;  <a href=\"https:\/\/projectes.xtec.cat\/qualitatfp\/general\/butlleti-juny-2025\/\" title=\"Read Butllet\u00ed Juny 2025\">Llegeix m\u00e9s\u00bb<\/a><\/p>\n","protected":false},"author":1,"featured_media":13509,"comment_status":"open","ping_status":"closed","sticky":false,"template":"","format":"standard","meta":{"_bbp_topic_count":0,"_bbp_reply_count":0,"_bbp_total_topic_count":0,"_bbp_total_reply_count":0,"_bbp_voice_count":0,"_bbp_anonymous_reply_count":0,"_bbp_topic_count_hidden":0,"_bbp_reply_count_hidden":0,"_bbp_forum_subforum_count":0,"footnotes":""},"categories":[367,1,29],"tags":[],"class_list":["post-13500","post","type-post","status-publish","format-standard","has-post-thumbnail","hentry","category-butlleti","category-general","category-portada"],"post_mailing_queue_ids":[],"_links":{"self":[{"href":"https:\/\/projectes.xtec.cat\/qualitatfp\/wp-json\/wp\/v2\/posts\/13500","targetHints":{"allow":["GET"]}}],"collection":[{"href":"https:\/\/projectes.xtec.cat\/qualitatfp\/wp-json\/wp\/v2\/posts"}],"about":[{"href":"https:\/\/projectes.xtec.cat\/qualitatfp\/wp-json\/wp\/v2\/types\/post"}],"author":[{"embeddable":true,"href":"https:\/\/projectes.xtec.cat\/qualitatfp\/wp-json\/wp\/v2\/users\/1"}],"replies":[{"embeddable":true,"href":"https:\/\/projectes.xtec.cat\/qualitatfp\/wp-json\/wp\/v2\/comments?post=13500"}],"version-history":[{"count":6,"href":"https:\/\/projectes.xtec.cat\/qualitatfp\/wp-json\/wp\/v2\/posts\/13500\/revisions"}],"predecessor-version":[{"id":13643,"href":"https:\/\/projectes.xtec.cat\/qualitatfp\/wp-json\/wp\/v2\/posts\/13500\/revisions\/13643"}],"wp:featuredmedia":[{"embeddable":true,"href":"https:\/\/projectes.xtec.cat\/qualitatfp\/wp-json\/wp\/v2\/media\/13509"}],"wp:attachment":[{"href":"https:\/\/projectes.xtec.cat\/qualitatfp\/wp-json\/wp\/v2\/media?parent=13500"}],"wp:term":[{"taxonomy":"category","embeddable":true,"href":"https:\/\/projectes.xtec.cat\/qualitatfp\/wp-json\/wp\/v2\/categories?post=13500"},{"taxonomy":"post_tag","embeddable":true,"href":"https:\/\/projectes.xtec.cat\/qualitatfp\/wp-json\/wp\/v2\/tags?post=13500"}],"curies":[{"name":"wp","href":"https:\/\/api.w.org\/{rel}","templated":true}]}}