{"id":13725,"date":"2025-10-06T13:48:16","date_gmt":"2025-10-06T11:48:16","guid":{"rendered":"https:\/\/projectes.xtec.cat\/qualitatfp\/?p=13725"},"modified":"2025-10-06T16:56:48","modified_gmt":"2025-10-06T14:56:48","slug":"butlleti-octubre-2025","status":"publish","type":"post","link":"https:\/\/projectes.xtec.cat\/qualitatfp\/general\/butlleti-octubre-2025\/","title":{"rendered":"Butllet\u00ed Octubre 2025"},"content":{"rendered":"<p><b>N\u00famero 119, Octubre 2025<\/b><\/p>\n<p><b>Benvolguts\/des companys\/es,<\/b><\/p>\n<p><b><span style=\"color: #ff0000;\"><span style=\"color: #000000;\">Us fem a mans el butllet\u00ed informatiu del PQiMC del mes d&#8217;Octubre del 2025<\/span><\/span><\/b><span style=\"color: #ff0000;\"><span style=\"color: #000000;\">\u00a0desitjant que hagueu tingut un bon inici de curs<b>. <\/b>Ens teniu a la vostra disposici\u00f3 per tal d\u2019ajudar-vos en tot all\u00f2 que sigui possible.<\/span><\/span><\/p>\n<p><img loading=\"lazy\" decoding=\"async\" class=\"wp-image-13726 alignleft\" src=\"https:\/\/projectes.xtec.cat\/qualitatfp\/wp-content\/uploads\/usu772\/2025\/09\/hanna-arendt.jpg\" alt=\"\" width=\"96\" height=\"134\" \/><\/p>\n<p>&nbsp;<\/p>\n<p><strong><em>&#8221; L\u2019educaci\u00f3 \u00e9s el punt on decidim si estimem prou el m\u00f3n per assumir la responsabilitat de transformar-lo.&#8221; <\/em><\/strong><\/p>\n<p><em>Hannah Arendt<\/em><\/p>\n<p>&nbsp;<\/p>\n<div>\n<p><strong>1. Enhorabona<\/strong><\/p>\n<p>Des del Projecte de Qualitat i Millora Cont\u00ednua volem felicitar l\u2019<a href=\"https:\/\/www.insfpsantcugat.cat\/#Bio\"><span style=\"font-weight: 400;\"><span style=\"text-decoration: underline;\"><strong><span style=\"color: #2f5d5d;\">Institut FP Sant Cugat<\/span><\/strong><\/span><\/span><\/a> per haver assolit el nivell d\u2019excel\u00b7l\u00e8ncia educativa e2cat 300. El passat 17 de juny de 2025 van realitzar el contrast de l\u2019avaluaci\u00f3 e2cat, culminant aix\u00ed un proc\u00e9s llarg, rigor\u00f3s i enriquidor que van iniciar durant el curs 2023-2024.<\/p>\n<p>Aquest reconeixement reflecteix el comprom\u00eds del centre amb la qualitat, la millora cont\u00ednua i l\u2019excel\u00b7l\u00e8ncia educativa.<\/p>\n<p>Podeu llegir l\u2019article complet en el seg\u00fcent <strong><span style=\"text-decoration: underline;\"><strong><span style=\"color: #2f5d5d;\"><a style=\"color: #2f5d5d;\" href=\"https:\/\/projectes.xtec.cat\/qualitatfp\/general\/institut-fp-sant-cugat-construint-la-cultura-de-la-millora-continua\/\">enlla\u00e7<\/a><\/span><\/strong>.<\/span><\/strong><\/p>\n<\/div>\n<div><strong>2. Formaci\u00f3<\/strong><\/div>\n<div><\/div>\n<p><strong>Enlla\u00e7os xarxes d&#8217;inter\u00e8s (nom\u00e9s participants de centres de les xarxes M4 i E5)<\/strong><\/p>\n<div><span style=\"font-family: inherit; font-size: 1em;\">Per aconseguir la m\u00e0xima aplicabilitat d\u2019aquests grups de treball cal tenir en compte que <\/span><strong style=\"font-family: inherit; font-size: 1em;\">la persona que hi participi ho far\u00e0 en representaci\u00f3 del centre<\/strong><span style=\"font-family: inherit; font-size: 1em;\">\u00a0i haur\u00e0 de promocionar la implementaci\u00f3 d\u2019alguna o algunes de les Bones Pr\u00e0ctiques presentades i\/o producte final.<\/span><\/div>\n<div>\n<p style=\"font-weight: 400;\">El nombre m\u00e0xim de centres per a cada xarxa ser\u00e0 de 30. Per aquelles xarxes en qu\u00e8 el nombre d&#8217;inscripcions superi aquest valor, en l\u2019assignaci\u00f3 de les persones a les diferents xarxes es tindr\u00e0 en compte:<\/p>\n<p style=\"font-weight: 400;\">&#8211;\u00a0\u00a0\u00a0\u00a0\u00a0\u00a0\u00a0\u00a0La participaci\u00f3, en principi, d\u2019una persona per centre educatiu i xarxa (a excepci\u00f3 de les xarxes I02, I09 i I10).<\/p>\n<p style=\"font-weight: 400;\">&#8211;\u00a0\u00a0\u00a0\u00a0\u00a0\u00a0\u00a0\u00a0Que el c\u00e0rrec de la persona inscrita estigui alineat amb els objectius de la xarxa d\u2019inter\u00e8s.<\/p>\n<p style=\"font-weight: 400;\">&#8211;\u00a0\u00a0\u00a0\u00a0\u00a0\u00a0\u00a0\u00a0El comprom\u00eds per implementar i comunicar (a trav\u00e9s del\u00a0<a href=\"https:\/\/projectes.xtec.cat\/qualitatfp\/\" target=\"_blank\" rel=\"noopener\" data-saferedirecturl=\"https:\/\/www.google.com\/url?q=https:\/\/projectes.xtec.cat\/qualitatfp\/&amp;source=gmail&amp;ust=1721456420266000&amp;usg=AOvVaw1eDmETvyHfLnBw6LImcAeH\"><span style=\"font-weight: 400;\"><span style=\"text-decoration: underline;\"><strong><span style=\"color: #2f5d5d;\">web del PQiMC<\/span><\/strong><\/span><\/span><\/a>) el producte resultant dels treballs fets en la xarxa.<\/p>\n<p style=\"font-weight: 400;\">&#8211;\u00a0\u00a0\u00a0\u00a0\u00a0\u00a0\u00a0\u00a0L\u2019ordre d\u2019inscripci\u00f3<\/p>\n<\/div>\n<div><\/div>\n<div>\n<table style=\"border-collapse: collapse; width: 61.0072%; height: 122px;\">\n<tbody>\n<tr style=\"height: 32px;\">\n<td style=\"width: 11.5819%; height: 10px;\">0001330600<\/td>\n<td style=\"width: 86.2994%; height: 10px;\" valign=\"TOP\"><a href=\"https:\/\/aplicacions.gestioeducativa.gencat.cat\/ords\/pls\/soloas\/pk_for_mod_ins.p_for_detall_activitat?p_header=Llista%20d%27activitats%5Epk_for_mod_ins.p_for_cons_activitats?p_any=2025-2026%26p_totes=N%26p_inici=1%26p_excloure_crp_rec=T&amp;p_codi=0001330600&amp;p_curs=2025-2026&amp;p_excloure_crp_rec=T\" target=\"_blank\" rel=\"noopener\"><b><span style=\"font-weight: 400;\"><span style=\"text-decoration: underline;\"><strong><span style=\"color: #0000ff;\"><span style=\"color: #2f5d5d;\">Xarxa SGA1 Implementaci\u00f3 d&#8217;un Sistema de Gesti\u00f3 Ambiental<\/span><\/span><\/strong><\/span><\/span><\/b><\/a><br \/>\nCurs. Del 2\/10\/2025 al 18\/6\/2026 ( 30 hores )\u00a0 INS Escola del Treball<\/td>\n<\/tr>\n<tr style=\"height: 32px;\">\n<td style=\"width: 11.5819%; height: 32px;\">\u00a00001310600<\/td>\n<td style=\"width: 86.2994%; height: 32px;\"><a href=\"https:\/\/aplicacions.gestioeducativa.gencat.cat\/ords\/pls\/soloas\/pk_for_mod_ins.p_for_detall_activitat?p_header=Llista%20d%27activitats%5Epk_for_mod_ins.p_for_cons_activitats?p_any=2025-2026%26p_totes=N%26p_inici=1%26p_excloure_crp_rec=T&amp;p_codi=0001310600&amp;p_curs=2025-2026&amp;p_excloure_crp_rec=T\" target=\"_blank\" rel=\"noopener\"><b><span style=\"font-weight: 400;\"><span style=\"text-decoration: underline;\"><strong><span style=\"color: #0000ff;\"><span style=\"color: #2f5d5d;\">Xarxa SGA2 avan\u00e7at: per a coordinadors\/es de sostenibilitat<\/span><\/span><\/strong><\/span><\/span><\/b><\/a><br \/>\nCurs. Del 4\/12\/2025 al 18\/6\/2026 ( 30 hores &#8211; 4 sessions ) INS Carles Vallbona<\/td>\n<\/tr>\n<tr style=\"height: 48px;\">\n<td style=\"width: 11.5819%; height: 48px;\">0001360600<\/td>\n<td style=\"width: 86.2994%; height: 48px;\"><a href=\"https:\/\/aplicacions.gestioeducativa.gencat.cat\/ords\/pls\/soloas\/pk_for_mod_ins.p_for_detall_activitat?p_header=Llista%20d%27activitats%5Epk_for_mod_ins.p_for_cons_activitats?p_any=2025-2026%26p_totes=N%26p_inici=11%26p_excloure_crp_rec=T&amp;p_codi=0001360600&amp;p_curs=2025-2026&amp;p_excloure_crp_rec=T\" target=\"_blank\" rel=\"noopener\"><b><span style=\"font-weight: 400;\"><span style=\"text-decoration: underline;\"><strong><span style=\"color: #0000ff;\"><span style=\"color: #2f5d5d;\">Xarxa SST1 Implementaci\u00f3 de la norma ISO 45001 en els centres<\/span><\/span><\/strong><\/span><\/span><\/b><\/a><br \/>\nCurs. Del 2\/10\/2025 al 18\/6\/2026 ( 45 hores &#8211; 7 sessions ) INS Hospital del Mar FP Sanit\u00e0ria<\/td>\n<\/tr>\n<tr style=\"height: 32px;\">\n<td style=\"width: 11.5819%; height: 32px;\">0001350600<\/td>\n<td style=\"width: 86.2994%; height: 32px;\"><a href=\"https:\/\/aplicacions.gestioeducativa.gencat.cat\/ords\/pls\/soloas\/pk_for_mod_ins.p_for_detall_activitat?p_header=Llista%20d%27activitats%5Epk_for_mod_ins.p_for_cons_activitats?p_any=2025-2026%26p_totes=N%26p_inici=11%26p_excloure_crp_rec=T&amp;p_codi=0001350600&amp;p_curs=2025-2026&amp;p_excloure_crp_rec=T\" target=\"_blank\" rel=\"noopener\"><b><span style=\"font-weight: 400;\"><span style=\"text-decoration: underline;\"><strong><span style=\"color: #0000ff;\"><span style=\"color: #2f5d5d;\">Xarxa SST2 avan\u00e7at: per a coordinadors\/es de seguretat i salut<\/span><\/span><\/strong><\/span><\/span><\/b><\/a><br \/>\nCurs. Del 13\/11\/2025 al 18\/6\/2026 ( 30 hores &#8211; 5 sessions ) de 9:30h a 13:30h INS Hospital del Mar FP Sanit\u00e0ria<\/td>\n<\/tr>\n<\/tbody>\n<\/table>\n<\/div>\n<div><strong><span style=\"color: #000000;\"><span style=\"color: #ff6600;\">Properament us farem arribar els enlla\u00e7os de les formacions previstes durant el primer trimestre<\/span> <\/span><\/strong><\/div>\n<div><\/div>\n<div><\/div>\n<div>\n<p><strong style=\"font-family: inherit; font-size: 1em;\">2. CURSOS FIC<\/strong><\/p>\n<div>\n<p style=\"text-align: justify;\">Recordeu que podeu gestionar a trav\u00e9s del PQiMC cursos FIC (Formaci\u00f3 interna de centre). Les caracter\u00edstiques dels cursos FIC m\u00e9s rellevants s\u00f3n: 30 h de formaci\u00f3 m\u00ednima, de les quals es poden fer entre 3 i 6 hores de suport amb un formador extern, que far\u00e0 alguna sessi\u00f3 presencial\/virtual i us pot ajudar a organitzar\/seguir el curs. La resta d\u2019hores del curs seran impartides per un formador intern del vostre centre amb el suport dels materials formatius que trobareu en un aula Moodle que us podem facilitar des del Projecte.<br \/>\nPer m\u00e9s informaci\u00f3 us podeu adre\u00e7ar a: <strong>fpqualitat@xtec.cat<\/strong><\/p>\n<p><strong>3. Certificaci\u00f3 de Qualitat del servei de Formaci\u00f3 Professional en alternan\u00e7<\/strong><strong>a dual que presten els centres a trav\u00e9s de les empreses<\/strong><\/p>\n<p style=\"text-align: justify;\"><span class=\"C9DxTc \"><a href=\"https:\/\/www.youtube.com\/watch?v=jcdvE2cMq28\" target=\"_blank\" rel=\"noopener\"><img loading=\"lazy\" decoding=\"async\" class=\"alignleft wp-image-12892\" src=\"https:\/\/projectes.xtec.cat\/qualitatfp\/wp-content\/uploads\/usu772\/2024\/07\/CARATULA-AMB-PLAY.jpg\" alt=\"\" width=\"288\" height=\"161\" srcset=\"https:\/\/projectes.xtec.cat\/qualitatfp\/wp-content\/uploads\/usu772\/2024\/07\/CARATULA-AMB-PLAY.jpg 846w, https:\/\/projectes.xtec.cat\/qualitatfp\/wp-content\/uploads\/usu772\/2024\/07\/CARATULA-AMB-PLAY-300x167.jpg 300w, https:\/\/projectes.xtec.cat\/qualitatfp\/wp-content\/uploads\/usu772\/2024\/07\/CARATULA-AMB-PLAY-768x428.jpg 768w\" sizes=\"auto, (max-width: 288px) 100vw, 288px\" \/><\/a>Aquesta certificaci\u00f3 \u00e9s un reconeixement a l\u2019esfor\u00e7 de l<\/span><span class=\"C9DxTc \">es organitzacions<\/span><span class=\"C9DxTc \">\u00a0per promocionar el desenvolupament d<\/span><span class=\"C9DxTc \">e la formaci\u00f3 dual<\/span><span class=\"C9DxTc \"> (r\u00e8gim intensiu) i la qualitat del servei prestat. <\/span><span class=\"C9DxTc \">A trav\u00e9s d\u2019aquesta iniciativa,\u00a0<\/span><span class=\"C9DxTc \">es<\/span><span class=\"C9DxTc \">\u00a0vol conscienciar el teixit empresarial, els<\/span><span class=\"C9DxTc \"> centres educatius, les organitzacions i la societat, de la necessitat d\u2019impulsar una formaci\u00f3 professional dual (r\u00e8gim intensiu) de qualitat, que contribueixi a reduir la desocupaci\u00f3, millorar la competitivitat de les empreses i acostar el m\u00f3n empresarial i l\u2019educatiu.<\/span><\/p>\n<p style=\"text-align: justify;\"><span style=\"color: #000000;\">Recordeu que tota la informaci\u00f3 referent al procediment de certificaci\u00f3 en els nivells de Comprom\u00eds, Assegurament i Excel\u00b7l\u00e8ncia i com optar a les possibles bonificacions de\u00a0<strong>CaixaBank\u00a0<\/strong><em><strong>Dualitza<\/strong><\/em>\u00a0la trobareu en el nostre\u00a0<strong><a style=\"color: #000000;\" href=\"https:\/\/sites.google.com\/xtec.cat\/qualitatfpdual\/inici\" target=\"_blank\" rel=\"noopener\"><span style=\"font-weight: 400;\"><span style=\"text-decoration: underline;\"><span style=\"color: #2f5d5d;\">Site<\/span><\/span><\/span><\/a><\/strong>.<\/span><\/p>\n<p><img loading=\"lazy\" decoding=\"async\" class=\"aligncenter size-full wp-image-12911\" src=\"https:\/\/projectes.xtec.cat\/qualitatfp\/wp-content\/uploads\/usu772\/2024\/09\/LOGO-CERTIFICACIO-EMPRESES-ACTUALITZAT.jpg\" alt=\"\" width=\"1294\" height=\"276\" srcset=\"https:\/\/projectes.xtec.cat\/qualitatfp\/wp-content\/uploads\/usu772\/2024\/09\/LOGO-CERTIFICACIO-EMPRESES-ACTUALITZAT.jpg 1294w, https:\/\/projectes.xtec.cat\/qualitatfp\/wp-content\/uploads\/usu772\/2024\/09\/LOGO-CERTIFICACIO-EMPRESES-ACTUALITZAT-300x64.jpg 300w, https:\/\/projectes.xtec.cat\/qualitatfp\/wp-content\/uploads\/usu772\/2024\/09\/LOGO-CERTIFICACIO-EMPRESES-ACTUALITZAT-1024x218.jpg 1024w, https:\/\/projectes.xtec.cat\/qualitatfp\/wp-content\/uploads\/usu772\/2024\/09\/LOGO-CERTIFICACIO-EMPRESES-ACTUALITZAT-768x164.jpg 768w\" sizes=\"auto, (max-width: 1294px) 100vw, 1294px\" \/><br \/>\nTamb\u00e9 a l\u2019Odissea al\u00a0<strong><span style=\"color: #0000ff;\"><a style=\"color: #0000ff;\" href=\"https:\/\/odissea.xtec.cat\/course\/view.php?id=2290\" target=\"_blank\" rel=\"noopener\"><span style=\"font-weight: 400;\"><span style=\"text-decoration: underline;\"><span style=\"color: #2f5d5d;\">curs del Projecte de Qualitat i Millora Cont\u00ednua <\/span><\/span><\/span><\/a><\/span><\/strong>i a la nostra\u00a0<span style=\"color: #0000ff;\"><strong><a style=\"color: #0000ff;\" href=\"https:\/\/projectes.xtec.cat\/qualitatfp\/\" target=\"_blank\" rel=\"noopener\"><span style=\"font-weight: 400;\"><span style=\"text-decoration: underline;\"><span style=\"color: #2f5d5d;\">p\u00e0gina web<\/span><\/span><\/span><\/a><\/strong>.<\/span><\/p>\n<p>Per dubtes i consultes ens podeu escriure al correu \u00a0<strong><span style=\"color: #0000ff;\"><a style=\"color: #0000ff;\" href=\"mailto:fpqualitat@xtec.cat\" target=\"_blank\" rel=\"noopener\"><span style=\"font-weight: 400;\"><span style=\"text-decoration: underline;\"><span style=\"color: #2f5d5d;\">fpqualitat@xtec.cat<\/span><\/span><\/span><\/a><\/span><\/strong>o a <strong><span style=\"color: #0000ff;\"><a style=\"color: #0000ff;\" href=\"mailto:gestiofpdual.educacio@gencat.cat\" target=\"_blank\" rel=\"noopener\"><span style=\"font-weight: 400;\"><span style=\"text-decoration: underline;\"><span style=\"color: #2f5d5d;\">gestiofpdual.educacio@gencat.cat<\/span><\/span><\/span><\/a><\/span><\/strong><\/p>\n<p><img loading=\"lazy\" decoding=\"async\" class=\"wp-image-10779 aligncenter\" src=\"https:\/\/projectes.xtec.cat\/qualitatfp\/wp-content\/uploads\/usu772\/2022\/04\/Segells.png\" sizes=\"auto, (max-width: 321px) 100vw, 321px\" srcset=\"https:\/\/projectes.xtec.cat\/qualitatfp\/wp-content\/uploads\/usu772\/2022\/04\/Segells.png 744w, https:\/\/projectes.xtec.cat\/qualitatfp\/wp-content\/uploads\/usu772\/2022\/04\/Segells-300x128.png 300w\" alt=\"\" width=\"321\" height=\"137\" \/><\/p>\n<p><strong>4. Com publicar not\u00edcies al nostre NODES<\/strong><\/p>\n<p><span style=\"color: #000000;\">Es continua treballant per a que m\u00e9s empreses i organismes equiparats rebin la certificaci\u00f3 en qualitat en el servei dual que presten com a una col\u00b7laboraci\u00f3 en el desenvolupament del proc\u00e9s d&#8217;Ensenyament i Aprenentatge que l&#8217;alumnat rep des del centre educatiu.<\/span><\/p>\n<p>Animem a les persones que porten la coordinaci\u00f3 de qualitat i la coordinaci\u00f3 centre educatiu-empresa per a que impulseu el <a href=\"https:\/\/sites.google.com\/xtec.cat\/qualitatfpdual\/\" target=\"_blank\" rel=\"noopener\"><span style=\"font-weight: 400;\"><span style=\"text-decoration: underline;\"><strong><span style=\"color: #2f5d5d;\">procediment de certificaci\u00f3<\/span><\/strong><\/span><\/span><\/a> amb alguna de les empreses amb qu\u00e8 teniu una bona relaci\u00f3 i consolidada l&#8217;alian\u00e7a.<\/p>\n<p style=\"text-align: justify;\">Seguim interessats en que pugueu publicar not\u00edcies al nostre NODES relacionades amb la qualitat: si esteu fent formaci\u00f3 pel claustre, si heu certificat per primer cop ISO 9001, ISO 14001 i\/o ISO 45001, si esteu redactant la mem\u00f2ria o us presenteu al contrast del model e2cat, si voleu aconseguir altres certificacions, si certifiqueu alguna empresa en el servei d\u2019FP dual, si participeu en alguna jornada o concurs en relaci\u00f3 a la gesti\u00f3, o qualsevol bona pr\u00e0ctica interessant en relaci\u00f3 a la gesti\u00f3 de centres.<\/p>\n<p style=\"text-align: justify;\">A l\u2019apartat de Recursos del nostre NODES hi trobar\u00e0s tamb\u00e9 el\u00a0<span style=\"text-decoration: underline;\"><strong><span style=\"color: #0000ff; text-decoration: underline;\"><a style=\"color: #0000ff; text-decoration: underline;\" href=\"https:\/\/drive.google.com\/file\/d\/1zXarqEWdhFUQJvNp0XcXrdBILwgsZH7R\/view?pli=1\" target=\"_blank\" rel=\"noopener\"><span style=\"font-weight: 400;\"><span style=\"color: #2f5d5d;\">Tutorial<\/span><\/span><\/a><\/span><span style=\"color: #0000ff; text-decoration: underline;\">.<\/span><\/strong><\/span><\/p>\n<p><img loading=\"lazy\" decoding=\"async\" class=\"aligncenter\" src=\"https:\/\/projectes.xtec.cat\/qualitatfp\/wp-content\/uploads\/usu772\/2022\/03\/nodes.png\" width=\"543\" height=\"225\" \/><\/p>\n<p><span style=\"color: #333333;\"><strong>5. Normativa:<\/strong><\/span><\/p>\n<div>\n<div>\n<div>\n<table style=\"width: 100%; border-collapse: collapse; border-style: solid; border-color: #000000;\">\n<tbody>\n<tr>\n<td style=\"width: 100%; border-color: #000000;\">\n<h5><span style=\"text-decoration: underline;\"><strong>INFORMACIONS<\/strong><\/span><\/h5>\n<\/td>\n<\/tr>\n<\/tbody>\n<\/table>\n<\/div>\n<\/div>\n<\/div>\n<p><b><a href=\"https:\/\/espai.educacio.gencat.cat\/Centres\/Tasques-trimestres\/1er-trimestre\/Pagines\/default.aspx\" target=\"_blank\" rel=\"noopener\" data-saferedirecturl=\"https:\/\/www.google.com\/url?q=https:\/\/aplicacions.gestioeducativa.gencat.cat\/pls\/soloas\/pk_for_mod_ins.p_for_detall_activitat?p_header%3DLlista%2520d%2527activitats%255Epk_for_mod_ins.p_for_cons_activitats?p_any%3D2024-2025%2526p_totes%3DN%2526p_inici%3D21%2526p_excloure_crp_rec%3DT%26p_codi%3D0001890600%26p_curs%3D2024-2025%26p_excloure_crp_rec%3DT&amp;source=gmail&amp;ust=1725344508206000&amp;usg=AOvVaw1zdM3EcWRMZBR2hVZO5T12\"><span style=\"font-weight: 400;\"><span style=\"text-decoration: underline;\"><strong><span style=\"color: #2f5d5d;\">Principals tasques de revis\u00f3 a Esfer@ i Saga per al primer trimestre<\/span><\/strong><\/span><\/span><\/a><\/b><\/p>\n<p><b><a href=\"https:\/\/triaeducativa.gencat.cat\/ca\/proves\/proves-acces\/fp\/fp-gm\/pfi-acces-restringit\/#qualificacions\" target=\"_blank\" rel=\"noopener\" data-saferedirecturl=\"https:\/\/www.google.com\/url?q=https:\/\/aplicacions.gestioeducativa.gencat.cat\/pls\/soloas\/pk_for_mod_ins.p_for_detall_activitat?p_header%3DLlista%2520d%2527activitats%255Epk_for_mod_ins.p_for_cons_activitats?p_any%3D2024-2025%2526p_totes%3DN%2526p_inici%3D21%2526p_excloure_crp_rec%3DT%26p_codi%3D0001890600%26p_curs%3D2024-2025%26p_excloure_crp_rec%3DT&amp;source=gmail&amp;ust=1725344508206000&amp;usg=AOvVaw1zdM3EcWRMZBR2hVZO5T12\"><span style=\"font-weight: 400;\"><span style=\"text-decoration: underline;\"><strong><span style=\"color: #2f5d5d;\">Consulta les qualificacions definitives: <\/span><\/strong><\/span><\/span><\/a><\/b>Proves d&#8217;acc\u00e9s als cicles de formaci\u00f3 professional de grau mitj\u00e0 (convocat\u00f2ria restringida per a programes de formaci\u00f3 i inserci\u00f3)<\/p>\n<p><b><a href=\"https:\/\/triaeducativa.gencat.cat\/web\/.content\/fp\/formacio-centres-treball\/normativa-formacio-centres-treball.pdf\" target=\"_blank\" rel=\"noopener\" data-saferedirecturl=\"https:\/\/www.google.com\/url?q=https:\/\/aplicacions.gestioeducativa.gencat.cat\/pls\/soloas\/pk_for_mod_ins.p_for_detall_activitat?p_header%3DLlista%2520d%2527activitats%255Epk_for_mod_ins.p_for_cons_activitats?p_any%3D2024-2025%2526p_totes%3DN%2526p_inici%3D21%2526p_excloure_crp_rec%3DT%26p_codi%3D0001890600%26p_curs%3D2024-2025%26p_excloure_crp_rec%3DT&amp;source=gmail&amp;ust=1725344508206000&amp;usg=AOvVaw1zdM3EcWRMZBR2hVZO5T12\"><span style=\"font-weight: 400;\"><span style=\"text-decoration: underline;\"><strong><span style=\"color: #2f5d5d;\">Publicaci\u00f3 de la Normativa d&#8217;estada a l&#8217;empresa. Instruccions d&#8217;aplicaci\u00f3 curs 2025-2026<\/span><\/strong><\/span><\/span><\/a><\/b><\/p>\n<p><b><a href=\"https:\/\/www.caixabankdualiza.es\/convocatoria-de-ayudas\/convocatoria-de-ayudas-dualiza\/\" target=\"_blank\" rel=\"noopener\" data-saferedirecturl=\"https:\/\/www.google.com\/url?q=https:\/\/aplicacions.gestioeducativa.gencat.cat\/pls\/soloas\/pk_for_mod_ins.p_for_detall_activitat?p_header%3DLlista%2520d%2527activitats%255Epk_for_mod_ins.p_for_cons_activitats?p_any%3D2024-2025%2526p_totes%3DN%2526p_inici%3D21%2526p_excloure_crp_rec%3DT%26p_codi%3D0001890600%26p_curs%3D2024-2025%26p_excloure_crp_rec%3DT&amp;source=gmail&amp;ust=1725344508206000&amp;usg=AOvVaw1zdM3EcWRMZBR2hVZO5T12\"><span style=\"font-weight: 400;\"><span style=\"text-decoration: underline;\"><strong><span style=\"color: #2f5d5d;\">Convocatoria de Ayudas Dualiza para proyectos de centros de FP desarrollados en colaboraci\u00f3n con una empresa o entidad:\u00a0 <\/span><\/strong><\/span><\/span><\/a><\/b>Solicitudes del 30 de septiembre al 14 de octubre<\/p>\n<p><b><a href=\"https:\/\/espai.educacio.gencat.cat\/Recursos\/Solucions-suport-TIC\/Contrasenya-correu-xtec\/Pagines\/default.aspx\" target=\"_blank\" rel=\"noopener\" data-saferedirecturl=\"https:\/\/www.google.com\/url?q=https:\/\/aplicacions.gestioeducativa.gencat.cat\/pls\/soloas\/pk_for_mod_ins.p_for_detall_activitat?p_header%3DLlista%2520d%2527activitats%255Epk_for_mod_ins.p_for_cons_activitats?p_any%3D2024-2025%2526p_totes%3DN%2526p_inici%3D21%2526p_excloure_crp_rec%3DT%26p_codi%3D0001890600%26p_curs%3D2024-2025%26p_excloure_crp_rec%3DT&amp;source=gmail&amp;ust=1725344508206000&amp;usg=AOvVaw1zdM3EcWRMZBR2hVZO5T12\"><span style=\"font-weight: 400;\"><span style=\"text-decoration: underline;\"><strong><span style=\"color: #2f5d5d;\">Com recuperar la contrasenya del correu XTEC<\/span><\/strong><\/span><\/span><\/a><\/b><\/p>\n<p><b><a href=\"https:\/\/espai.educacio.gencat.cat\/Departament\/Directori-organigrama\/Pagines\/default.aspx\" target=\"_blank\" rel=\"noopener\" data-saferedirecturl=\"https:\/\/www.google.com\/url?q=https:\/\/aplicacions.gestioeducativa.gencat.cat\/pls\/soloas\/pk_for_mod_ins.p_for_detall_activitat?p_header%3DLlista%2520d%2527activitats%255Epk_for_mod_ins.p_for_cons_activitats?p_any%3D2024-2025%2526p_totes%3DN%2526p_inici%3D21%2526p_excloure_crp_rec%3DT%26p_codi%3D0001890600%26p_curs%3D2024-2025%26p_excloure_crp_rec%3DT&amp;source=gmail&amp;ust=1725344508206000&amp;usg=AOvVaw1zdM3EcWRMZBR2hVZO5T12\"><span style=\"font-weight: 400;\"><span style=\"text-decoration: underline;\"><strong><span style=\"color: #2f5d5d;\">Actualitzaci\u00f3 de l&#8217;organigrama del departament d&#8217;educaci\u00f3 i FP<\/span><\/strong><\/span><\/span><\/a><\/b><\/p>\n<p><b><a href=\"https:\/\/www.caixabankdualiza.es\/convocatoria-de-ayudas\/convocatoria-de-ayudas-dualiza\/\" target=\"_blank\" rel=\"noopener\" data-saferedirecturl=\"https:\/\/www.google.com\/url?q=https:\/\/aplicacions.gestioeducativa.gencat.cat\/pls\/soloas\/pk_for_mod_ins.p_for_detall_activitat?p_header%3DLlista%2520d%2527activitats%255Epk_for_mod_ins.p_for_cons_activitats?p_any%3D2024-2025%2526p_totes%3DN%2526p_inici%3D21%2526p_excloure_crp_rec%3DT%26p_codi%3D0001890600%26p_curs%3D2024-2025%26p_excloure_crp_rec%3DT&amp;source=gmail&amp;ust=1725344508206000&amp;usg=AOvVaw1zdM3EcWRMZBR2hVZO5T12\"><span style=\"font-weight: 400;\"><span style=\"text-decoration: underline;\"><strong><span style=\"color: #2f5d5d;\">Nova convocat\u00f2ria de subvencions per realitzar projectes culturals i art\u00edstics als centres educatius: <\/span><\/strong><\/span><\/span><\/a><\/b>El Departament de Cultura ha convocat una l\u00ednia d\u2019ajuts per realitzar projectes culturals i art\u00edstics<\/p>\n<p><b><a href=\"https:\/\/espai.educacio.gencat.cat\/Departament\/Comunicacio\/Noticies\/Pagines\/beques-postobligatoris.aspx\" target=\"_blank\" rel=\"noopener\" data-saferedirecturl=\"https:\/\/www.google.com\/url?q=https:\/\/aplicacions.gestioeducativa.gencat.cat\/pls\/soloas\/pk_for_mod_ins.p_for_detall_activitat?p_header%3DLlista%2520d%2527activitats%255Epk_for_mod_ins.p_for_cons_activitats?p_any%3D2024-2025%2526p_totes%3DN%2526p_inici%3D21%2526p_excloure_crp_rec%3DT%26p_codi%3D0001890600%26p_curs%3D2024-2025%26p_excloure_crp_rec%3DT&amp;source=gmail&amp;ust=1725344508206000&amp;usg=AOvVaw1zdM3EcWRMZBR2hVZO5T12\"><span style=\"font-weight: 400;\"><span style=\"text-decoration: underline;\"><strong><span style=\"color: #2f5d5d;\">Certificats per a les beques dels ensenyaments postobligatoris<\/span><\/strong><\/span><\/span><\/a><\/b><\/p>\n<p><b><a href=\"https:\/\/govern.cat\/salapremsa\/notes-premsa\/740740\/entra-marxa-mapa-vacants-dfp-que-posa-disposicio-m-15000-places\" target=\"_blank\" rel=\"noopener\" data-saferedirecturl=\"https:\/\/www.google.com\/url?q=https:\/\/aplicacions.gestioeducativa.gencat.cat\/pls\/soloas\/pk_for_mod_ins.p_for_detall_activitat?p_header%3DLlista%2520d%2527activitats%255Epk_for_mod_ins.p_for_cons_activitats?p_any%3D2024-2025%2526p_totes%3DN%2526p_inici%3D21%2526p_excloure_crp_rec%3DT%26p_codi%3D0001890600%26p_curs%3D2024-2025%26p_excloure_crp_rec%3DT&amp;source=gmail&amp;ust=1725344508206000&amp;usg=AOvVaw1zdM3EcWRMZBR2hVZO5T12\"><span style=\"font-weight: 400;\"><span style=\"text-decoration: underline;\"><strong><span style=\"color: #2f5d5d;\">Entra en marxa el mapa de vacants d&#8217;FP que posa a disposici\u00f3 m\u00e9s de 15.000 places<\/span><\/strong><\/span><\/span><\/a><\/b><\/p>\n<p><b><a href=\"https:\/\/espai.educacio.gencat.cat\/Departament\/Comunicacio\/Noticies\/Pagines\/Esfera-baixes-matricules.aspx\" target=\"_blank\" rel=\"noopener\" data-saferedirecturl=\"https:\/\/www.google.com\/url?q=https:\/\/aplicacions.gestioeducativa.gencat.cat\/pls\/soloas\/pk_for_mod_ins.p_for_detall_activitat?p_header%3DLlista%2520d%2527activitats%255Epk_for_mod_ins.p_for_cons_activitats?p_any%3D2024-2025%2526p_totes%3DN%2526p_inici%3D21%2526p_excloure_crp_rec%3DT%26p_codi%3D0001890600%26p_curs%3D2024-2025%26p_excloure_crp_rec%3DT&amp;source=gmail&amp;ust=1725344508206000&amp;usg=AOvVaw1zdM3EcWRMZBR2hVZO5T12\"><span style=\"font-weight: 400;\"><span style=\"text-decoration: underline;\"><strong><span style=\"color: #2f5d5d;\">Calendari per a les baixes massives de les matr\u00edcules a Esfer@<\/span><\/strong><\/span><\/span><\/a><\/b><\/p>\n<p><b><a href=\"https:\/\/documents.espai.educacio.gencat.cat\/IPCNormativa\/DisposicionsInternes\/20250916-Resolucio-centres-seleccionats-XarxaPFI.pdf\" target=\"_blank\" rel=\"noopener\" data-saferedirecturl=\"https:\/\/www.google.com\/url?q=https:\/\/aplicacions.gestioeducativa.gencat.cat\/pls\/soloas\/pk_for_mod_ins.p_for_detall_activitat?p_header%3DLlista%2520d%2527activitats%255Epk_for_mod_ins.p_for_cons_activitats?p_any%3D2024-2025%2526p_totes%3DN%2526p_inici%3D21%2526p_excloure_crp_rec%3DT%26p_codi%3D0001890600%26p_curs%3D2024-2025%26p_excloure_crp_rec%3DT&amp;source=gmail&amp;ust=1725344508206000&amp;usg=AOvVaw1zdM3EcWRMZBR2hVZO5T12\"><span style=\"font-weight: 400;\"><span style=\"text-decoration: underline;\"><strong><span style=\"color: #2f5d5d;\">Llista definitiva de centres seleccionats per participar en el programa Xarxa PFI<\/span><\/strong><\/span><\/span><\/a><\/b><\/p>\n<p><b><a href=\"https:\/\/espai.educacio.gencat.cat\/Centres\/Eleccions-consells-escolars\/RECE-funcions-manual\/Pagines\/default.aspx\" target=\"_blank\" rel=\"noopener\" data-saferedirecturl=\"https:\/\/www.google.com\/url?q=https:\/\/aplicacions.gestioeducativa.gencat.cat\/pls\/soloas\/pk_for_mod_ins.p_for_detall_activitat?p_header%3DLlista%2520d%2527activitats%255Epk_for_mod_ins.p_for_cons_activitats?p_any%3D2024-2025%2526p_totes%3DN%2526p_inici%3D21%2526p_excloure_crp_rec%3DT%26p_codi%3D0001890600%26p_curs%3D2024-2025%26p_excloure_crp_rec%3DT&amp;source=gmail&amp;ust=1725344508206000&amp;usg=AOvVaw1zdM3EcWRMZBR2hVZO5T12\"><span style=\"font-weight: 400;\"><span style=\"text-decoration: underline;\"><strong><span style=\"color: #2f5d5d;\">Publicats els manuals del RECE, per gestionar les eleccions als consells escolars<\/span><\/strong><\/span><\/span><\/a><\/b><\/p>\n<p><b><a href=\"https:\/\/espai.educacio.gencat.cat\/Centres\/Projectes-educatius\/ProaPlus\/PMOE-2024-2028\/Justificacio-economica\/Pagines\/default.aspx\" target=\"_blank\" rel=\"noopener\" data-saferedirecturl=\"https:\/\/www.google.com\/url?q=https:\/\/aplicacions.gestioeducativa.gencat.cat\/pls\/soloas\/pk_for_mod_ins.p_for_detall_activitat?p_header%3DLlista%2520d%2527activitats%255Epk_for_mod_ins.p_for_cons_activitats?p_any%3D2024-2025%2526p_totes%3DN%2526p_inici%3D21%2526p_excloure_crp_rec%3DT%26p_codi%3D0001890600%26p_curs%3D2024-2025%26p_excloure_crp_rec%3DT&amp;source=gmail&amp;ust=1725344508206000&amp;usg=AOvVaw1zdM3EcWRMZBR2hVZO5T12\"><span style=\"font-weight: 400;\"><span style=\"text-decoration: underline;\"><strong><span style=\"color: #2f5d5d;\">Actualitzaci\u00f3 dels interlocutors territorials del programa PMOE-PROA+<\/span><\/strong><\/span><\/span><\/a><\/b><\/p>\n<p><b><a href=\"https:\/\/educacio.gencat.cat\/ca\/departament\/linies-estrategiques\/pla-digitalitzacio-responsable\/\" target=\"_blank\" rel=\"noopener\" data-saferedirecturl=\"https:\/\/www.google.com\/url?q=https:\/\/aplicacions.gestioeducativa.gencat.cat\/pls\/soloas\/pk_for_mod_ins.p_for_detall_activitat?p_header%3DLlista%2520d%2527activitats%255Epk_for_mod_ins.p_for_cons_activitats?p_any%3D2024-2025%2526p_totes%3DN%2526p_inici%3D21%2526p_excloure_crp_rec%3DT%26p_codi%3D0001890600%26p_curs%3D2024-2025%26p_excloure_crp_rec%3DT&amp;source=gmail&amp;ust=1725344508206000&amp;usg=AOvVaw1zdM3EcWRMZBR2hVZO5T12\"><span style=\"font-weight: 400;\"><span style=\"text-decoration: underline;\"><strong><span style=\"color: #2f5d5d;\">Pla de digitalitzaci\u00f3 responsable: Guia per a les fam\u00edlies<\/span><\/strong><\/span><\/span><\/a><\/b><\/p>\n<\/div>\n<\/div>\n<p><b><a href=\"https:\/\/www.educaweb.com\/noticia\/2025\/09\/22\/educaweb-lanza-portal-exclusivo-orientacion-fp-21915\/\" target=\"_blank\" rel=\"noopener\" data-saferedirecturl=\"https:\/\/www.google.com\/url?q=https:\/\/aplicacions.gestioeducativa.gencat.cat\/pls\/soloas\/pk_for_mod_ins.p_for_detall_activitat?p_header%3DLlista%2520d%2527activitats%255Epk_for_mod_ins.p_for_cons_activitats?p_any%3D2024-2025%2526p_totes%3DN%2526p_inici%3D21%2526p_excloure_crp_rec%3DT%26p_codi%3D0001890600%26p_curs%3D2024-2025%26p_excloure_crp_rec%3DT&amp;source=gmail&amp;ust=1725344508206000&amp;usg=AOvVaw1zdM3EcWRMZBR2hVZO5T12\"><span style=\"font-weight: 400;\"><span style=\"text-decoration: underline;\"><strong><span style=\"color: #2f5d5d;\">Educaweb lanza un portal exclusivo de orientaci\u00f3n sobre la FP<\/span><\/strong><\/span><\/span><\/a><\/b><\/p>\n<p><b><a href=\"https:\/\/espai.educacio.gencat.cat\/Departament\/Comunicacio\/Noticies\/Pagines\/Preinscipcio-Arxivar-Documentacio.aspx\" target=\"_blank\" rel=\"noopener\" data-saferedirecturl=\"https:\/\/www.google.com\/url?q=https:\/\/aplicacions.gestioeducativa.gencat.cat\/pls\/soloas\/pk_for_mod_ins.p_for_detall_activitat?p_header%3DLlista%2520d%2527activitats%255Epk_for_mod_ins.p_for_cons_activitats?p_any%3D2024-2025%2526p_totes%3DN%2526p_inici%3D21%2526p_excloure_crp_rec%3DT%26p_codi%3D0001890600%26p_curs%3D2024-2025%26p_excloure_crp_rec%3DT&amp;source=gmail&amp;ust=1725344508206000&amp;usg=AOvVaw1zdM3EcWRMZBR2hVZO5T12\"><span style=\"font-weight: 400;\"><span style=\"text-decoration: underline;\"><strong><span style=\"color: #2f5d5d;\">Descarregar, arxivar i custodiar la documentaci\u00f3<\/span><\/strong><\/span><\/span><\/a><\/b><\/p>\n<p><b><a href=\"https:\/\/espai.educacio.gencat.cat\/Departament\/Comunicacio\/Noticies\/Pagines\/Funcionalitats-eCentres.aspx\" target=\"_blank\" rel=\"noopener\" data-saferedirecturl=\"https:\/\/www.google.com\/url?q=https:\/\/aplicacions.gestioeducativa.gencat.cat\/pls\/soloas\/pk_for_mod_ins.p_for_detall_activitat?p_header%3DLlista%2520d%2527activitats%255Epk_for_mod_ins.p_for_cons_activitats?p_any%3D2024-2025%2526p_totes%3DN%2526p_inici%3D21%2526p_excloure_crp_rec%3DT%26p_codi%3D0001890600%26p_curs%3D2024-2025%26p_excloure_crp_rec%3DT&amp;source=gmail&amp;ust=1725344508206000&amp;usg=AOvVaw1zdM3EcWRMZBR2hVZO5T12\"><span style=\"font-weight: 400;\"><span style=\"text-decoration: underline;\"><strong><span style=\"color: #2f5d5d;\">eCentres &#8211; Incid\u00e8ncia amb algunes funcionalitats<\/span><\/strong><\/span><\/span><\/a><\/b><\/p>\n<p><b style=\"font-family: inherit; font-size: 1em;\"><a href=\"https:\/\/espai.educacio.gencat.cat\/Centres\/Serveis-FP\/premis\/catalonia-biz-day\/Pagines\/default.aspx\" target=\"_blank\" rel=\"noopener\" data-saferedirecturl=\"https:\/\/www.google.com\/url?q=https:\/\/aplicacions.gestioeducativa.gencat.cat\/pls\/soloas\/pk_for_mod_ins.p_for_detall_activitat?p_header%3DLlista%2520d%2527activitats%255Epk_for_mod_ins.p_for_cons_activitats?p_any%3D2024-2025%2526p_totes%3DN%2526p_inici%3D21%2526p_excloure_crp_rec%3DT%26p_codi%3D0001890600%26p_curs%3D2024-2025%26p_excloure_crp_rec%3DT&amp;source=gmail&amp;ust=1725344508206000&amp;usg=AOvVaw1zdM3EcWRMZBR2hVZO5T12\"><span style=\"font-weight: 400;\"><span style=\"text-decoration: underline;\"><strong><span style=\"color: #2f5d5d;\">Selecci\u00f3 de les millors iniciatives i col\u00b7laboracions entre centres d&#8217;FP i empreses, tramesa de candidatures fins al 16 d&#8217;octubre<\/span><\/strong><\/span><\/span><\/a><\/b><\/p>\n<div>\n<p><b><a href=\"https:\/\/espai.educacio.gencat.cat\/Alumnes\/Avaluacio\/Avaluacio-final-Esfera\/Gestio-avaluacio-FP\/Pagines\/default.aspx\" target=\"_blank\" rel=\"noopener\" data-saferedirecturl=\"https:\/\/www.google.com\/url?q=https:\/\/aplicacions.gestioeducativa.gencat.cat\/pls\/soloas\/pk_for_mod_ins.p_for_detall_activitat?p_header%3DLlista%2520d%2527activitats%255Epk_for_mod_ins.p_for_cons_activitats?p_any%3D2024-2025%2526p_totes%3DN%2526p_inici%3D21%2526p_excloure_crp_rec%3DT%26p_codi%3D0001890600%26p_curs%3D2024-2025%26p_excloure_crp_rec%3DT&amp;source=gmail&amp;ust=1725344508206000&amp;usg=AOvVaw1zdM3EcWRMZBR2hVZO5T12\"><span style=\"font-weight: 400;\"><span style=\"text-decoration: underline;\"><strong><span style=\"color: #2f5d5d;\">Guies per gestionar l&#8217;avaluaci\u00f3 a Esfer@ dels cicles derivats de la LOOIFPl<\/span><\/strong><\/span><\/span><\/a><\/b><\/p>\n<\/div>\n<p><b><a href=\"https:\/\/espai.educacio.gencat.cat\/Centres\/Projectes-educatius\/Llengues-estrangeres\/Suport-certificacio-coneixements-llengues\/Pagines\/default.aspx\" target=\"_blank\" rel=\"noopener\" data-saferedirecturl=\"https:\/\/www.google.com\/url?q=https:\/\/aplicacions.gestioeducativa.gencat.cat\/pls\/soloas\/pk_for_mod_ins.p_for_detall_activitat?p_header%3DLlista%2520d%2527activitats%255Epk_for_mod_ins.p_for_cons_activitats?p_any%3D2024-2025%2526p_totes%3DN%2526p_inici%3D21%2526p_excloure_crp_rec%3DT%26p_codi%3D0001890600%26p_curs%3D2024-2025%26p_excloure_crp_rec%3DT&amp;source=gmail&amp;ust=1725344508206000&amp;usg=AOvVaw1zdM3EcWRMZBR2hVZO5T12\"><span style=\"font-weight: 400;\"><span style=\"text-decoration: underline;\"><strong><span style=\"color: #2f5d5d;\">Programa de certificaci\u00f3 dels coneixements de lleng\u00fces, sol\u00b7licituds fins al 16 d&#8217;octubre<\/span><\/strong><\/span><\/span><\/a><\/b><\/p>\n<p><b><a href=\"https:\/\/espai.educacio.gencat.cat\/Departament\/Comunicacio\/Noticies\/Pagines\/Taules-retributives-docent.aspx\" target=\"_blank\" rel=\"noopener\" data-saferedirecturl=\"https:\/\/www.google.com\/url?q=https:\/\/aplicacions.gestioeducativa.gencat.cat\/pls\/soloas\/pk_for_mod_ins.p_for_detall_activitat?p_header%3DLlista%2520d%2527activitats%255Epk_for_mod_ins.p_for_cons_activitats?p_any%3D2024-2025%2526p_totes%3DN%2526p_inici%3D21%2526p_excloure_crp_rec%3DT%26p_codi%3D0001890600%26p_curs%3D2024-2025%26p_excloure_crp_rec%3DT&amp;source=gmail&amp;ust=1725344508206000&amp;usg=AOvVaw1zdM3EcWRMZBR2hVZO5T12\"><span style=\"font-weight: 400;\"><span style=\"text-decoration: underline;\"><strong><span style=\"color: #2f5d5d;\">Taules retributives per al personal docent<\/span><\/strong><\/span><\/span><\/a><\/b><\/p>\n<p><b><a href=\"https:\/\/espai.educacio.gencat.cat\/Personal\/Formacio\/pas-pae\/acollida\/Pagines\/default.aspx\" target=\"_blank\" rel=\"noopener\" data-saferedirecturl=\"https:\/\/www.google.com\/url?q=https:\/\/aplicacions.gestioeducativa.gencat.cat\/pls\/soloas\/pk_for_mod_ins.p_for_detall_activitat?p_header%3DLlista%2520d%2527activitats%255Epk_for_mod_ins.p_for_cons_activitats?p_any%3D2024-2025%2526p_totes%3DN%2526p_inici%3D21%2526p_excloure_crp_rec%3DT%26p_codi%3D0001890600%26p_curs%3D2024-2025%26p_excloure_crp_rec%3DT&amp;source=gmail&amp;ust=1725344508206000&amp;usg=AOvVaw1zdM3EcWRMZBR2hVZO5T12\"><span style=\"font-weight: 400;\"><span style=\"text-decoration: underline;\"><strong><span style=\"color: #2f5d5d;\">Cursos d&#8217;acollida per a personal PAS i PAE de nova incorporaci\u00f3<\/span><\/strong><\/span><\/span><\/a><\/b><\/p>\n<div>\n<p><b><a href=\"https:\/\/espai.educacio.gencat.cat\/Departament\/Comunicacio\/Noticies\/Pagines\/autoaprenentatge-forums-jornades.aspx\" target=\"_blank\" rel=\"noopener\" data-saferedirecturl=\"https:\/\/www.google.com\/url?q=https:\/\/aplicacions.gestioeducativa.gencat.cat\/pls\/soloas\/pk_for_mod_ins.p_for_detall_activitat?p_header%3DLlista%2520d%2527activitats%255Epk_for_mod_ins.p_for_cons_activitats?p_any%3D2024-2025%2526p_totes%3DN%2526p_inici%3D21%2526p_excloure_crp_rec%3DT%26p_codi%3D0001890600%26p_curs%3D2024-2025%26p_excloure_crp_rec%3DT&amp;source=gmail&amp;ust=1725344508206000&amp;usg=AOvVaw1zdM3EcWRMZBR2hVZO5T12\"><span style=\"font-weight: 400;\"><span style=\"text-decoration: underline;\"><strong><span style=\"color: #2f5d5d;\">Recursos d&#8217;autoformaci\u00f3 sobre aplicacions i administraci\u00f3 digital<\/span><\/strong><\/span><\/span><\/a><\/b><\/p>\n<\/div>\n<p><b><a href=\"https:\/\/espai.educacio.gencat.cat\/Departament\/Comunicacio\/Noticies\/Pagines\/matricula-complecio-publics.aspx\" target=\"_blank\" rel=\"noopener\" data-saferedirecturl=\"https:\/\/www.google.com\/url?q=https:\/\/aplicacions.gestioeducativa.gencat.cat\/pls\/soloas\/pk_for_mod_ins.p_for_detall_activitat?p_header%3DLlista%2520d%2527activitats%255Epk_for_mod_ins.p_for_cons_activitats?p_any%3D2024-2025%2526p_totes%3DN%2526p_inici%3D21%2526p_excloure_crp_rec%3DT%26p_codi%3D0001890600%26p_curs%3D2024-2025%26p_excloure_crp_rec%3DT&amp;source=gmail&amp;ust=1725344508206000&amp;usg=AOvVaw1zdM3EcWRMZBR2hVZO5T12\"><span style=\"font-weight: 400;\"><span style=\"text-decoration: underline;\"><strong><span style=\"color: #2f5d5d;\">Matr\u00edcula de l&#8217;alumnat en proc\u00e9s de compleci\u00f3 i dels que opten pel nou pla d\u2019estudis<\/span><\/strong><\/span><\/span><\/a><\/b><\/p>\n<p><b><a href=\"https:\/\/planderecuperacion.gob.es\/noticias\/conoce-ayudas-red-estatal-centros-excelencia-formacion-profesional-2025-prtr\" target=\"_blank\" rel=\"noopener\" data-saferedirecturl=\"https:\/\/www.google.com\/url?q=https:\/\/aplicacions.gestioeducativa.gencat.cat\/pls\/soloas\/pk_for_mod_ins.p_for_detall_activitat?p_header%3DLlista%2520d%2527activitats%255Epk_for_mod_ins.p_for_cons_activitats?p_any%3D2024-2025%2526p_totes%3DN%2526p_inici%3D21%2526p_excloure_crp_rec%3DT%26p_codi%3D0001890600%26p_curs%3D2024-2025%26p_excloure_crp_rec%3DT&amp;source=gmail&amp;ust=1725344508206000&amp;usg=AOvVaw1zdM3EcWRMZBR2hVZO5T12\"><span style=\"font-weight: 400;\"><span style=\"text-decoration: underline;\"><strong><span style=\"color: #2f5d5d;\">Conoce las ayudas a la red estatal de centros de excelencia de la Formaci\u00f3n Profesional (2025)<\/span><\/strong><\/span><\/span><\/a><\/b><\/p>\n<p><b><a href=\"https:\/\/espai.educacio.gencat.cat\/Centres\/Tramits\/Pagines\/ceepsir.aspx\" target=\"_blank\" rel=\"noopener\" data-saferedirecturl=\"https:\/\/www.google.com\/url?q=https:\/\/aplicacions.gestioeducativa.gencat.cat\/pls\/soloas\/pk_for_mod_ins.p_for_detall_activitat?p_header%3DLlista%2520d%2527activitats%255Epk_for_mod_ins.p_for_cons_activitats?p_any%3D2024-2025%2526p_totes%3DN%2526p_inici%3D21%2526p_excloure_crp_rec%3DT%26p_codi%3D0001890600%26p_curs%3D2024-2025%26p_excloure_crp_rec%3DT&amp;source=gmail&amp;ust=1725344508206000&amp;usg=AOvVaw1zdM3EcWRMZBR2hVZO5T12\"><span style=\"font-weight: 400;\"><span style=\"text-decoration: underline;\"><strong><span style=\"color: #2f5d5d;\">Llista provisional de centres d\u2019educaci\u00f3 especial per a prove\u00efdors de serveis i recursos (CEEPSIR), tramesa dal\u00b7legacicons fins al 13 d&#8217;octubre<\/span><\/strong><\/span><\/span><\/a><\/b><\/p>\n<div>\n<div>\n<div>\n<div>\n<table style=\"width: 100%; border-collapse: collapse; border-style: solid; border-color: #000000;\">\n<tbody>\n<tr>\n<td style=\"width: 100%; border-color: #000000;\">\n<h5><span style=\"text-decoration: underline;\"><strong>DOGC<\/strong><\/span><\/h5>\n<\/td>\n<\/tr>\n<\/tbody>\n<\/table>\n<\/div>\n<\/div>\n<\/div>\n<p><b><a href=\"https:\/\/dogc.gencat.cat\/ca\/document-del-dogc\/?documentId=1023750\" target=\"_blank\" rel=\"noopener\" data-saferedirecturl=\"https:\/\/www.google.com\/url?q=https:\/\/aplicacions.gestioeducativa.gencat.cat\/pls\/soloas\/pk_for_mod_ins.p_for_detall_activitat?p_header%3DLlista%2520d%2527activitats%255Epk_for_mod_ins.p_for_cons_activitats?p_any%3D2024-2025%2526p_totes%3DN%2526p_inici%3D21%2526p_excloure_crp_rec%3DT%26p_codi%3D0001890600%26p_curs%3D2024-2025%26p_excloure_crp_rec%3DT&amp;source=gmail&amp;ust=1725344508206000&amp;usg=AOvVaw1zdM3EcWRMZBR2hVZO5T12\"><span style=\"font-weight: 400;\"><span style=\"text-decoration: underline;\"><strong><span style=\"color: #2f5d5d;\">Acord GOV\/213\/2025, de 2 de setembre, pel qual es crea la Taula per a l&#8217;Aplicaci\u00f3 del Pacte Nacional de Salut Mental de Catalunya<\/span><\/strong><\/span><\/span><\/a><\/b><\/p>\n<p><b><a href=\"https:\/\/dogc.gencat.cat\/ca\/document-del-dogc\/?documentId=1024445\" target=\"_blank\" rel=\"noopener\" data-saferedirecturl=\"https:\/\/www.google.com\/url?q=https:\/\/aplicacions.gestioeducativa.gencat.cat\/pls\/soloas\/pk_for_mod_ins.p_for_detall_activitat?p_header%3DLlista%2520d%2527activitats%255Epk_for_mod_ins.p_for_cons_activitats?p_any%3D2024-2025%2526p_totes%3DN%2526p_inici%3D21%2526p_excloure_crp_rec%3DT%26p_codi%3D0001890600%26p_curs%3D2024-2025%26p_excloure_crp_rec%3DT&amp;source=gmail&amp;ust=1725344508206000&amp;usg=AOvVaw1zdM3EcWRMZBR2hVZO5T12\"><span style=\"font-weight: 400;\"><span style=\"text-decoration: underline;\"><strong><span style=\"color: #2f5d5d;\">Ordre EDF\/148\/2025, de 28 de juliol, per la qual es creen diversos preus p\u00fablics per a la matr\u00edcula dels cicles formatius de grau superior impartits en els centres dependents del Departament d&#8217;Educaci\u00f3 i Formaci\u00f3 Professional<\/span><\/strong><\/span><\/span><\/a><\/b><\/p>\n<p><b><a href=\"https:\/\/www.educacionfpydeportes.gob.es\/servicios-al-ciudadano\/informacion-publica\/consulta-publica-previa\/abiertos\/2025\/po-normativo-om-6.html\" target=\"_blank\" rel=\"noopener\" data-saferedirecturl=\"https:\/\/www.google.com\/url?q=https:\/\/aplicacions.gestioeducativa.gencat.cat\/pls\/soloas\/pk_for_mod_ins.p_for_detall_activitat?p_header%3DLlista%2520d%2527activitats%255Epk_for_mod_ins.p_for_cons_activitats?p_any%3D2024-2025%2526p_totes%3DN%2526p_inici%3D21%2526p_excloure_crp_rec%3DT%26p_codi%3D0001890600%26p_curs%3D2024-2025%26p_excloure_crp_rec%3DT&amp;source=gmail&amp;ust=1725344508206000&amp;usg=AOvVaw1zdM3EcWRMZBR2hVZO5T12\"><span style=\"font-weight: 400;\"><span style=\"text-decoration: underline;\"><strong><span style=\"color: #2f5d5d;\">Proyecto de orden por la que se actualizan determinados est\u00e1ndares de competencias profesionales de distintas familias profesionales<\/span><\/strong><\/span><\/span><\/a><\/b><\/p>\n<p><b><a href=\"https:\/\/dogc.gencat.cat\/ca\/document-del-dogc\/?documentId=1025373\" target=\"_blank\" rel=\"noopener\" data-saferedirecturl=\"https:\/\/www.google.com\/url?q=https:\/\/aplicacions.gestioeducativa.gencat.cat\/pls\/soloas\/pk_for_mod_ins.p_for_detall_activitat?p_header%3DLlista%2520d%2527activitats%255Epk_for_mod_ins.p_for_cons_activitats?p_any%3D2024-2025%2526p_totes%3DN%2526p_inici%3D21%2526p_excloure_crp_rec%3DT%26p_codi%3D0001890600%26p_curs%3D2024-2025%26p_excloure_crp_rec%3DT&amp;source=gmail&amp;ust=1725344508206000&amp;usg=AOvVaw1zdM3EcWRMZBR2hVZO5T12\"><span style=\"font-weight: 400;\"><span style=\"text-decoration: underline;\"><strong><span style=\"color: #2f5d5d;\">Resoluci\u00f3 EDF\/3511\/2025, de 28 de juliol, per la qual es deixa sense efectes l&#8217;annex 5 de la Resoluci\u00f3 ENS\/1891\/2012, de 23 d&#8217;agost, d&#8217;organitzaci\u00f3 de diverses mesures flexibilitzadores i actuacions en la formaci\u00f3 professional inicial<\/span><\/strong><\/span><\/span><\/a><\/b><\/p>\n<p><b><a href=\"https:\/\/dogc.gencat.cat\/ca\/document-del-dogc\/?documentId=1025581\" target=\"_blank\" rel=\"noopener\" data-saferedirecturl=\"https:\/\/www.google.com\/url?q=https:\/\/aplicacions.gestioeducativa.gencat.cat\/pls\/soloas\/pk_for_mod_ins.p_for_detall_activitat?p_header%3DLlista%2520d%2527activitats%255Epk_for_mod_ins.p_for_cons_activitats?p_any%3D2024-2025%2526p_totes%3DN%2526p_inici%3D21%2526p_excloure_crp_rec%3DT%26p_codi%3D0001890600%26p_curs%3D2024-2025%26p_excloure_crp_rec%3DT&amp;source=gmail&amp;ust=1725344508206000&amp;usg=AOvVaw1zdM3EcWRMZBR2hVZO5T12\"><span style=\"font-weight: 400;\"><span style=\"text-decoration: underline;\"><strong><span style=\"color: #2f5d5d;\">Resoluci\u00f3 EMT\/3561\/2025, de 30 de setembre, per la qual s&#8217;atorguen els Premis DonaTIC del Departament d&#8217;Empresa i Treball (onzena edici\u00f3)<\/span><\/strong><\/span><\/span><\/a><\/b><\/p>\n<div>\n<div>\n<div>\n<div>\n<div>\n<table style=\"width: 100%; border-collapse: collapse; border-style: solid; border-color: #000000;\">\n<tbody>\n<tr>\n<td style=\"width: 100%; border-color: #000000;\">\n<h5><span style=\"text-decoration: underline;\"><strong>BOE<\/strong><\/span><\/h5>\n<\/td>\n<\/tr>\n<\/tbody>\n<\/table>\n<\/div>\n<\/div>\n<\/div>\n<p><b><a href=\"https:\/\/www.boe.es\/diario_boe\/txt.php?id=BOE-B-2025-32309\" target=\"_blank\" rel=\"noopener\" data-saferedirecturl=\"https:\/\/www.google.com\/url?q=https:\/\/aplicacions.gestioeducativa.gencat.cat\/pls\/soloas\/pk_for_mod_ins.p_for_detall_activitat?p_header%3DLlista%2520d%2527activitats%255Epk_for_mod_ins.p_for_cons_activitats?p_any%3D2024-2025%2526p_totes%3DN%2526p_inici%3D21%2526p_excloure_crp_rec%3DT%26p_codi%3D0001890600%26p_curs%3D2024-2025%26p_excloure_crp_rec%3DT&amp;source=gmail&amp;ust=1725344508206000&amp;usg=AOvVaw1zdM3EcWRMZBR2hVZO5T12\"><span style=\"font-weight: 400;\"><span style=\"text-decoration: underline;\"><strong><span style=\"color: #2f5d5d;\">Extracto de la Resoluci\u00f3n de 20 de junio de 2025 de la Secretar\u00eda de Estado de Educaci\u00f3n por la que se convocan los premios para Proyectos de Convivencia y Bienestar en el \u00e1mbito escolar correspondientes al curso 2024-2025.<\/span><\/strong><\/span><\/span><\/a><\/b><\/p>\n<p><b><a href=\"https:\/\/www.boe.es\/diario_boe\/txt.php?id=BOE-B-2025-32513\" target=\"_blank\" rel=\"noopener\" data-saferedirecturl=\"https:\/\/www.google.com\/url?q=https:\/\/aplicacions.gestioeducativa.gencat.cat\/pls\/soloas\/pk_for_mod_ins.p_for_detall_activitat?p_header%3DLlista%2520d%2527activitats%255Epk_for_mod_ins.p_for_cons_activitats?p_any%3D2024-2025%2526p_totes%3DN%2526p_inici%3D21%2526p_excloure_crp_rec%3DT%26p_codi%3D0001890600%26p_curs%3D2024-2025%26p_excloure_crp_rec%3DT&amp;source=gmail&amp;ust=1725344508206000&amp;usg=AOvVaw1zdM3EcWRMZBR2hVZO5T12\"><span style=\"font-weight: 400;\"><span style=\"text-decoration: underline;\"><strong><span style=\"color: #2f5d5d;\">Extracto de la Orden de 06 de septiembre de 2025 del Ministerio de Educaci\u00f3n, Formaci\u00f3n Profesional y Deportes por la que se convocan los Premios Aulas por la Igualdad: Premios Irene 2025<\/span><\/strong><\/span><\/span><\/a><\/b><\/p>\n<p><b><a href=\"https:\/\/www.boe.es\/diario_boe\/txt.php?id=BOE-B-2025-35278\" target=\"_blank\" rel=\"noopener\" data-saferedirecturl=\"https:\/\/www.google.com\/url?q=https:\/\/aplicacions.gestioeducativa.gencat.cat\/pls\/soloas\/pk_for_mod_ins.p_for_detall_activitat?p_header%3DLlista%2520d%2527activitats%255Epk_for_mod_ins.p_for_cons_activitats?p_any%3D2024-2025%2526p_totes%3DN%2526p_inici%3D21%2526p_excloure_crp_rec%3DT%26p_codi%3D0001890600%26p_curs%3D2024-2025%26p_excloure_crp_rec%3DT&amp;source=gmail&amp;ust=1725344508206000&amp;usg=AOvVaw1zdM3EcWRMZBR2hVZO5T12\"><span style=\"font-weight: 400;\"><span style=\"text-decoration: underline;\"><strong><span style=\"color: #2f5d5d;\">Extracto de la resoluci\u00f3n de fecha de 22 de septiembre de 2025 de la Secretar\u00eda General de Formaci\u00f3n Profesional por la que se procede a la convocatoria de ayudas destinadas a la modalidad 1 de la Red Estatal de Centros de Excelencia de la Formaci\u00f3n Profesional en el a\u00f1o 2025 en el marco del Plan de Recuperaci\u00f3n, Transformaci\u00f3n y Resiliencia &#8211; Financiado por la Uni\u00f3n Europea &#8211; NextGenerationEU.<\/span><\/strong><\/span><\/span><\/a><\/b><\/p>\n<p><b><a href=\"https:\/\/www.boe.es\/diario_boe\/txt.php?id=BOE-B-2025-35182\" target=\"_blank\" rel=\"noopener\" data-saferedirecturl=\"https:\/\/www.google.com\/url?q=https:\/\/aplicacions.gestioeducativa.gencat.cat\/pls\/soloas\/pk_for_mod_ins.p_for_detall_activitat?p_header%3DLlista%2520d%2527activitats%255Epk_for_mod_ins.p_for_cons_activitats?p_any%3D2024-2025%2526p_totes%3DN%2526p_inici%3D21%2526p_excloure_crp_rec%3DT%26p_codi%3D0001890600%26p_curs%3D2024-2025%26p_excloure_crp_rec%3DT&amp;source=gmail&amp;ust=1725344508206000&amp;usg=AOvVaw1zdM3EcWRMZBR2hVZO5T12\"><span style=\"font-weight: 400;\"><span style=\"text-decoration: underline;\"><strong><span style=\"color: #2f5d5d;\">Extracto de la Resoluci\u00f3n de la Secretar\u00eda General de Formaci\u00f3n Profesional de fecha 22 de septiembre de 2025 por la que se procede a la convocatoria de \u00e1mbito estatal de ayudas destinadas a la modalidad 2 de la red estatal de centros de excelencia de la Formaci\u00f3n Profesional en el a\u00f1o 2025, en el marco del Plan de Recuperaci\u00f3n, Transformaci\u00f3n y Resiliencia, financiado por la Uni\u00f3n Europea, NextGenerationEU<\/span><\/strong><\/span><\/span><\/a><\/b><\/p>\n<\/div>\n<table style=\"width: 100%; border-collapse: collapse; border-style: solid; border-color: #000000;\">\n<tbody>\n<tr>\n<td style=\"width: 100%;\">\n<h5><strong style=\"font-family: inherit; font-size: 1em;\">Enlla\u00e7os d\u2019inter\u00e8s<\/strong><\/h5>\n<\/td>\n<\/tr>\n<\/tbody>\n<\/table>\n<p><a href=\"https:\/\/www.elnacional.cat\/ca\/societat\/totes-novetats-curs-escolar-2025-2026-catalunya_1478046_102.html\" target=\"_blank\" rel=\"noopener\"><span style=\"font-weight: 400;\"><span style=\"text-decoration: underline;\"><strong><span style=\"color: #2f5d5d;\">Totes les novetats del curs escolar 2025-2026 a Catalunya: La reducci\u00f3 de r\u00e0tios, el veto als m\u00f2bils i l&#8217;agilitzaci\u00f3 en el nomenament de professors marcaran el curs<\/span><\/strong><\/span><\/span><\/a><\/p>\n<p><a href=\"https:\/\/www.educacionfpydeportes.gob.es\/prensa\/fotonoticias\/2025\/09\/20250903-conveniofpcamaracomercio.html\" target=\"_blank\" rel=\"noopener\"><span style=\"font-weight: 400;\"><span style=\"text-decoration: underline;\"><strong><span style=\"color: #2f5d5d;\">El Ministerio de Educaci\u00f3n y la C\u00e1mara de Comercio firman un convenio para potenciar el car\u00e1cter dual de la Formaci\u00f3n Profesional<\/span><\/strong><\/span><\/span><\/a><\/p>\n<p><a href=\"https:\/\/www.diariosigloxxi.com\/texto-diario\/mostrar\/5415740\/formacion-profesional-como-motor-empleabilidad-espana\" target=\"_blank\" rel=\"noopener\"><span style=\"font-weight: 400;\"><span style=\"text-decoration: underline;\"><strong><span style=\"color: #2f5d5d;\">La formaci\u00f3n profesional como motor de empleabilidad en Espa\u00f1a<\/span><\/strong><\/span><\/span><\/a><\/p>\n<p><a href=\"https:\/\/www.magisnet.com\/2025\/09\/el-govern-catalan-adaptara-el-curriculum-de-4o-de-la-eso-a-la-sentencia-del-tsjc-sobre-matematicas\/\"><span style=\"font-weight: 400;\"><span style=\"text-decoration: underline;\"><strong><span style=\"color: #2f5d5d;\">El Govern catal\u00e1n adaptar\u00e1 el curr\u00edculum de 4\u00ba de la ESO a la sentencia del TSJC sobre Matem\u00e1ticas<\/span><\/strong><\/span><\/span><\/a><\/p>\n<p><a href=\"https:\/\/diarieducacio.cat\/aida-dos-santos-en-un-sistema-que-no-aposta-pel-talent-femeni-la-manera-de-situar-se-i-fer-se-valer-es-estudiar\/\" target=\"_blank\" rel=\"noopener\"><span style=\"font-weight: 400;\"><span style=\"text-decoration: underline;\"><strong><span style=\"color: #2f5d5d;\">Aida dos Santos: \u201cEn un sistema que no aposta pel talent femen\u00ed, la manera de situar-se i fer-se valer \u00e9s estudiar\u201d<\/span><\/strong><\/span><\/span><\/a><\/p>\n<\/div>\n<\/div>\n<div>\n<p><a href=\"https:\/\/www.elmundo.es\/economia\/2025\/09\/06\/68a49769e4d4d869148b45a3.html\" target=\"_blank\" rel=\"noopener\"><span style=\"font-weight: 400;\"><span style=\"text-decoration: underline;\"><strong><span style=\"color: #2f5d5d;\">De ingeniero a pe\u00f3n: seis de cada diez trabajadores extranjeros que viven en Espa\u00f1a est\u00e1n sobrecualificados para el puesto que ocupan<\/span><\/strong><\/span><\/span><\/a><\/p>\n<p><a href=\"https:\/\/www.educacionfpydeportes.gob.es\/prensa\/actualidad\/2025\/09\/20250913-euroskills2025medallas.html\" target=\"_blank\" rel=\"noopener\"><span style=\"font-weight: 400;\"><span style=\"text-decoration: underline;\"><strong><span style=\"color: #2f5d5d;\">La selecci\u00f3n espa\u00f1ola logra ocho medallas, una de bronce y siete de excelencia, en el EuroSkills de Herning (Dinamarca)<\/span><\/strong><\/span><\/span><\/a><\/p>\n<p><a href=\"https:\/\/www.elperiodico.com\/es\/sociedad\/20250918\/doble-mision-fp-puente-universidad-121693991\" target=\"_blank\" rel=\"noopener\"><span style=\"font-weight: 400;\"><span style=\"text-decoration: underline;\"><strong><span style=\"color: #2f5d5d;\">La doble misi\u00f3n de la FP: ser puente a la Universidad o al contrato laboral: Las pr\u00e1cticas en el primer curso de Formaci\u00f3n Profesional permiten a los j\u00f3venes adaptarse al mercado laboral y conocer las salidas de sus ciclos<\/span><\/strong><\/span><\/span><\/a><\/p>\n<p><a href=\"https:\/\/www.autonomosyemprendedor.es\/articulo\/empresas\/formacion-profesional-atrae-casi-mitad-ofertas-trabajo-espana\/20250919111049045557.amp.html\"><span style=\"font-weight: 400;\"><span style=\"text-decoration: underline;\"><strong><span style=\"color: #2f5d5d;\">La Formaci\u00f3n Profesional atrae ya casi la mitad de las ofertas de trabajo en Espa\u00f1a: Seg\u00fan un estudio, la FP se consolida como la v\u00eda m\u00e1s demandada por las empresas espa\u00f1olas, especialmente en sectores donde predominan aut\u00f3nomos y pymes.<\/span><\/strong><\/span><\/span><\/a><\/p>\n<p><a href=\"https:\/\/diarieducacio.cat\/aida-dos-santos-en-un-sistema-que-no-aposta-pel-talent-femeni-la-manera-de-situar-se-i-fer-se-valer-es-estudiar\/\" target=\"_blank\" rel=\"noopener\"><span style=\"font-weight: 400;\"><span style=\"text-decoration: underline;\"><strong><span style=\"color: #2f5d5d;\">Aida dos Santos: \u201cEn un sistema que no aposta pel talent femen\u00ed, la manera de situar-se i fer-se valer \u00e9s estudiar\u201d<\/span><\/strong><\/span><\/span><\/a><\/p>\n<\/div>\n<div>\n<div><\/div>\n<div>\n<div>\n<table style=\"width: 100%; border-collapse: collapse; border-style: solid; border-color: #000000;\">\n<tbody>\n<tr>\n<td style=\"width: 100%;\">\n<h5><span style=\"text-decoration: underline;\"><strong>Gesti\u00f3 de Qualitat<\/strong><\/span><\/h5>\n<\/td>\n<\/tr>\n<\/tbody>\n<\/table>\n<div>\n<p><a href=\"https:\/\/www.ara.cat\/societat\/educacio\/curs-dels-plans-millora-quants-n-quants-centres_1_5487172.html\" target=\"_blank\" rel=\"noopener\"><span style=\"font-weight: 400;\"><span style=\"text-decoration: underline;\"><strong><span style=\"color: #2f5d5d;\">El curs dels plans de millora: quants se&#8217;n fan i a quants centres?<\/span><\/strong><\/span><\/span><\/a><\/p>\n<p><a href=\"https:\/\/www.lrqa.com\/es-es\/ultimas-noticias\/iso-9001-actualizacion\/\" target=\"_blank\" rel=\"noopener\"><span style=\"font-weight: 400;\"><span style=\"text-decoration: underline;\"><strong><span style=\"color: #2f5d5d;\">ISO 9001:2026 \u2013 Adel\u00e1ntese a los cambios de la nueva norma<\/span><\/strong><\/span><\/span><\/a><\/p>\n<table style=\"width: 100%; border-collapse: collapse; border-style: solid; border-color: #000000;\">\n<tbody>\n<tr>\n<td style=\"width: 100%;\">\n<h5><span style=\"text-decoration: underline;\"><strong>Gesti\u00f3 educativa<\/strong><\/span><\/h5>\n<\/td>\n<\/tr>\n<\/tbody>\n<\/table>\n<p><a href=\"https:\/\/diarieducacio.cat\/lexit-de-lescola-inclusiva\/\" target=\"_blank\" rel=\"noopener\"><span style=\"font-weight: 400;\"><span style=\"text-decoration: underline;\"><strong><span style=\"color: #2f5d5d;\">L\u2019\u00e8xit de l\u2019escola inclusiva<\/span><\/strong><\/span><\/span><\/a><\/p>\n<p><a href=\"https:\/\/www.elnacional.cat\/oneconomia\/es\/economia\/generalitat-subvencionara-cursos-fp-20000-personas_1492070_102.html\" target=\"_blank\" rel=\"noopener\"><span style=\"font-weight: 400;\"><span style=\"text-decoration: underline;\"><strong><span style=\"color: #2f5d5d;\">La Generalitat subvencionar\u00e1 cursos de FP para 20.000 personas<br \/>\n<\/span><\/strong><\/span><\/span><\/a><\/p>\n<p><a href=\"https:\/\/www.elconfidencial.com\/alma-corazon-vida\/2025-09-23\/teresa-ayoso-profesora-errores-evitar-joven-1qrt_4213834\/\" target=\"_blank\" rel=\"noopener\"><span style=\"font-weight: 400;\"><span style=\"text-decoration: underline;\"><strong><span style=\"color: #2f5d5d;\">Teresa Ayoso, profesora: &#8220;No dejar las normas claras desde el primer d\u00eda acaba generando caos&#8221;<\/span><\/strong><\/span><\/span><\/a><strong>\u00a0<\/strong><\/p>\n<p><a href=\"https:\/\/diarieducacio.cat\/progres-involucio-o-sostenella-i-no-enmendalla-en-leducacio\/\" target=\"_blank\" rel=\"noopener\"><span style=\"font-weight: 400;\"><span style=\"text-decoration: underline;\"><strong><span style=\"color: #2f5d5d;\">Progr\u00e9s, involuci\u00f3, o \u2018sostenella i no enmendalla\u2019 en l\u2019educaci\u00f3<\/span><\/strong><\/span><\/span><\/a><strong>\u00a0\u00a0<\/strong><\/p>\n<p><a href=\"https:\/\/www.elperiodico.com\/es\/educacion\/20250906\/punto-inflexion-relanzar-sistema-educativo-121276613\" target=\"_blank\" rel=\"noopener\"><span style=\"font-weight: 400;\"><span style=\"text-decoration: underline;\"><strong><span style=\"color: #2f5d5d;\">Un punto de inflexi\u00f3n para relanzar el sistema educativo catal\u00e1n:\u00a0El Govern impulsa varias medidas para situar a Catalunya de nuevo en una posici\u00f3n de referencia y revertir los malos resultados en ciencias y lengua de los informes PISA y TIMSS<\/span><\/strong><\/span><\/span><\/a><\/p>\n<table style=\"width: 100%; border-collapse: collapse; border-style: solid; border-color: #000000;\">\n<tbody>\n<tr>\n<td style=\"width: 100%;\">\n<h5><span style=\"text-decoration: underline;\"><strong>Gesti\u00f3 en general<\/strong><\/span><\/h5>\n<\/td>\n<\/tr>\n<\/tbody>\n<\/table>\n<p><a href=\"https:\/\/www.elperiodico.com\/es\/sociedad\/20250915\/barcelona-inteligencia-artificial-educacion-empresa-megaprofe-expansion-espana-vuelta-al-cole-120977726\" target=\"_blank\" rel=\"noopener\"><span style=\"font-weight: 400;\"><span style=\"text-decoration: underline;\"><strong><span style=\"color: #2f5d5d;\">De Barcelona al aula: una empresa catalana acerca la IA a miles de profes y alumnos en Espa\u00f1a<\/span><\/strong><\/span><\/span><\/a><\/p>\n<\/div>\n<\/div>\n<p style=\"text-align: justify;\">Atenci\u00f3: us informem que rebeu aquest correu perqu\u00e8 formeu part del PQiMC o b\u00e9 en algun moment heu fet un curs del Projecte de Qualitat. En el cas que no formeu part de les xarxes del PQiMC i voleu deixar de rebre aquest butllet\u00ed nom\u00e9s cal que ens ho feu saber a l\u2019adre\u00e7a: fpqualitat@xtec.cat.<\/p>\n<h5><b>Segueix-nos:\u00a0<\/b><\/h5>\n<ul>\n<li><a href=\"https:\/\/www.facebook.com\/PQiMC\"><strong><span style=\"color: #0000ff;\"><span style=\"font-weight: 400;\"><span style=\"text-decoration: underline;\"><span style=\"color: #2f5d5d;\">Facebook\u00a0<\/span><\/span><\/span><\/span><\/strong><\/a><\/li>\n<li><a href=\"https:\/\/twitter.com\/pqimc\"><strong><span style=\"color: #0000ff;\"><span style=\"font-weight: 400;\"><span style=\"text-decoration: underline;\"><span style=\"color: #2f5d5d;\">Twitter<\/span><\/span><\/span><\/span><\/strong><\/a><\/li>\n<li><a href=\"http:\/\/xtec.gencat.cat\/ca\/innovacio\/programes_innovacio\/formacio-professional-i-regim-especial\/pqmc\/\"><strong><span style=\"color: #0000ff;\"><span style=\"font-weight: 400;\"><span style=\"text-decoration: underline;\"><span style=\"color: #2f5d5d;\">Web l\u2019XTEC<\/span><\/span><\/span><\/span><\/strong><\/a><\/li>\n<li><a href=\"https:\/\/www.instagram.com\/pqimc\/\"><strong><span style=\"color: #0000ff;\"><span style=\"font-weight: 400;\"><span style=\"text-decoration: underline;\"><span style=\"color: #2f5d5d;\">Instagram<\/span><\/span><\/span><\/span><\/strong><\/a><\/li>\n<li><a href=\"https:\/\/projectes.xtec.cat\/qualitatfp\/\"><strong><span style=\"color: #0000ff;\"><span style=\"font-weight: 400;\"><span style=\"text-decoration: underline;\"><span style=\"color: #2f5d5d;\">Web Nodes\u00a0<\/span><\/span><\/span><\/span><\/strong><\/a><\/li>\n<\/ul>\n<p><b>Departament d\u2019Educaci\u00f3 i Formaci\u00f3 Professional<\/b><br \/>\n<strong>Direcci\u00f3 General de Formaci\u00f3 Professional<\/strong><br \/>\n<strong>Subdirecci\u00f3 General de Programes i Projectes<\/strong><br \/>\n<b>Projecte de Qualitat i Millora Cont\u00ednua\u00a0<\/b><br \/>\n<b>Tel\u00e8fon: 935 516 900 Extensi\u00f3: 2207.<\/b><\/p>\n<p><a href=\"https:\/\/projectes.xtec.cat\/qualitatfp\/wp-content\/uploads\/usu772\/2020\/05\/applus.png\"><img loading=\"lazy\" decoding=\"async\" class=\"alignnone wp-image-8350\" src=\"https:\/\/projectes.xtec.cat\/qualitatfp\/wp-content\/uploads\/usu772\/2020\/05\/applus.png\" alt=\"\" width=\"49\" height=\"85\" \/><\/a><a href=\"https:\/\/projectes.xtec.cat\/qualitatfp\/wp-content\/uploads\/usu772\/2020\/04\/PQiMC_punt.png\"><img loading=\"lazy\" decoding=\"async\" class=\"alignnone wp-image-8259\" src=\"https:\/\/projectes.xtec.cat\/qualitatfp\/wp-content\/uploads\/usu772\/2020\/04\/PQiMC_punt.png\" alt=\"\" width=\"78\" height=\"90\" \/><\/a><\/p>\n<\/div>\n<div><\/div>\n<\/div>\n","protected":false},"excerpt":{"rendered":"<p>N\u00famero 119, Octubre 2025<br \/>\nBenvolguts\/des companys\/es,<br \/>\nUs fem a mans el butllet\u00ed informatiu del PQiMC del mes d&#8217;Octubre del 2025\u00a0desitjant que hagueu tingut un bon inici de curs. Ens teniu a la vostra disposici\u00f3 per tal d\u2019ajudar-vos en tot all\u00f2 que sigui possible.<\/p>\n<p>&nbsp;<br \/>\n&#8221; L\u2019educaci\u00f3 \u00e9s el punt&hellip;  <a href=\"https:\/\/projectes.xtec.cat\/qualitatfp\/general\/butlleti-octubre-2025\/\" title=\"Read Butllet\u00ed Octubre 2025\">Llegeix m\u00e9s\u00bb<\/a><\/p>\n","protected":false},"author":1,"featured_media":13744,"comment_status":"open","ping_status":"open","sticky":false,"template":"","format":"standard","meta":{"_bbp_topic_count":0,"_bbp_reply_count":0,"_bbp_total_topic_count":0,"_bbp_total_reply_count":0,"_bbp_voice_count":0,"_bbp_anonymous_reply_count":0,"_bbp_topic_count_hidden":0,"_bbp_reply_count_hidden":0,"_bbp_forum_subforum_count":0,"footnotes":""},"categories":[367,1,29],"tags":[],"class_list":["post-13725","post","type-post","status-publish","format-standard","has-post-thumbnail","hentry","category-butlleti","category-general","category-portada"],"post_mailing_queue_ids":[],"_links":{"self":[{"href":"https:\/\/projectes.xtec.cat\/qualitatfp\/wp-json\/wp\/v2\/posts\/13725","targetHints":{"allow":["GET"]}}],"collection":[{"href":"https:\/\/projectes.xtec.cat\/qualitatfp\/wp-json\/wp\/v2\/posts"}],"about":[{"href":"https:\/\/projectes.xtec.cat\/qualitatfp\/wp-json\/wp\/v2\/types\/post"}],"author":[{"embeddable":true,"href":"https:\/\/projectes.xtec.cat\/qualitatfp\/wp-json\/wp\/v2\/users\/1"}],"replies":[{"embeddable":true,"href":"https:\/\/projectes.xtec.cat\/qualitatfp\/wp-json\/wp\/v2\/comments?post=13725"}],"version-history":[{"count":7,"href":"https:\/\/projectes.xtec.cat\/qualitatfp\/wp-json\/wp\/v2\/posts\/13725\/revisions"}],"predecessor-version":[{"id":13745,"href":"https:\/\/projectes.xtec.cat\/qualitatfp\/wp-json\/wp\/v2\/posts\/13725\/revisions\/13745"}],"wp:featuredmedia":[{"embeddable":true,"href":"https:\/\/projectes.xtec.cat\/qualitatfp\/wp-json\/wp\/v2\/media\/13744"}],"wp:attachment":[{"href":"https:\/\/projectes.xtec.cat\/qualitatfp\/wp-json\/wp\/v2\/media?parent=13725"}],"wp:term":[{"taxonomy":"category","embeddable":true,"href":"https:\/\/projectes.xtec.cat\/qualitatfp\/wp-json\/wp\/v2\/categories?post=13725"},{"taxonomy":"post_tag","embeddable":true,"href":"https:\/\/projectes.xtec.cat\/qualitatfp\/wp-json\/wp\/v2\/tags?post=13725"}],"curies":[{"name":"wp","href":"https:\/\/api.w.org\/{rel}","templated":true}]}}