{"id":13739,"date":"2025-10-07T16:23:03","date_gmt":"2025-10-07T14:23:03","guid":{"rendered":"https:\/\/projectes.xtec.cat\/qualitatfp\/?p=13739"},"modified":"2025-10-07T16:23:03","modified_gmt":"2025-10-07T14:23:03","slug":"linstitut-montsia-impulsa-la-certificacio-dexcellencia-de-lempresa-florette","status":"publish","type":"post","link":"https:\/\/projectes.xtec.cat\/qualitatfp\/general\/linstitut-montsia-impulsa-la-certificacio-dexcellencia-de-lempresa-florette\/","title":{"rendered":"L\u2019Institut Montsi\u00e0 impulsa la certificaci\u00f3 d\u2019Excel\u00b7l\u00e8ncia de l\u2019empresa Florette"},"content":{"rendered":"<p data-start=\"280\" data-end=\"541\">L\u2019<span style=\"font-weight: 400;\"><span style=\"text-decoration: underline;\"><strong><span style=\"color: #2f5d5d;\" data-start=\"282\" data-end=\"302\">Institut Montsi\u00e0<\/span><\/strong><\/span> d\u2019Amposta ha acompanyat l\u2019empresa <span style=\"font-weight: 400;\"><span style=\"text-decoration: underline;\"><strong><span style=\"color: #2f5d5d;\" data-start=\"337\" data-end=\"349\">Florette<\/span><\/strong><\/span> en el proc\u00e9s de certificaci\u00f3 dins el programa de <span style=\"font-weight: 400;\"><span style=\"text-decoration: underline;\"><strong><span style=\"color: #2f5d5d;\" data-start=\"399\" data-end=\"444\">Qualitat de la Formaci\u00f3 Professional Dual<\/span><\/strong><\/span> del Departament d\u2019Educaci\u00f3, aconseguint el nivell m\u00e9s alt: la <strong data-start=\"507\" data-end=\"538\">certificaci\u00f3 d\u2019Excel\u00b7l\u00e8ncia<\/strong>.<\/span><\/span><\/span><\/p>\n<p data-start=\"280\" data-end=\"541\"><img loading=\"lazy\" decoding=\"async\" class=\"wp-image-13740 alignleft\" src=\"https:\/\/projectes.xtec.cat\/qualitatfp\/wp-content\/uploads\/usu772\/2025\/10\/logo_ins_montsia.png\" alt=\"\" width=\"378\" height=\"165\" srcset=\"https:\/\/projectes.xtec.cat\/qualitatfp\/wp-content\/uploads\/usu772\/2025\/10\/logo_ins_montsia.png 566w, https:\/\/projectes.xtec.cat\/qualitatfp\/wp-content\/uploads\/usu772\/2025\/10\/logo_ins_montsia-300x131.png 300w\" sizes=\"auto, (max-width: 378px) 100vw, 378px\" \/><img loading=\"lazy\" decoding=\"async\" class=\"wp-image-13741 aligncenter\" src=\"https:\/\/projectes.xtec.cat\/qualitatfp\/wp-content\/uploads\/usu772\/2025\/10\/Florette_NewLogotype_2025_AW_Spain_CMYK.svg\" alt=\"\" width=\"279\" height=\"178\" \/><\/p>\n<p data-start=\"543\" data-end=\"765\">En la <strong data-start=\"549\" data-end=\"570\">auditoria externa<\/strong> realitzada recentment, Florette ha obtingut <strong data-start=\"615\" data-end=\"635\">27 dels 29 punts<\/strong> del checklist de comprovaci\u00f3, una puntuaci\u00f3 que reflecteix el seu comprom\u00eds amb la qualitat, la formaci\u00f3 i el desenvolupament del talent jove.<\/p>\n<p data-start=\"767\" data-end=\"991\">Aquesta certificaci\u00f3 reconeix la col\u00b7laboraci\u00f3 estreta entre empresa i centre en \u00e0mbits com <strong data-start=\"859\" data-end=\"988\">l\u2019acollida i seguiment de l\u2019alumnat, la participaci\u00f3 en el pla formatiu, la comunicaci\u00f3 i la millora cont\u00ednua del servei dual<\/strong>.<\/p>\n<p data-start=\"993\" data-end=\"1238\">Amb aquest reconeixement, <strong data-start=\"1019\" data-end=\"1052\">Florette i l\u2019Institut Montsi\u00e0<\/strong> es consoliden com a <strong data-start=\"1073\" data-end=\"1132\">referents en la implementaci\u00f3 d\u2019una FP Dual de qualitat<\/strong>, que connecta l\u2019educaci\u00f3 i l\u2019empresa per fomentar la inserci\u00f3 i l\u2019excel\u00b7l\u00e8ncia professional al territori.<\/p>\n<p data-start=\"993\" data-end=\"1238\"><img loading=\"lazy\" decoding=\"async\" class=\"aligncenter  wp-image-13746\" src=\"https:\/\/projectes.xtec.cat\/qualitatfp\/wp-content\/uploads\/usu772\/2025\/10\/Auditoria-Florette.jpg\" alt=\"\" width=\"772\" height=\"579\" srcset=\"https:\/\/projectes.xtec.cat\/qualitatfp\/wp-content\/uploads\/usu772\/2025\/10\/Auditoria-Florette.jpg 2000w, https:\/\/projectes.xtec.cat\/qualitatfp\/wp-content\/uploads\/usu772\/2025\/10\/Auditoria-Florette-300x225.jpg 300w, https:\/\/projectes.xtec.cat\/qualitatfp\/wp-content\/uploads\/usu772\/2025\/10\/Auditoria-Florette-1024x768.jpg 1024w, https:\/\/projectes.xtec.cat\/qualitatfp\/wp-content\/uploads\/usu772\/2025\/10\/Auditoria-Florette-768x576.jpg 768w, https:\/\/projectes.xtec.cat\/qualitatfp\/wp-content\/uploads\/usu772\/2025\/10\/Auditoria-Florette-1536x1152.jpg 1536w, https:\/\/projectes.xtec.cat\/qualitatfp\/wp-content\/uploads\/usu772\/2025\/10\/Auditoria-Florette-200x150.jpg 200w\" sizes=\"auto, (max-width: 772px) 100vw, 772px\" \/><\/p>\n","protected":false},"excerpt":{"rendered":"<p>L\u2019Institut Montsi\u00e0 d\u2019Amposta ha acompanyat l\u2019empresa Florette en el proc\u00e9s de certificaci\u00f3 dins el programa de Qualitat de la Formaci\u00f3 Professional Dual del Departament d\u2019Educaci\u00f3, aconseguint el nivell m\u00e9s alt: la certificaci\u00f3 d\u2019Excel\u00b7l\u00e8ncia.<\/p>\n<p>En la auditoria externa realitzada recentment, Florette ha obtingut 27 dels 29 punts&hellip;  <a href=\"https:\/\/projectes.xtec.cat\/qualitatfp\/general\/linstitut-montsia-impulsa-la-certificacio-dexcellencia-de-lempresa-florette\/\" title=\"Read L\u2019Institut Montsi\u00e0 impulsa la certificaci\u00f3 d\u2019Excel\u00b7l\u00e8ncia de l\u2019empresa Florette\">Llegeix m\u00e9s\u00bb<\/a><\/p>\n","protected":false},"author":1,"featured_media":13746,"comment_status":"open","ping_status":"open","sticky":false,"template":"","format":"standard","meta":{"_bbp_topic_count":0,"_bbp_reply_count":0,"_bbp_total_topic_count":0,"_bbp_total_reply_count":0,"_bbp_voice_count":0,"_bbp_anonymous_reply_count":0,"_bbp_topic_count_hidden":0,"_bbp_reply_count_hidden":0,"_bbp_forum_subforum_count":0,"footnotes":""},"categories":[1,29],"tags":[],"class_list":["post-13739","post","type-post","status-publish","format-standard","has-post-thumbnail","hentry","category-general","category-portada"],"post_mailing_queue_ids":[],"_links":{"self":[{"href":"https:\/\/projectes.xtec.cat\/qualitatfp\/wp-json\/wp\/v2\/posts\/13739","targetHints":{"allow":["GET"]}}],"collection":[{"href":"https:\/\/projectes.xtec.cat\/qualitatfp\/wp-json\/wp\/v2\/posts"}],"about":[{"href":"https:\/\/projectes.xtec.cat\/qualitatfp\/wp-json\/wp\/v2\/types\/post"}],"author":[{"embeddable":true,"href":"https:\/\/projectes.xtec.cat\/qualitatfp\/wp-json\/wp\/v2\/users\/1"}],"replies":[{"embeddable":true,"href":"https:\/\/projectes.xtec.cat\/qualitatfp\/wp-json\/wp\/v2\/comments?post=13739"}],"version-history":[{"count":3,"href":"https:\/\/projectes.xtec.cat\/qualitatfp\/wp-json\/wp\/v2\/posts\/13739\/revisions"}],"predecessor-version":[{"id":13749,"href":"https:\/\/projectes.xtec.cat\/qualitatfp\/wp-json\/wp\/v2\/posts\/13739\/revisions\/13749"}],"wp:featuredmedia":[{"embeddable":true,"href":"https:\/\/projectes.xtec.cat\/qualitatfp\/wp-json\/wp\/v2\/media\/13746"}],"wp:attachment":[{"href":"https:\/\/projectes.xtec.cat\/qualitatfp\/wp-json\/wp\/v2\/media?parent=13739"}],"wp:term":[{"taxonomy":"category","embeddable":true,"href":"https:\/\/projectes.xtec.cat\/qualitatfp\/wp-json\/wp\/v2\/categories?post=13739"},{"taxonomy":"post_tag","embeddable":true,"href":"https:\/\/projectes.xtec.cat\/qualitatfp\/wp-json\/wp\/v2\/tags?post=13739"}],"curies":[{"name":"wp","href":"https:\/\/api.w.org\/{rel}","templated":true}]}}