{"id":13775,"date":"2025-11-18T09:44:17","date_gmt":"2025-11-18T08:44:17","guid":{"rendered":"https:\/\/projectes.xtec.cat\/qualitatfp\/?p=13775"},"modified":"2025-11-18T09:44:17","modified_gmt":"2025-11-18T08:44:17","slug":"linstitut-callipolis-empeny-la-certificacio-en-excellencia-de-platja-montroig-camping-resort","status":"publish","type":"post","link":"https:\/\/projectes.xtec.cat\/qualitatfp\/general\/linstitut-callipolis-empeny-la-certificacio-en-excellencia-de-platja-montroig-camping-resort\/","title":{"rendered":"L\u2019Institut Cal\u00b7l\u00edpolis empeny la certificaci\u00f3 en Excel\u00b7l\u00e8ncia de PLATJA MONTROIG CAMPING RESORT"},"content":{"rendered":"<p style=\"text-align: left;\"><span style=\"font-weight: 400;\">L&#8217;empresa<\/span><a href=\"https:\/\/www.playamontroig.com\/ca\"><span style=\"font-weight: 400;\"><span style=\"text-decoration: underline;\"><strong><span style=\"color: #2f5d5d;\"> Platja Montroig Camping Resort <\/span><\/strong><\/span><\/span><\/a><span style=\"font-weight: 400;\">ha rebut la <\/span><a href=\"https:\/\/sites.google.com\/xtec.cat\/qualitatfpdual\/\"><span style=\"font-weight: 400;\"><span style=\"text-decoration: underline;\"><strong><span style=\"color: #2f5d5d;\">certificaci\u00f3 en Excel\u00b7l\u00e8ncia en el servei dual intensiva<\/span><\/strong><\/span><\/span><\/a><span style=\"font-weight: 400;\">, atorgat pel Departament d\u2019Educaci\u00f3 i Formaci\u00f3 Professional, mentoritzat per <\/span><a href=\"https:\/\/www.institutcallipolis.cat\/\"><span style=\"font-weight: 400;\"><span style=\"text-decoration: underline;\"><strong><span style=\"color: #2f5d5d;\">l\u2019Institut Cal\u00b7l\u00edpolis<\/span><\/strong><\/span><\/span><\/a><\/p>\n<table class=\" aligncenter\" style=\"border-collapse: collapse; width: 79.001%;\">\n<tbody>\n<tr>\n<td style=\"width: 36.0492%;\"><a href=\"https:\/\/projectes.xtec.cat\/qualitatfp\/wp-content\/uploads\/usu772\/2025\/11\/1000126383.jpg\"><img loading=\"lazy\" decoding=\"async\" class=\"wp-image-13777  aligncenter\" src=\"https:\/\/projectes.xtec.cat\/qualitatfp\/wp-content\/uploads\/usu772\/2025\/11\/1000126383-300x225.jpg\" alt=\"\" width=\"387\" height=\"290\" srcset=\"https:\/\/projectes.xtec.cat\/qualitatfp\/wp-content\/uploads\/usu772\/2025\/11\/1000126383-300x225.jpg 300w, https:\/\/projectes.xtec.cat\/qualitatfp\/wp-content\/uploads\/usu772\/2025\/11\/1000126383-1024x768.jpg 1024w, https:\/\/projectes.xtec.cat\/qualitatfp\/wp-content\/uploads\/usu772\/2025\/11\/1000126383-768x576.jpg 768w, https:\/\/projectes.xtec.cat\/qualitatfp\/wp-content\/uploads\/usu772\/2025\/11\/1000126383-1536x1152.jpg 1536w, https:\/\/projectes.xtec.cat\/qualitatfp\/wp-content\/uploads\/usu772\/2025\/11\/1000126383-200x150.jpg 200w, https:\/\/projectes.xtec.cat\/qualitatfp\/wp-content\/uploads\/usu772\/2025\/11\/1000126383.jpg 2000w\" sizes=\"auto, (max-width: 387px) 100vw, 387px\" \/><\/a><\/td>\n<td style=\"width: 20.5639%;\"><span style=\"color: #2795b6;\"><span style=\"font-size: 16px;\"><a style=\"color: #2795b6; font-size: 16px;\" href=\"https:\/\/projectes.xtec.cat\/qualitatfp\/wp-content\/uploads\/usu772\/2025\/11\/Logo_Insti_quadrat.png\"><img loading=\"lazy\" decoding=\"async\" class=\"size-full wp-image-13781 alignleft\" src=\"https:\/\/projectes.xtec.cat\/qualitatfp\/wp-content\/uploads\/usu772\/2025\/11\/Logo_Insti_quadrat.png\" alt=\"\" width=\"218\" height=\"231\" \/><\/a><\/p>\n<p><\/span><\/span><\/td>\n<td style=\"width: 33.8481%;\"><a href=\"https:\/\/projectes.xtec.cat\/qualitatfp\/wp-content\/uploads\/usu772\/2025\/11\/1000126372.jpg\"><img loading=\"lazy\" decoding=\"async\" class=\"wp-image-13778  alignnone\" src=\"https:\/\/projectes.xtec.cat\/qualitatfp\/wp-content\/uploads\/usu772\/2025\/11\/1000126372-300x279.jpg\" alt=\"\" width=\"324\" height=\"301\" srcset=\"https:\/\/projectes.xtec.cat\/qualitatfp\/wp-content\/uploads\/usu772\/2025\/11\/1000126372-300x279.jpg 300w, https:\/\/projectes.xtec.cat\/qualitatfp\/wp-content\/uploads\/usu772\/2025\/11\/1000126372-1024x951.jpg 1024w, https:\/\/projectes.xtec.cat\/qualitatfp\/wp-content\/uploads\/usu772\/2025\/11\/1000126372-768x713.jpg 768w, https:\/\/projectes.xtec.cat\/qualitatfp\/wp-content\/uploads\/usu772\/2025\/11\/1000126372-1536x1427.jpg 1536w, https:\/\/projectes.xtec.cat\/qualitatfp\/wp-content\/uploads\/usu772\/2025\/11\/1000126372.jpg 2048w\" sizes=\"auto, (max-width: 324px) 100vw, 324px\" \/><\/a><\/td>\n<\/tr>\n<\/tbody>\n<\/table>\n<p><span style=\"font-weight: 400;\">Aquesta distinci\u00f3 reconeix l\u2019aposta per la formaci\u00f3 professional dual i el comprom\u00eds del C\u00e0mping Mont-roig amb el desenvolupament de professionals de qualitat en el cicle de grau superior d&#8217;Ensenyament i animaci\u00f3 socioesportiva i recentment amb el cicle de grau superior d&#8217;Est\u00e8tica integral i benestar.<\/span><\/p>\n<p><span style=\"font-weight: 400;\">Fa anys que l&#8217;empresa <strong>Platja Montroig Camping Resort<\/strong> col\u00b7labora amb l&#8217;<strong>Institut Cal.l\u00edpolis<\/strong> formant alumnes dual general i dual intensiva al seu c\u00e0mping per <strong>integrar l\u2019alumnat en l&#8217;entorn professional<\/strong>, oferint-los una formaci\u00f3 especialitzada en l&#8217;\u00e0mbit tur\u00edstic i esportiu, i <strong>proporcionant-los eines per a una traject\u00f2ria professional s\u00f2lida<\/strong>.\u00a0<\/span><\/p>\n<blockquote>\n<p style=\"text-align: center;\"><strong>Aquest esfor\u00e7 conjunt genera beneficis tant per a l&#8217;institut com per a l\u2019empresa i, sobretot, per a l\u2019alumnat, que incrementa el seu potencial d\u2019ocupabilitat amb una formaci\u00f3 de qualitat en experi\u00e8ncia real.<\/strong><\/p>\n<\/blockquote>\n<p><span style=\"font-weight: 400;\">Enhorabona per aquest reconeixement, l&#8217;FP Dual, el cam\u00ed de l&#8217;\u00e8xit.<\/span><\/p>\n<p><a href=\"https:\/\/projectes.xtec.cat\/qualitatfp\/wp-content\/uploads\/usu772\/2025\/11\/1000126379.jpg\"><img loading=\"lazy\" decoding=\"async\" class=\"wp-image-13776 aligncenter\" src=\"https:\/\/projectes.xtec.cat\/qualitatfp\/wp-content\/uploads\/usu772\/2025\/11\/1000126379-300x225.jpg\" alt=\"\" width=\"424\" height=\"318\" srcset=\"https:\/\/projectes.xtec.cat\/qualitatfp\/wp-content\/uploads\/usu772\/2025\/11\/1000126379-300x225.jpg 300w, https:\/\/projectes.xtec.cat\/qualitatfp\/wp-content\/uploads\/usu772\/2025\/11\/1000126379-1024x768.jpg 1024w, https:\/\/projectes.xtec.cat\/qualitatfp\/wp-content\/uploads\/usu772\/2025\/11\/1000126379-768x576.jpg 768w, https:\/\/projectes.xtec.cat\/qualitatfp\/wp-content\/uploads\/usu772\/2025\/11\/1000126379-1536x1152.jpg 1536w, https:\/\/projectes.xtec.cat\/qualitatfp\/wp-content\/uploads\/usu772\/2025\/11\/1000126379-200x150.jpg 200w, https:\/\/projectes.xtec.cat\/qualitatfp\/wp-content\/uploads\/usu772\/2025\/11\/1000126379.jpg 2000w\" sizes=\"auto, (max-width: 424px) 100vw, 424px\" \/><\/a><\/p>\n","protected":false},"excerpt":{"rendered":"<p>L&#8217;empresa<a href=\"https:\/\/www.playamontroig.com\/ca\"> Platja Montroig Camping Resort <\/a>ha rebut la <a href=\"https:\/\/sites.google.com\/xtec.cat\/qualitatfpdual\/\">certificaci\u00f3 en Excel\u00b7l\u00e8ncia en el servei dual intensiva<\/a>, atorgat pel Departament d\u2019Educaci\u00f3 i Formaci\u00f3 Professional, mentoritzat per <a href=\"https:\/\/www.institutcallipolis.cat\/\">l\u2019Institut Cal\u00b7l\u00edpolis<\/a><\/p>\n<p><a href=\"https:\/\/projectes.xtec.cat\/qualitatfp\/wp-content\/uploads\/usu772\/2025\/11\/1000126383.jpg\"><\/a><br \/>\n<a style=\"color: #2795b6; font-size: 16px;\" href=\"https:\/\/projectes.xtec.cat\/qualitatfp\/wp-content\/uploads\/usu772\/2025\/11\/Logo_Insti_quadrat.png\"><\/a><\/p>\n<p><a href=\"https:\/\/projectes.xtec.cat\/qualitatfp\/wp-content\/uploads\/usu772\/2025\/11\/1000126372.jpg\"><\/a><\/p>\n<p>Aquesta distinci\u00f3 reconeix l\u2019aposta per la formaci\u00f3 professional dual&hellip;  <a href=\"https:\/\/projectes.xtec.cat\/qualitatfp\/general\/linstitut-callipolis-empeny-la-certificacio-en-excellencia-de-platja-montroig-camping-resort\/\" title=\"Read L\u2019Institut Cal\u00b7l\u00edpolis empeny la certificaci\u00f3 en Excel\u00b7l\u00e8ncia de PLATJA MONTROIG CAMPING RESORT\">Llegeix m\u00e9s\u00bb<\/a><\/p>\n","protected":false},"author":92,"featured_media":13776,"comment_status":"open","ping_status":"open","sticky":false,"template":"","format":"standard","meta":{"_bbp_topic_count":0,"_bbp_reply_count":0,"_bbp_total_topic_count":0,"_bbp_total_reply_count":0,"_bbp_voice_count":0,"_bbp_anonymous_reply_count":0,"_bbp_topic_count_hidden":0,"_bbp_reply_count_hidden":0,"_bbp_forum_subforum_count":0,"footnotes":""},"categories":[1,29],"tags":[318,314],"class_list":["post-13775","post","type-post","status-publish","format-standard","has-post-thumbnail","hentry","category-general","category-portada","tag-excellencia","tag-fpdual"],"post_mailing_queue_ids":[],"_links":{"self":[{"href":"https:\/\/projectes.xtec.cat\/qualitatfp\/wp-json\/wp\/v2\/posts\/13775","targetHints":{"allow":["GET"]}}],"collection":[{"href":"https:\/\/projectes.xtec.cat\/qualitatfp\/wp-json\/wp\/v2\/posts"}],"about":[{"href":"https:\/\/projectes.xtec.cat\/qualitatfp\/wp-json\/wp\/v2\/types\/post"}],"author":[{"embeddable":true,"href":"https:\/\/projectes.xtec.cat\/qualitatfp\/wp-json\/wp\/v2\/users\/92"}],"replies":[{"embeddable":true,"href":"https:\/\/projectes.xtec.cat\/qualitatfp\/wp-json\/wp\/v2\/comments?post=13775"}],"version-history":[{"count":5,"href":"https:\/\/projectes.xtec.cat\/qualitatfp\/wp-json\/wp\/v2\/posts\/13775\/revisions"}],"predecessor-version":[{"id":13784,"href":"https:\/\/projectes.xtec.cat\/qualitatfp\/wp-json\/wp\/v2\/posts\/13775\/revisions\/13784"}],"wp:featuredmedia":[{"embeddable":true,"href":"https:\/\/projectes.xtec.cat\/qualitatfp\/wp-json\/wp\/v2\/media\/13776"}],"wp:attachment":[{"href":"https:\/\/projectes.xtec.cat\/qualitatfp\/wp-json\/wp\/v2\/media?parent=13775"}],"wp:term":[{"taxonomy":"category","embeddable":true,"href":"https:\/\/projectes.xtec.cat\/qualitatfp\/wp-json\/wp\/v2\/categories?post=13775"},{"taxonomy":"post_tag","embeddable":true,"href":"https:\/\/projectes.xtec.cat\/qualitatfp\/wp-json\/wp\/v2\/tags?post=13775"}],"curies":[{"name":"wp","href":"https:\/\/api.w.org\/{rel}","templated":true}]}}