{"id":13787,"date":"2025-12-01T13:27:48","date_gmt":"2025-12-01T12:27:48","guid":{"rendered":"https:\/\/projectes.xtec.cat\/qualitatfp\/?p=13787"},"modified":"2025-12-01T13:27:48","modified_gmt":"2025-12-01T12:27:48","slug":"lempresa-teicar-obte-la-certificacio-dexcellencia-en-formacio-professional-dual-de-la-ma-de-linstitut-de-lebre","status":"publish","type":"post","link":"https:\/\/projectes.xtec.cat\/qualitatfp\/general\/lempresa-teicar-obte-la-certificacio-dexcellencia-en-formacio-professional-dual-de-la-ma-de-linstitut-de-lebre\/","title":{"rendered":"L\u2019empresa TEICAR obt\u00e9 la certificaci\u00f3 d\u2019Excel\u00b7l\u00e8ncia en Formaci\u00f3  Professional Dual de la m\u00e0 de l\u2019Institut de l\u2019Ebre"},"content":{"rendered":"<p><strong>L\u2019Institut de l\u2019Ebre ha gestionat el proc\u00e9s de certificaci\u00f3 d\u2019Excel\u00b7l\u00e8ncia en Formaci\u00f3 Professional Dual de l\u2019empresa TEICAR, reconeguda pel Departament d\u2019Educaci\u00f3 de la Generalitat de Catalunya amb el m\u00e0xim distintiu de qualitat en l\u2019\u00e0mbit de la FP Dual.<\/strong> Aquesta certificaci\u00f3 acredita que TEICAR compleix els est\u00e0ndards m\u00e9s elevats en l\u2019acollida i formaci\u00f3 d\u2019alumnat en r\u00e8gim dual, la qualificaci\u00f3 dels seus tutors i tutores, la seguretat i salut laboral, i la millora cont\u00ednua dels processos formatius. Tamb\u00e9 reconeix el seu comprom\u00eds amb la inserci\u00f3 laboral dels joves i la col\u00b7laboraci\u00f3 estreta amb els centres educatius.<\/p>\n<p>L\u2019Institut de l\u2019Ebre ha dut a terme la gesti\u00f3 de les auditories interna i externa requerides pel proc\u00e9s, en coordinaci\u00f3 amb l\u2019empresa i amb la unitat de Qualitat i Millora Cont\u00ednua del Departament d\u2019Educaci\u00f3 i Formaci\u00f3 Professional. Aquest procediment ha perm\u00e8s constatar el nivell d\u2019excel\u00b7l\u00e8ncia en el desenvolupament del servei de formaci\u00f3 dual que ofereix TEICAR.<\/p>\n<p style=\"text-align: left;\">Aquesta certificaci\u00f3 posa en valor la col\u00b7laboraci\u00f3 entre el centre i les empreses del territori per garantir una formaci\u00f3 professional de qualitat i adaptada a les necessitats reals dels diferents sectors productius.<\/p>\n<table class=\" aligncenter\" style=\"border-collapse: collapse; width: 75.7796%;\">\n<tbody>\n<tr>\n<td style=\"width: 51.8129%; text-align: center;\"><img loading=\"lazy\" decoding=\"async\" class=\"wp-image-13791 alignleft\" style=\"font-size: 16px;\" src=\"https:\/\/projectes.xtec.cat\/qualitatfp\/wp-content\/uploads\/usu772\/2025\/12\/Captura-de-pantalla-2025-12-01-132217.png\" alt=\"\" width=\"690\" height=\"632\" srcset=\"https:\/\/projectes.xtec.cat\/qualitatfp\/wp-content\/uploads\/usu772\/2025\/12\/Captura-de-pantalla-2025-12-01-132217.png 934w, https:\/\/projectes.xtec.cat\/qualitatfp\/wp-content\/uploads\/usu772\/2025\/12\/Captura-de-pantalla-2025-12-01-132217-300x275.png 300w, https:\/\/projectes.xtec.cat\/qualitatfp\/wp-content\/uploads\/usu772\/2025\/12\/Captura-de-pantalla-2025-12-01-132217-768x704.png 768w\" sizes=\"auto, (max-width: 690px) 100vw, 690px\" \/><\/td>\n<td style=\"width: 23.9667%; text-align: center;\"><img loading=\"lazy\" decoding=\"async\" class=\"wp-image-13793 alignnone\" style=\"font-size: 16px;\" src=\"https:\/\/projectes.xtec.cat\/qualitatfp\/wp-content\/uploads\/usu772\/2025\/12\/logo_Institut_Ebre_NEGRE.png\" alt=\"\" width=\"306\" height=\"91\" srcset=\"https:\/\/projectes.xtec.cat\/qualitatfp\/wp-content\/uploads\/usu772\/2025\/12\/logo_Institut_Ebre_NEGRE.png 3334w, https:\/\/projectes.xtec.cat\/qualitatfp\/wp-content\/uploads\/usu772\/2025\/12\/logo_Institut_Ebre_NEGRE-300x89.png 300w, https:\/\/projectes.xtec.cat\/qualitatfp\/wp-content\/uploads\/usu772\/2025\/12\/logo_Institut_Ebre_NEGRE-1024x303.png 1024w, https:\/\/projectes.xtec.cat\/qualitatfp\/wp-content\/uploads\/usu772\/2025\/12\/logo_Institut_Ebre_NEGRE-768x228.png 768w, https:\/\/projectes.xtec.cat\/qualitatfp\/wp-content\/uploads\/usu772\/2025\/12\/logo_Institut_Ebre_NEGRE-1536x455.png 1536w, https:\/\/projectes.xtec.cat\/qualitatfp\/wp-content\/uploads\/usu772\/2025\/12\/logo_Institut_Ebre_NEGRE-2048x607.png 2048w\" sizes=\"auto, (max-width: 306px) 100vw, 306px\" \/><\/p>\n<p><img loading=\"lazy\" decoding=\"async\" class=\" wp-image-13794 alignnone\" style=\"font-size: 16px;\" src=\"https:\/\/projectes.xtec.cat\/qualitatfp\/wp-content\/uploads\/usu772\/2025\/12\/LogoTeicarBlanc-google.png\" alt=\"\" width=\"174\" height=\"65\" srcset=\"https:\/\/projectes.xtec.cat\/qualitatfp\/wp-content\/uploads\/usu772\/2025\/12\/LogoTeicarBlanc-google.png 367w, https:\/\/projectes.xtec.cat\/qualitatfp\/wp-content\/uploads\/usu772\/2025\/12\/LogoTeicarBlanc-google-300x112.png 300w\" sizes=\"auto, (max-width: 174px) 100vw, 174px\" \/><\/td>\n<\/tr>\n<\/tbody>\n<\/table>\n<p>&nbsp;<\/p>\n<p>&nbsp;<\/p>\n","protected":false},"excerpt":{"rendered":"<p>L\u2019Institut de l\u2019Ebre ha gestionat el proc\u00e9s de certificaci\u00f3 d\u2019Excel\u00b7l\u00e8ncia en Formaci\u00f3 Professional Dual de l\u2019empresa TEICAR, reconeguda pel Departament d\u2019Educaci\u00f3 de la Generalitat de Catalunya amb el m\u00e0xim distintiu de qualitat en l\u2019\u00e0mbit de la FP Dual. Aquesta certificaci\u00f3 acredita que TEICAR compleix els&hellip;  <a href=\"https:\/\/projectes.xtec.cat\/qualitatfp\/general\/lempresa-teicar-obte-la-certificacio-dexcellencia-en-formacio-professional-dual-de-la-ma-de-linstitut-de-lebre\/\" title=\"Read L\u2019empresa TEICAR obt\u00e9 la certificaci\u00f3 d\u2019Excel\u00b7l\u00e8ncia en Formaci\u00f3  Professional Dual de la m\u00e0 de l\u2019Institut de l\u2019Ebre\">Llegeix m\u00e9s\u00bb<\/a><\/p>\n","protected":false},"author":1,"featured_media":0,"comment_status":"open","ping_status":"open","sticky":false,"template":"","format":"standard","meta":{"_bbp_topic_count":0,"_bbp_reply_count":0,"_bbp_total_topic_count":0,"_bbp_total_reply_count":0,"_bbp_voice_count":0,"_bbp_anonymous_reply_count":0,"_bbp_topic_count_hidden":0,"_bbp_reply_count_hidden":0,"_bbp_forum_subforum_count":0,"footnotes":""},"categories":[1],"tags":[],"class_list":["post-13787","post","type-post","status-publish","format-standard","hentry","category-general"],"post_mailing_queue_ids":[],"_links":{"self":[{"href":"https:\/\/projectes.xtec.cat\/qualitatfp\/wp-json\/wp\/v2\/posts\/13787","targetHints":{"allow":["GET"]}}],"collection":[{"href":"https:\/\/projectes.xtec.cat\/qualitatfp\/wp-json\/wp\/v2\/posts"}],"about":[{"href":"https:\/\/projectes.xtec.cat\/qualitatfp\/wp-json\/wp\/v2\/types\/post"}],"author":[{"embeddable":true,"href":"https:\/\/projectes.xtec.cat\/qualitatfp\/wp-json\/wp\/v2\/users\/1"}],"replies":[{"embeddable":true,"href":"https:\/\/projectes.xtec.cat\/qualitatfp\/wp-json\/wp\/v2\/comments?post=13787"}],"version-history":[{"count":3,"href":"https:\/\/projectes.xtec.cat\/qualitatfp\/wp-json\/wp\/v2\/posts\/13787\/revisions"}],"predecessor-version":[{"id":13795,"href":"https:\/\/projectes.xtec.cat\/qualitatfp\/wp-json\/wp\/v2\/posts\/13787\/revisions\/13795"}],"wp:attachment":[{"href":"https:\/\/projectes.xtec.cat\/qualitatfp\/wp-json\/wp\/v2\/media?parent=13787"}],"wp:term":[{"taxonomy":"category","embeddable":true,"href":"https:\/\/projectes.xtec.cat\/qualitatfp\/wp-json\/wp\/v2\/categories?post=13787"},{"taxonomy":"post_tag","embeddable":true,"href":"https:\/\/projectes.xtec.cat\/qualitatfp\/wp-json\/wp\/v2\/tags?post=13787"}],"curies":[{"name":"wp","href":"https:\/\/api.w.org\/{rel}","templated":true}]}}