{"id":13971,"date":"2026-04-07T13:45:02","date_gmt":"2026-04-07T11:45:02","guid":{"rendered":"https:\/\/projectes.xtec.cat\/qualitatfp\/?p=13971"},"modified":"2026-04-13T18:53:41","modified_gmt":"2026-04-13T16:53:41","slug":"linstitut-josep-brugulat-de-banyoles-certifica-el-seu-sistema-de-gestio-integrat-iso-9001-i-iso-14001","status":"publish","type":"post","link":"https:\/\/projectes.xtec.cat\/qualitatfp\/general\/linstitut-josep-brugulat-de-banyoles-certifica-el-seu-sistema-de-gestio-integrat-iso-9001-i-iso-14001\/","title":{"rendered":"L\u2019Institut Josep Brugulat de Banyoles certifica el seu sistema de gesti\u00f3 integrat (ISO 9001 i ISO 14001)"},"content":{"rendered":"<p>&nbsp;<\/p>\n<p><span style=\"font-weight: 400;\">Aquest mes de mar\u00e7, <strong><a href=\"https:\/\/agora.xtec.cat\/ies-brugulat\/\">l&#8217;<span style=\"text-decoration: underline;\"><span style=\"color: #2f5d5d;\">Institut Josep Brugulat<\/span><\/span><\/a><\/strong><\/span> ha obtingut la <strong>certificaci\u00f3 ISO 14001 de Gesti\u00f3 Ambiental, juntament amb la recertificaci\u00f3 de la ISO 9001 de Gesti\u00f3 de la Qualitat<\/strong>.<\/p>\n<blockquote><p><strong>Aquesta nova certificaci\u00f3 reconeix el comprom\u00eds del centre amb el medi ambient i la sostenibilitat on, a m\u00e9s d\u2019analitzar totes les activitats per reduir i prevenir els impactes ambientals, es planifica el treball amb l\u2019alumnat per fomentar una educaci\u00f3 ecosocial que integri valors, coneixements i accions.<\/strong><\/p><\/blockquote>\n<p><span style=\"font-weight: 400;\">Aquest enfocament impulsa la participaci\u00f3 i la implicaci\u00f3 activa de tota la comunitat educativa en la millora de l\u2019entorn, i s\u2019emmarca en una xarxa que promou la col\u00b7laboraci\u00f3 i l\u2019intercanvi amb entitats locals i altres centres amb objectius comuns. El sistema de gesti\u00f3 ambiental s\u2019ha alineat amb els objectius i les activitats del projecte Escoles Verdes, en qu\u00e8 l\u2019institut participa des de l\u2019any 1998, i es desplega en \u00e0mbits com el curr\u00edculum, la gesti\u00f3 sostenible, la relaci\u00f3 amb l\u2019entorn i la participaci\u00f3.<\/span><\/p>\n<p><span style=\"font-weight: 400;\">Tot aix\u00f2 ha estat possible gr\u00e0cies a la implicaci\u00f3 de l\u2019equip hum\u00e0 del centre i al suport de la Xarxa del Programa de Qualitat i Millora Cont\u00ednua.<\/span><\/p>\n<p><a href=\"https:\/\/projectes.xtec.cat\/qualitatfp\/wp-content\/uploads\/usu772\/2026\/03\/2024.09.06-acollida-alumnes-1r-ESO-fotos-1.jpg\"><img loading=\"lazy\" decoding=\"async\" class=\"aligncenter wp-image-13972 \" src=\"https:\/\/projectes.xtec.cat\/qualitatfp\/wp-content\/uploads\/usu772\/2026\/03\/2024.09.06-acollida-alumnes-1r-ESO-fotos-1-1024x683.jpg\" alt=\"\" width=\"645\" height=\"430\" srcset=\"https:\/\/projectes.xtec.cat\/qualitatfp\/wp-content\/uploads\/usu772\/2026\/03\/2024.09.06-acollida-alumnes-1r-ESO-fotos-1-1024x683.jpg 1024w, https:\/\/projectes.xtec.cat\/qualitatfp\/wp-content\/uploads\/usu772\/2026\/03\/2024.09.06-acollida-alumnes-1r-ESO-fotos-1-300x200.jpg 300w, https:\/\/projectes.xtec.cat\/qualitatfp\/wp-content\/uploads\/usu772\/2026\/03\/2024.09.06-acollida-alumnes-1r-ESO-fotos-1-768x512.jpg 768w, https:\/\/projectes.xtec.cat\/qualitatfp\/wp-content\/uploads\/usu772\/2026\/03\/2024.09.06-acollida-alumnes-1r-ESO-fotos-1-1536x1024.jpg 1536w, https:\/\/projectes.xtec.cat\/qualitatfp\/wp-content\/uploads\/usu772\/2026\/03\/2024.09.06-acollida-alumnes-1r-ESO-fotos-1.jpg 2040w\" sizes=\"auto, (max-width: 645px) 100vw, 645px\" \/><\/a><\/p>\n","protected":false},"excerpt":{"rendered":"<p>&nbsp;<br \/>\nAquest mes de mar\u00e7, <a href=\"https:\/\/agora.xtec.cat\/ies-brugulat\/\">l&#8217;Institut Josep Brugulat<\/a> ha obtingut la certificaci\u00f3 ISO 14001 de Gesti\u00f3 Ambiental, juntament amb la recertificaci\u00f3 de la ISO 9001 de Gesti\u00f3 de la Qualitat.<br \/>\nAquesta nova certificaci\u00f3 reconeix el comprom\u00eds del centre amb el medi ambient i la sostenibilitat on,&hellip;  <a href=\"https:\/\/projectes.xtec.cat\/qualitatfp\/general\/linstitut-josep-brugulat-de-banyoles-certifica-el-seu-sistema-de-gestio-integrat-iso-9001-i-iso-14001\/\" title=\"Read L\u2019Institut Josep Brugulat de Banyoles certifica el seu sistema de gesti\u00f3 integrat (ISO 9001 i ISO 14001)\">Llegeix m\u00e9s\u00bb<\/a><\/p>\n","protected":false},"author":98,"featured_media":14010,"comment_status":"open","ping_status":"open","sticky":false,"template":"","format":"standard","meta":{"_bbp_topic_count":0,"_bbp_reply_count":0,"_bbp_total_topic_count":0,"_bbp_total_reply_count":0,"_bbp_voice_count":0,"_bbp_anonymous_reply_count":0,"_bbp_topic_count_hidden":0,"_bbp_reply_count_hidden":0,"_bbp_forum_subforum_count":0,"footnotes":""},"categories":[1,29],"tags":[],"class_list":["post-13971","post","type-post","status-publish","format-standard","has-post-thumbnail","hentry","category-general","category-portada"],"post_mailing_queue_ids":[],"_links":{"self":[{"href":"https:\/\/projectes.xtec.cat\/qualitatfp\/wp-json\/wp\/v2\/posts\/13971","targetHints":{"allow":["GET"]}}],"collection":[{"href":"https:\/\/projectes.xtec.cat\/qualitatfp\/wp-json\/wp\/v2\/posts"}],"about":[{"href":"https:\/\/projectes.xtec.cat\/qualitatfp\/wp-json\/wp\/v2\/types\/post"}],"author":[{"embeddable":true,"href":"https:\/\/projectes.xtec.cat\/qualitatfp\/wp-json\/wp\/v2\/users\/98"}],"replies":[{"embeddable":true,"href":"https:\/\/projectes.xtec.cat\/qualitatfp\/wp-json\/wp\/v2\/comments?post=13971"}],"version-history":[{"count":5,"href":"https:\/\/projectes.xtec.cat\/qualitatfp\/wp-json\/wp\/v2\/posts\/13971\/revisions"}],"predecessor-version":[{"id":14012,"href":"https:\/\/projectes.xtec.cat\/qualitatfp\/wp-json\/wp\/v2\/posts\/13971\/revisions\/14012"}],"wp:featuredmedia":[{"embeddable":true,"href":"https:\/\/projectes.xtec.cat\/qualitatfp\/wp-json\/wp\/v2\/media\/14010"}],"wp:attachment":[{"href":"https:\/\/projectes.xtec.cat\/qualitatfp\/wp-json\/wp\/v2\/media?parent=13971"}],"wp:term":[{"taxonomy":"category","embeddable":true,"href":"https:\/\/projectes.xtec.cat\/qualitatfp\/wp-json\/wp\/v2\/categories?post=13971"},{"taxonomy":"post_tag","embeddable":true,"href":"https:\/\/projectes.xtec.cat\/qualitatfp\/wp-json\/wp\/v2\/tags?post=13971"}],"curies":[{"name":"wp","href":"https:\/\/api.w.org\/{rel}","templated":true}]}}