{"id":9633,"date":"2021-04-20T09:03:12","date_gmt":"2021-04-20T07:03:12","guid":{"rendered":"https:\/\/projectes.xtec.cat\/qualitatfp\/?p=9633"},"modified":"2021-04-20T09:03:12","modified_gmt":"2021-04-20T07:03:12","slug":"jornada-portes-obertes-empresa-fp","status":"publish","type":"post","link":"https:\/\/projectes.xtec.cat\/qualitatfp\/general\/jornada-portes-obertes-empresa-fp\/","title":{"rendered":"Jornada Portes Obertes Empresa FP"},"content":{"rendered":"<p><span style=\"color: #351c75; font-family: arial, sans-serif;\"><span lang=\"CA\">La Unitat EmpresaFP <a href=\"https:\/\/projectes.xtec.cat\/empresafp\/empresa-fp\/jornada-de-portes-obertes-empresafp\/\" target=\"_blank\" rel=\"noopener noreferrer\">https:\/\/projectes.xtec.cat\/empresafp\/empresa-fp\/jornada-de-portes-obertes-empresafp\/<\/a> organitza el pr\u00f2xim <\/span><span lang=\"CA\"><b>29 d&#8217;abril a les 10:00 hores<\/b><\/span><span lang=\"CA\">, una\u00a0<\/span><span lang=\"CA\"><b>Jornada de Portes Obertes en l\u00ednia<\/b><\/span><span lang=\"CA\">\u00a0per donar a con\u00e8ixer\u00a0<b>el programa EmpresaFP<\/b>\u00a0a aquells centres que estiguin interessats en ser competitius amb els serveis que ofereixen a les empreses per cercar\u00a0col\u00b7laboracions.\u00a0<\/span><\/span><\/p>\n<p><span style=\"color: #351c75; font-family: arial, sans-serif;\"><span lang=\"CA\">Es recorda als centres que el termini per a inscriure&#8217;s al programa EmpresaFP per al curs 2021-2022 finalitza el 12 de maig.\u00a0<\/span><\/span><\/p>\n<p><span style=\"color: #351c75;\"><span style=\"font-family: arial, sans-serif;\"><span lang=\"CA\">Durant aquesta jornada\u00a0<\/span><span lang=\"CA\"><b>es presentaran les directrius, funcionament, objectius, ben\u00e8fics i coordinadors del programa<\/b><\/span><span lang=\"CA\">.\u00a0<\/span><\/span>A m\u00e9s es comptar\u00e0 amb diferents centres educatius que exposaran les seves experi\u00e8ncies.<\/span><\/p>\n<p><span style=\"color: #351c75;\">Apunta&#8217;t en aquest enlla\u00e7 per assistir a la jornada:<\/span><\/p>\n<div>\n<div>\n<div>\n<p><a id=\"m_7296013175811990896gmail-LPlnk178004\" href=\"https:\/\/forms.gle\/yLUzjPgzX2jKYLXCA\" target=\"_blank\" rel=\"noopener noreferrer\" data-saferedirecturl=\"https:\/\/www.google.com\/url?q=https:\/\/forms.gle\/yLUzjPgzX2jKYLXCA&amp;source=gmail&amp;ust=1618987695151000&amp;usg=AFQjCNFdZ-hG_KarRDbrghxrd0Z_JyTnDg\">https:\/\/forms.gle\/<wbr \/>yLUzjPgzX2jKYLXCA<\/a><\/p>\n<\/div>\n<\/div>\n<\/div>\n","protected":false},"excerpt":{"rendered":"<p>La Unitat EmpresaFP https:\/\/projectes.xtec.cat\/empresafp\/empresa-fp\/jornada-de-portes-obertes-empresafp\/ organitza el pr\u00f2xim 29 d&#8217;abril a les 10:00 hores, una\u00a0Jornada de Portes Obertes en l\u00ednia\u00a0per donar a con\u00e8ixer\u00a0el programa EmpresaFP\u00a0a aquells centres que estiguin interessats en ser competitius amb els serveis que ofereixen a les empreses per cercar\u00a0col\u00b7laboracions.\u00a0 Es recorda als centres que el termini per a inscriure&#8217;s al programa EmpresaFP [&hellip;]<\/p>\n","protected":false},"author":1,"featured_media":9634,"comment_status":"open","ping_status":"closed","sticky":false,"template":"","format":"standard","meta":{"_bbp_topic_count":0,"_bbp_reply_count":0,"_bbp_total_topic_count":0,"_bbp_total_reply_count":0,"_bbp_voice_count":0,"_bbp_anonymous_reply_count":0,"_bbp_topic_count_hidden":0,"_bbp_reply_count_hidden":0,"_bbp_forum_subforum_count":0,"site-sidebar-layout":"default","site-content-layout":"","ast-site-content-layout":"","site-content-style":"default","site-sidebar-style":"default","ast-global-header-display":"","ast-banner-title-visibility":"","ast-main-header-display":"","ast-hfb-above-header-display":"","ast-hfb-below-header-display":"","ast-hfb-mobile-header-display":"","site-post-title":"","ast-breadcrumbs-content":"","ast-featured-img":"","footer-sml-layout":"","theme-transparent-header-meta":"","adv-header-id-meta":"","stick-header-meta":"","header-above-stick-meta":"","header-main-stick-meta":"","header-below-stick-meta":"","astra-migrate-meta-layouts":"default","ast-page-background-enabled":"default","ast-page-background-meta":{"desktop":{"background-color":"var(--ast-global-color-4)","background-image":"","background-repeat":"repeat","background-position":"center center","background-size":"auto","background-attachment":"scroll","background-type":"","background-media":"","overlay-type":"","overlay-color":"","overlay-opacity":"","overlay-gradient":""},"tablet":{"background-color":"","background-image":"","background-repeat":"repeat","background-position":"center center","background-size":"auto","background-attachment":"scroll","background-type":"","background-media":"","overlay-type":"","overlay-color":"","overlay-opacity":"","overlay-gradient":""},"mobile":{"background-color":"","background-image":"","background-repeat":"repeat","background-position":"center center","background-size":"auto","background-attachment":"scroll","background-type":"","background-media":"","overlay-type":"","overlay-color":"","overlay-opacity":"","overlay-gradient":""}},"ast-content-background-meta":{"desktop":{"background-color":"var(--ast-global-color-5)","background-image":"","background-repeat":"repeat","background-position":"center center","background-size":"auto","background-attachment":"scroll","background-type":"","background-media":"","overlay-type":"","overlay-color":"","overlay-opacity":"","overlay-gradient":""},"tablet":{"background-color":"var(--ast-global-color-5)","background-image":"","background-repeat":"repeat","background-position":"center center","background-size":"auto","background-attachment":"scroll","background-type":"","background-media":"","overlay-type":"","overlay-color":"","overlay-opacity":"","overlay-gradient":""},"mobile":{"background-color":"var(--ast-global-color-5)","background-image":"","background-repeat":"repeat","background-position":"center center","background-size":"auto","background-attachment":"scroll","background-type":"","background-media":"","overlay-type":"","overlay-color":"","overlay-opacity":"","overlay-gradient":""}},"footnotes":""},"categories":[1,29],"tags":[334,303,335,309],"class_list":["post-9633","post","type-post","status-publish","format-standard","has-post-thumbnail","hentry","category-general","category-portada","tag-empresafp","tag-jornada","tag-programes-i-projecte","tag-qualitat"],"post_mailing_queue_ids":[],"_links":{"self":[{"href":"https:\/\/projectes.xtec.cat\/qualitatfp\/wp-json\/wp\/v2\/posts\/9633","targetHints":{"allow":["GET"]}}],"collection":[{"href":"https:\/\/projectes.xtec.cat\/qualitatfp\/wp-json\/wp\/v2\/posts"}],"about":[{"href":"https:\/\/projectes.xtec.cat\/qualitatfp\/wp-json\/wp\/v2\/types\/post"}],"author":[{"embeddable":true,"href":"https:\/\/projectes.xtec.cat\/qualitatfp\/wp-json\/wp\/v2\/users\/1"}],"replies":[{"embeddable":true,"href":"https:\/\/projectes.xtec.cat\/qualitatfp\/wp-json\/wp\/v2\/comments?post=9633"}],"version-history":[{"count":2,"href":"https:\/\/projectes.xtec.cat\/qualitatfp\/wp-json\/wp\/v2\/posts\/9633\/revisions"}],"predecessor-version":[{"id":9636,"href":"https:\/\/projectes.xtec.cat\/qualitatfp\/wp-json\/wp\/v2\/posts\/9633\/revisions\/9636"}],"wp:featuredmedia":[{"embeddable":true,"href":"https:\/\/projectes.xtec.cat\/qualitatfp\/wp-json\/wp\/v2\/media\/9634"}],"wp:attachment":[{"href":"https:\/\/projectes.xtec.cat\/qualitatfp\/wp-json\/wp\/v2\/media?parent=9633"}],"wp:term":[{"taxonomy":"category","embeddable":true,"href":"https:\/\/projectes.xtec.cat\/qualitatfp\/wp-json\/wp\/v2\/categories?post=9633"},{"taxonomy":"post_tag","embeddable":true,"href":"https:\/\/projectes.xtec.cat\/qualitatfp\/wp-json\/wp\/v2\/tags?post=9633"}],"curies":[{"name":"wp","href":"https:\/\/api.w.org\/{rel}","templated":true}]}}