{"id":10512,"date":"2023-03-23T08:00:00","date_gmt":"2023-03-23T07:00:00","guid":{"rendered":"https:\/\/projectes.xtec.cat\/recerca\/?p=10512"},"modified":"2025-07-01T14:38:54","modified_gmt":"2025-07-01T12:38:54","slug":"el-govern-aprova-la-creacio-de-la-comissio-de-recerca-educativa","status":"publish","type":"post","link":"https:\/\/projectes.xtec.cat\/recerca\/pla-de-recerca-educativa\/el-govern-aprova-la-creacio-de-la-comissio-de-recerca-educativa\/","title":{"rendered":"El Govern aprova la creaci\u00f3 de la Comissi\u00f3 de Recerca Educativa"},"content":{"rendered":"\n<p>El Govern ha aprovat la creaci\u00f3 de la Comissi\u00f3 de Recerca Educativa (CRE), l\u2019\u00f2rgan col\u00b7legiat que elaborar\u00e0, desplegar\u00e0 i far\u00e0 el seguiment del Pla estrat\u00e8gic de la recerca educativa de Catalunya.<\/p>\n\n\n\n<p>Aquest Pla, presentat la setmana passada, vol ser un instrument estrat\u00e8gic per impulsar la transfer\u00e8ncia de les evid\u00e8ncies educatives tant a la pr\u00e0ctica docent com&nbsp;a les pol\u00edtiques educatives de l\u2019administraci\u00f3. Ha d\u2019estar concretat, segons consta a l\u2019Acord de Govern, abans del 31 de gener de 2024, moment a partir&nbsp;del qual la CRE l\u2019haur\u00e0 de desplegar.<\/p>\n\n\n\n<p>Les l\u00ednies d\u2019acci\u00f3 principals de la CRE, doncs, seran generar i difondre evid\u00e8ncies de recerca educativa, fer-les accessibles i dotar el sistema educatiu de programes que en facilitin l\u2019\u00fas. A m\u00e9s, buscar\u00e0 capacitar els professionals en la cultura de l\u2019evid\u00e8ncia, proposar una xarxa entre els aliats implicats en la recerca i identificar primeres accions i recursos perqu\u00e8 el Pla inici\u00ef el seu desplegament en els terminis establerts.<\/p>\n\n\n\n<p><strong><a href=\"https:\/\/portaldogc.gencat.cat\/utilsEADOP\/PDF\/8881\/1965062.pdf\">ACORD GOV\/55\/2023, de 21 de mar\u00e7, pel qual es crea la Comissi\u00f3 de Recerca Educativa<\/a><\/strong><\/p>\n","protected":false},"excerpt":{"rendered":"<p>El Govern ha aprovat la creaci\u00f3 de la Comissi\u00f3 de Recerca Educativa (CRE), l\u2019\u00f2rgan col\u00b7legiat que elaborar\u00e0, desplegar\u00e0 i far\u00e0 [&hellip;]<\/p>\n","protected":false},"author":2,"featured_media":10515,"comment_status":"closed","ping_status":"open","sticky":false,"template":"","format":"standard","meta":{"site-sidebar-layout":"default","site-content-layout":"","ast-site-content-layout":"default","site-content-style":"default","site-sidebar-style":"default","ast-global-header-display":"","ast-banner-title-visibility":"","ast-main-header-display":"","ast-hfb-above-header-display":"","ast-hfb-below-header-display":"","ast-hfb-mobile-header-display":"","site-post-title":"","ast-breadcrumbs-content":"","ast-featured-img":"","footer-sml-layout":"","theme-transparent-header-meta":"","adv-header-id-meta":"","stick-header-meta":"","header-above-stick-meta":"","header-main-stick-meta":"","header-below-stick-meta":"","astra-migrate-meta-layouts":"set","ast-page-background-enabled":"default","ast-page-background-meta":{"desktop":{"background-color":"var(--ast-global-color-4)","background-image":"","background-repeat":"repeat","background-position":"center center","background-size":"auto","background-attachment":"scroll","background-type":"","background-media":"","overlay-type":"","overlay-color":"","overlay-opacity":"","overlay-gradient":""},"tablet":{"background-color":"","background-image":"","background-repeat":"repeat","background-position":"center center","background-size":"auto","background-attachment":"scroll","background-type":"","background-media":"","overlay-type":"","overlay-color":"","overlay-opacity":"","overlay-gradient":""},"mobile":{"background-color":"","background-image":"","background-repeat":"repeat","background-position":"center center","background-size":"auto","background-attachment":"scroll","background-type":"","background-media":"","overlay-type":"","overlay-color":"","overlay-opacity":"","overlay-gradient":""}},"ast-content-background-meta":{"desktop":{"background-color":"var(--ast-global-color-5)","background-image":"","background-repeat":"repeat","background-position":"center center","background-size":"auto","background-attachment":"scroll","background-type":"","background-media":"","overlay-type":"","overlay-color":"","overlay-opacity":"","overlay-gradient":""},"tablet":{"background-color":"var(--ast-global-color-5)","background-image":"","background-repeat":"repeat","background-position":"center center","background-size":"auto","background-attachment":"scroll","background-type":"","background-media":"","overlay-type":"","overlay-color":"","overlay-opacity":"","overlay-gradient":""},"mobile":{"background-color":"var(--ast-global-color-5)","background-image":"","background-repeat":"repeat","background-position":"center center","background-size":"auto","background-attachment":"scroll","background-type":"","background-media":"","overlay-type":"","overlay-color":"","overlay-opacity":"","overlay-gradient":""}},"footnotes":""},"categories":[1038,859],"tags":[],"class_list":["post-10512","post","type-post","status-publish","format-standard","has-post-thumbnail","hentry","category-per-a-investigadors","category-pla-de-recerca-educativa"],"post_mailing_queue_ids":[],"_links":{"self":[{"href":"https:\/\/projectes.xtec.cat\/recerca\/wp-json\/wp\/v2\/posts\/10512","targetHints":{"allow":["GET"]}}],"collection":[{"href":"https:\/\/projectes.xtec.cat\/recerca\/wp-json\/wp\/v2\/posts"}],"about":[{"href":"https:\/\/projectes.xtec.cat\/recerca\/wp-json\/wp\/v2\/types\/post"}],"author":[{"embeddable":true,"href":"https:\/\/projectes.xtec.cat\/recerca\/wp-json\/wp\/v2\/users\/2"}],"replies":[{"embeddable":true,"href":"https:\/\/projectes.xtec.cat\/recerca\/wp-json\/wp\/v2\/comments?post=10512"}],"version-history":[{"count":1,"href":"https:\/\/projectes.xtec.cat\/recerca\/wp-json\/wp\/v2\/posts\/10512\/revisions"}],"predecessor-version":[{"id":10513,"href":"https:\/\/projectes.xtec.cat\/recerca\/wp-json\/wp\/v2\/posts\/10512\/revisions\/10513"}],"wp:featuredmedia":[{"embeddable":true,"href":"https:\/\/projectes.xtec.cat\/recerca\/wp-json\/wp\/v2\/media\/10515"}],"wp:attachment":[{"href":"https:\/\/projectes.xtec.cat\/recerca\/wp-json\/wp\/v2\/media?parent=10512"}],"wp:term":[{"taxonomy":"category","embeddable":true,"href":"https:\/\/projectes.xtec.cat\/recerca\/wp-json\/wp\/v2\/categories?post=10512"},{"taxonomy":"post_tag","embeddable":true,"href":"https:\/\/projectes.xtec.cat\/recerca\/wp-json\/wp\/v2\/tags?post=10512"}],"curies":[{"name":"wp","href":"https:\/\/api.w.org\/{rel}","templated":true}]}}