{"id":10846,"date":"2025-06-18T15:06:26","date_gmt":"2025-06-18T13:06:26","guid":{"rendered":"https:\/\/projectes.xtec.cat\/recerca\/?p=10846"},"modified":"2025-07-01T14:36:34","modified_gmt":"2025-07-01T12:36:34","slug":"jornada-a-la-uoc-una-nova-mirada-a-laprenentatge-estrategies-de-feedback-i-autoregulacio-a-laula-proj-eficca3","status":"publish","type":"post","link":"https:\/\/projectes.xtec.cat\/recerca\/subvencions\/jornada-a-la-uoc-una-nova-mirada-a-laprenentatge-estrategies-de-feedback-i-autoregulacio-a-laula-proj-eficca3\/","title":{"rendered":"Jornada a la UOC: \u00abUna nova mirada a l\u2019aprenentatge: estrat\u00e8gies de feedback i autoregulaci\u00f3 a l\u2019aula\u00bb (proj. EFICCA3)"},"content":{"rendered":"\n<div class=\"wp-block-media-text is-stacked-on-mobile\" style=\"grid-template-columns:29% auto\"><figure class=\"wp-block-media-text__media\"><img loading=\"lazy\" decoding=\"async\" width=\"724\" height=\"1024\" src=\"https:\/\/projectes.xtec.cat\/recerca\/wp-content\/uploads\/usu2090\/2025\/06\/199189-724x1024.png\" alt=\"\" class=\"wp-image-10849 size-full\" srcset=\"https:\/\/projectes.xtec.cat\/recerca\/wp-content\/uploads\/usu2090\/2025\/06\/199189-724x1024.png 724w, https:\/\/projectes.xtec.cat\/recerca\/wp-content\/uploads\/usu2090\/2025\/06\/199189-212x300.png 212w, https:\/\/projectes.xtec.cat\/recerca\/wp-content\/uploads\/usu2090\/2025\/06\/199189-768x1087.png 768w, https:\/\/projectes.xtec.cat\/recerca\/wp-content\/uploads\/usu2090\/2025\/06\/199189.png 920w\" sizes=\"auto, (max-width: 724px) 100vw, 724px\" \/><\/figure><div class=\"wp-block-media-text__content\">\n<p><\/p>\n\n\n\n<div class=\"wp-block-group is-layout-constrained wp-block-group-is-layout-constrained\">\n<div class=\"wp-block-group is-layout-constrained wp-block-group-is-layout-constrained\">\n<div class=\"wp-block-group is-layout-constrained wp-block-group-is-layout-constrained\">\n<div class=\"wp-block-columns is-layout-flex wp-container-core-columns-is-layout-1 wp-block-columns-is-layout-flex\">\n<div class=\"wp-block-column is-layout-flow wp-block-column-is-layout-flow\" style=\"flex-basis:74%\">\n<p>El dia 3 de juliol de 2025 els responsables del projecte EFICCA3 duran a terme una jornada de difusi\u00f3 d&#8217;experi\u00e8ncies reals i propostes transferibles sobre el <em>feedback <\/em>a la pr\u00e0ctica docent.<\/p>\n<\/div>\n<\/div>\n\n\n\n<div class=\"wp-block-group is-layout-constrained wp-block-group-is-layout-constrained\">\n<h6 class=\"wp-block-heading\"><strong>Qu\u00e8 hi trobar\u00e0s?<\/strong><\/h6>\n<\/div>\n<\/div>\n\n\n\n<ul class=\"wp-block-list\">\n<li>Presentaci\u00f3 dels resultats clau del projecte EFICCA3.<\/li>\n\n\n\n<li>Roda d\u2019experi\u00e8ncies amb protagonistes reals: professorat implicat en pr\u00e0ctiques exitoses<\/li>\n\n\n\n<li>Taules rodones amb centres de secund\u00e0ria de Catalunya participants en el projecte<\/li>\n\n\n\n<li>Sessi\u00f3 de p\u00f2sters.<\/li>\n\n\n\n<li>Exemples internacionals des d\u2019Esc\u00f2cia, Pa\u00efsos Baixos i M\u00e8xic<\/li>\n\n\n\n<li>Recomanacions pr\u00e0ctiques i guia de suport per a equips docents<\/li>\n<\/ul>\n<\/div>\n\n\n\n<div class=\"wp-block-columns is-layout-flex wp-container-core-columns-is-layout-2 wp-block-columns-is-layout-flex\">\n<div class=\"wp-block-column is-layout-flow wp-block-column-is-layout-flow\" style=\"flex-basis:100%\">\n<p><strong>Lloc:<\/strong>&nbsp;Edifici Can Jaumandreu, Universitat Oberta de Catalunya, carrer Per\u00fa 52 (Barcelona).<br><strong>Horari:<\/strong>&nbsp;de 9:30 h a 14:00 h<br><strong>Inscripci\u00f3 gratu\u00efta i oberta fins a esgotar l&#8217;aforament<\/strong> a: <a href=\"https:\/\/symposium.uoc.edu\/130278\/tickets\/una-nova-mirada-a-lraprenentatge-estrategies-de-feedback-i-autoregulacio-a-lraula.html\" target=\"_blank\" rel=\"noreferrer noopener\">INSCRIPCIONS<\/a><\/p>\n<\/div>\n<\/div>\n<\/div>\n\n\n\n<div class=\"wp-block-columns is-layout-flex wp-container-core-columns-is-layout-3 wp-block-columns-is-layout-flex\">\n<div class=\"wp-block-column is-layout-flow wp-block-column-is-layout-flow\" style=\"flex-basis:100%\">\n<p><\/p>\n\n\n\n<p>Descobreix m\u00e9s sobre el projecte&nbsp;aqu\u00ed:<br><a href=\"https:\/\/blogs.uoc.edu\/eficca3\/escoles-participants\/\">https:\/\/blogs.uoc.edu\/eficca3\/<\/a><\/p>\n<\/div>\n<\/div>\n\n\n\n<p><\/p>\n\n\n\n<p><em><sub>El projecte\u00a0<strong>Estrat\u00e8gies de feedback intern pel desplegament dels nous curr\u00edculums competencials: cap a l\u2019autoregulaci\u00f3 de l\u2019aprenentatge de l\u2019alumnat (EFICCA<sup>3<\/sup>)\u200b\u200b<\/strong>\u00a0\u00e9s un dels <a href=\"https:\/\/projectes.xtec.cat\/recerca\/grup-investigador\/subvencions\/subvencio-recerca-2023\/\" target=\"_blank\" rel=\"noreferrer noopener\">projectes subvencionats pel Departament d\u2019Educaci\u00f3 i Formaci\u00f3 Professional <\/a>en la convocat\u00f2ria del 2023. \u00c9s un projecte de recerca educativa que treballa les estrat\u00e8gies i metodologies per desplegar els aspectes clau dels nous curr\u00edculums en la pr\u00e0ctica educativa. Lidera l&#8217;equip la Maite Fern\u00e1ndez-Ferrer, de la Universitat Oberta de Catalunya, i est\u00e0 format un equip de membres de diferents universitats catalanes.\u00a0<\/sub><\/em><\/p>\n\n\n\n<p><\/p>\n<\/div><\/div>\n","protected":false},"excerpt":{"rendered":"","protected":false},"author":2,"featured_media":11078,"comment_status":"closed","ping_status":"open","sticky":false,"template":"","format":"standard","meta":{"site-sidebar-layout":"default","site-content-layout":"","ast-site-content-layout":"default","site-content-style":"default","site-sidebar-style":"default","ast-global-header-display":"","ast-banner-title-visibility":"","ast-main-header-display":"","ast-hfb-above-header-display":"","ast-hfb-below-header-display":"","ast-hfb-mobile-header-display":"","site-post-title":"","ast-breadcrumbs-content":"","ast-featured-img":"","footer-sml-layout":"","theme-transparent-header-meta":"","adv-header-id-meta":"","stick-header-meta":"","header-above-stick-meta":"","header-main-stick-meta":"","header-below-stick-meta":"","astra-migrate-meta-layouts":"set","ast-page-background-enabled":"default","ast-page-background-meta":{"desktop":{"background-color":"var(--ast-global-color-4)","background-image":"","background-repeat":"repeat","background-position":"center center","background-size":"auto","background-attachment":"scroll","background-type":"","background-media":"","overlay-type":"","overlay-color":"","overlay-opacity":"","overlay-gradient":""},"tablet":{"background-color":"","background-image":"","background-repeat":"repeat","background-position":"center center","background-size":"auto","background-attachment":"scroll","background-type":"","background-media":"","overlay-type":"","overlay-color":"","overlay-opacity":"","overlay-gradient":""},"mobile":{"background-color":"","background-image":"","background-repeat":"repeat","background-position":"center center","background-size":"auto","background-attachment":"scroll","background-type":"","background-media":"","overlay-type":"","overlay-color":"","overlay-opacity":"","overlay-gradient":""}},"ast-content-background-meta":{"desktop":{"background-color":"var(--ast-global-color-5)","background-image":"","background-repeat":"repeat","background-position":"center center","background-size":"auto","background-attachment":"scroll","background-type":"","background-media":"","overlay-type":"","overlay-color":"","overlay-opacity":"","overlay-gradient":""},"tablet":{"background-color":"var(--ast-global-color-5)","background-image":"","background-repeat":"repeat","background-position":"center center","background-size":"auto","background-attachment":"scroll","background-type":"","background-media":"","overlay-type":"","overlay-color":"","overlay-opacity":"","overlay-gradient":""},"mobile":{"background-color":"var(--ast-global-color-5)","background-image":"","background-repeat":"repeat","background-position":"center center","background-size":"auto","background-attachment":"scroll","background-type":"","background-media":"","overlay-type":"","overlay-color":"","overlay-opacity":"","overlay-gradient":""}},"footnotes":""},"categories":[1037,1038,890],"tags":[],"class_list":["post-10846","post","type-post","status-publish","format-standard","has-post-thumbnail","hentry","category-per-a-docents","category-per-a-investigadors","category-subvencions"],"post_mailing_queue_ids":[],"_links":{"self":[{"href":"https:\/\/projectes.xtec.cat\/recerca\/wp-json\/wp\/v2\/posts\/10846","targetHints":{"allow":["GET"]}}],"collection":[{"href":"https:\/\/projectes.xtec.cat\/recerca\/wp-json\/wp\/v2\/posts"}],"about":[{"href":"https:\/\/projectes.xtec.cat\/recerca\/wp-json\/wp\/v2\/types\/post"}],"author":[{"embeddable":true,"href":"https:\/\/projectes.xtec.cat\/recerca\/wp-json\/wp\/v2\/users\/2"}],"replies":[{"embeddable":true,"href":"https:\/\/projectes.xtec.cat\/recerca\/wp-json\/wp\/v2\/comments?post=10846"}],"version-history":[{"count":6,"href":"https:\/\/projectes.xtec.cat\/recerca\/wp-json\/wp\/v2\/posts\/10846\/revisions"}],"predecessor-version":[{"id":11068,"href":"https:\/\/projectes.xtec.cat\/recerca\/wp-json\/wp\/v2\/posts\/10846\/revisions\/11068"}],"wp:featuredmedia":[{"embeddable":true,"href":"https:\/\/projectes.xtec.cat\/recerca\/wp-json\/wp\/v2\/media\/11078"}],"wp:attachment":[{"href":"https:\/\/projectes.xtec.cat\/recerca\/wp-json\/wp\/v2\/media?parent=10846"}],"wp:term":[{"taxonomy":"category","embeddable":true,"href":"https:\/\/projectes.xtec.cat\/recerca\/wp-json\/wp\/v2\/categories?post=10846"},{"taxonomy":"post_tag","embeddable":true,"href":"https:\/\/projectes.xtec.cat\/recerca\/wp-json\/wp\/v2\/tags?post=10846"}],"curies":[{"name":"wp","href":"https:\/\/api.w.org\/{rel}","templated":true}]}}