{"id":9679,"date":"2025-06-04T10:36:25","date_gmt":"2025-06-04T08:36:25","guid":{"rendered":"https:\/\/projectes.xtec.cat\/recerca\/?p=9679"},"modified":"2025-06-30T10:43:04","modified_gmt":"2025-06-30T08:43:04","slug":"lequip-redu-participa-en-la-jornada-de-transferencia-del-cete","status":"publish","type":"post","link":"https:\/\/projectes.xtec.cat\/recerca\/general\/lequip-redu-participa-en-la-jornada-de-transferencia-del-cete\/","title":{"rendered":"L\u2019equip REDU participa en la jornada de transfer\u00e8ncia del CETE+"},"content":{"rendered":"\n<p>El passat <strong>15 de maig de 2025<\/strong> es va celebrar, a la seu de la <em>Barcelona School of Management \u2013 UPF<\/em>, la <strong>jornada d\u2019internacionalitzaci\u00f3 CETE+<\/strong>, organitzada pel Departament d\u2019Educaci\u00f3 i Formaci\u00f3 Professional a trav\u00e9s del Servei de Lleng\u00fces Estrangeres i d\u2019Origen. La trobada va reunir una vuitantena de professionals de l\u2019\u00e0mbit educatiu que participen en el programa Erasmus+ CETE+, consolidant-se com un espai clau per a la <strong>transfer\u00e8ncia de coneixement i la millora educativa<\/strong>.<\/p>\n\n\n\n<p>L\u2019objectiu de la jornada era difondre els coneixements adquirits durant la implementaci\u00f3 de l\u2019edici\u00f3 2023 del projecte, aix\u00ed com fer visible l\u2019impacte acumulat de les edicions anteriors. Es va posar especial \u00e8mfasi en la creaci\u00f3 d\u2019un <strong>espai d\u2019aprenentatge entre iguals<\/strong>, on els participants van compartir experi\u00e8ncies, resultats i reptes viscuts en el marc dels seus projectes de mobilitat internacional.<\/p>\n\n\n\n<h3 class=\"wp-block-heading\"><strong>Participaci\u00f3 de l\u2019equip REDU<\/strong><\/h3>\n\n\n\n<p>L\u2019equip REDU, vinculat al Servei de Recerca Educativa i encarregat de <strong>recollir, analitzar i transferir evid\u00e8ncies<\/strong> sobre l\u2019impacte dels projectes Erasmus+ als centres va presentar un <strong>p\u00f2ster amb els objectius, resultats i impacte<\/strong> dels cinc centres que enguany han integrat processos de recerca educativa vinculats a la internacionalitzaci\u00f3.<\/p>\n\n\n\n<p>La mostra va permetre visualitzar com la recerca, orientada des dels mateixos centres, contribueix a sistematitzar els aprenentatges i promou l\u2019\u00fas d\u2019evid\u00e8ncies en la presa de decisions educatives, refor\u00e7ant aix\u00ed l\u2019objectiu del CETE+ com a catalitzador de la millora i l\u2019equitat educativa a nivell europeu.<\/p>\n\n\n\n<figure class=\"wp-block-image aligncenter is-resized\" style=\"margin-top:var(--wp--preset--spacing--30);margin-right:var(--wp--preset--spacing--40);margin-bottom:var(--wp--preset--spacing--30);margin-left:var(--wp--preset--spacing--40)\"><img decoding=\"async\" src=\"https:\/\/lh7-rt.googleusercontent.com\/docsz\/AD_4nXcFIURlEeMDiQlKwgHJWIOgPCT-xBRZ1ix7gckhWRmWSjkRiuF9vES0vsaC6ycBv6926tsGJknC4ZSOpKGaO9Zb2xuvo4I_Alr6pvic2WfPDoLQhkayNNgFyCV9U_jkhwvIpEZTlA?key=scimNGtyuiD4CzAyyHv1bg\" alt=\"\" style=\"width:800px\"\/><\/figure>\n\n\n\n<h3 class=\"wp-block-heading\"><strong>Tallers i pon\u00e8ncies destacades<\/strong><\/h3>\n\n\n\n<p>La jornada va oferir tamb\u00e9 tres tallers simultanis de gran inter\u00e8s per als assistents:<\/p>\n\n\n\n<ul class=\"wp-block-list\">\n<li><strong>AI in Education: Empowering Teachers for Tomorrow\u2019s Classroom<\/strong>, a c\u00e0rrec de la Dra. <em>Olena Rossi<\/em>, va introduir els participants a les potencialitats de la intel\u00b7lig\u00e8ncia artificial en la personalitzaci\u00f3 de l\u2019aprenentatge i l\u2019avaluaci\u00f3, amb un enfocament pr\u00e0ctic i responsable.<\/li>\n\n\n\n<li><strong>Llengua oral i poesia des de la biblioteca escolar<\/strong>, guiat per la Dra. <em>Cristina Correro<\/em>, va posar en valor el paper de la poesia i la biblioteca com a eines per al desenvolupament cognitiu i emocional a l\u2019educaci\u00f3 infantil.<\/li>\n\n\n\n<li><strong>Diversitat ling\u00fc\u00edstica a les escoles irlandeses<\/strong>, dinamitzat per la Dra. <em>K\u00e8nia Puig<\/em>, va oferir estrat\u00e8gies i recursos per promoure una educaci\u00f3 pluriling\u00fce i inclusiva, basant-se en l\u2019experi\u00e8ncia del sistema educatiu irland\u00e8s i les directrius del Consell d\u2019Europa.<br><\/li>\n<\/ul>\n\n\n\n<figure class=\"wp-block-image aligncenter is-resized\" style=\"margin-top:var(--wp--preset--spacing--70);margin-bottom:var(--wp--preset--spacing--70)\"><img decoding=\"async\" src=\"https:\/\/lh7-rt.googleusercontent.com\/docsz\/AD_4nXfyTeOvvZ62Jskm7wQnm2IUHgIAhgY4fn2o6eoWg_C5LIBWX-L0SYzKjv_T8NUzrGyxPmSnBP1gduvxOdermvt4OszB3-RuReHCZKaPF6CEhOJd7wQiMaFyEWsCBWQWrRsgPXuH?key=scimNGtyuiD4CzAyyHv1bg\" alt=\"\" style=\"width:800px\"\/><\/figure>\n\n\n\n<h3 class=\"wp-block-heading\"><strong>Una xarxa en creixement<\/strong><\/h3>\n\n\n\n<p>L\u2019edici\u00f3 2023 del CETE+ ha comptat amb <strong>20 centres educatius participants<\/strong>, que van poder exposar els seus projectes i aprenentatges a trav\u00e9s de presentacions, espais de di\u00e0leg i materials gr\u00e0fics. Tamb\u00e9 es va convidar els centres d\u2019edicions anteriors, refor\u00e7ant aix\u00ed el car\u00e0cter de comunitat d\u2019aprenentatge a llarg termini del consorci CETE+.<\/p>\n\n\n\n<div class=\"wp-block-columns is-layout-flex wp-container-core-columns-is-layout-1 wp-block-columns-is-layout-flex\">\n<div class=\"wp-block-column is-layout-flow wp-block-column-is-layout-flow\">\n<figure class=\"wp-block-image\"><img decoding=\"async\" src=\"https:\/\/lh7-rt.googleusercontent.com\/docsz\/AD_4nXeDNQcNTGHS0M0EY8MhB-LkPC3hyAh6go9sSnj8LZpR0OmQ5iJEekk10B_RvS0QFx50dVcv0o4DbLTLMhz_e2fadtDjEEbZBs5btlMvCVopQQKs9H56f9YyxXPDo-RzJb1zEbQ5WQ?key=scimNGtyuiD4CzAyyHv1bg\" alt=\"\" style=\"object-fit:cover\"\/><\/figure>\n<\/div>\n\n\n\n<div class=\"wp-block-column is-layout-flow wp-block-column-is-layout-flow\">\n<figure class=\"wp-block-image\"><img decoding=\"async\" src=\"https:\/\/lh7-rt.googleusercontent.com\/docsz\/AD_4nXfo0WbJG2eUeKyULj_NXIum9ZfrUWFtj4sKWVp5nR5rq-IvSIgk1IwJ1T0LOl6jcSa2gxRlS8yshVqaialbhheJq1Kku-yr69_buoiEw3Z_R6WxZGv16TjuvhBQEl29IHeFkFBrMQ?key=scimNGtyuiD4CzAyyHv1bg\" alt=\"\"\/><\/figure>\n<\/div>\n<\/div>\n\n\n\n<p>Des del Servei de Recerca Educativa celebrem l\u2019\u00e8xit d\u2019aquesta jornada i reiterem el comprom\u00eds amb la <strong>generaci\u00f3 i \u00fas d\u2019evid\u00e8ncies<\/strong> per a una educaci\u00f3 m\u00e9s justa, reflexiva i transformadora.<\/p>\n","protected":false},"excerpt":{"rendered":"<p>El passat 15 de maig de 2025 es va celebrar, a la seu de la Barcelona School of Management \u2013 [&hellip;]<\/p>\n","protected":false},"author":2,"featured_media":10638,"comment_status":"closed","ping_status":"open","sticky":false,"template":"","format":"standard","meta":{"site-sidebar-layout":"default","site-content-layout":"","ast-site-content-layout":"default","site-content-style":"default","site-sidebar-style":"default","ast-global-header-display":"","ast-banner-title-visibility":"","ast-main-header-display":"","ast-hfb-above-header-display":"","ast-hfb-below-header-display":"","ast-hfb-mobile-header-display":"","site-post-title":"","ast-breadcrumbs-content":"","ast-featured-img":"","footer-sml-layout":"","theme-transparent-header-meta":"","adv-header-id-meta":"","stick-header-meta":"","header-above-stick-meta":"","header-main-stick-meta":"","header-below-stick-meta":"","astra-migrate-meta-layouts":"set","ast-page-background-enabled":"default","ast-page-background-meta":{"desktop":{"background-color":"var(--ast-global-color-4)","background-image":"","background-repeat":"repeat","background-position":"center center","background-size":"auto","background-attachment":"scroll","background-type":"","background-media":"","overlay-type":"","overlay-color":"","overlay-opacity":"","overlay-gradient":""},"tablet":{"background-color":"","background-image":"","background-repeat":"repeat","background-position":"center center","background-size":"auto","background-attachment":"scroll","background-type":"","background-media":"","overlay-type":"","overlay-color":"","overlay-opacity":"","overlay-gradient":""},"mobile":{"background-color":"","background-image":"","background-repeat":"repeat","background-position":"center center","background-size":"auto","background-attachment":"scroll","background-type":"","background-media":"","overlay-type":"","overlay-color":"","overlay-opacity":"","overlay-gradient":""}},"ast-content-background-meta":{"desktop":{"background-color":"var(--ast-global-color-5)","background-image":"","background-repeat":"repeat","background-position":"center center","background-size":"auto","background-attachment":"scroll","background-type":"","background-media":"","overlay-type":"","overlay-color":"","overlay-opacity":"","overlay-gradient":""},"tablet":{"background-color":"var(--ast-global-color-5)","background-image":"","background-repeat":"repeat","background-position":"center center","background-size":"auto","background-attachment":"scroll","background-type":"","background-media":"","overlay-type":"","overlay-color":"","overlay-opacity":"","overlay-gradient":""},"mobile":{"background-color":"var(--ast-global-color-5)","background-image":"","background-repeat":"repeat","background-position":"center center","background-size":"auto","background-attachment":"scroll","background-type":"","background-media":"","overlay-type":"","overlay-color":"","overlay-opacity":"","overlay-gradient":""}},"footnotes":""},"categories":[1,293,1037,835],"tags":[],"class_list":["post-9679","post","type-post","status-publish","format-standard","has-post-thumbnail","hentry","category-general","category-jornades","category-per-a-docents","category-redu"],"post_mailing_queue_ids":[],"_links":{"self":[{"href":"https:\/\/projectes.xtec.cat\/recerca\/wp-json\/wp\/v2\/posts\/9679","targetHints":{"allow":["GET"]}}],"collection":[{"href":"https:\/\/projectes.xtec.cat\/recerca\/wp-json\/wp\/v2\/posts"}],"about":[{"href":"https:\/\/projectes.xtec.cat\/recerca\/wp-json\/wp\/v2\/types\/post"}],"author":[{"embeddable":true,"href":"https:\/\/projectes.xtec.cat\/recerca\/wp-json\/wp\/v2\/users\/2"}],"replies":[{"embeddable":true,"href":"https:\/\/projectes.xtec.cat\/recerca\/wp-json\/wp\/v2\/comments?post=9679"}],"version-history":[{"count":6,"href":"https:\/\/projectes.xtec.cat\/recerca\/wp-json\/wp\/v2\/posts\/9679\/revisions"}],"predecessor-version":[{"id":9753,"href":"https:\/\/projectes.xtec.cat\/recerca\/wp-json\/wp\/v2\/posts\/9679\/revisions\/9753"}],"wp:featuredmedia":[{"embeddable":true,"href":"https:\/\/projectes.xtec.cat\/recerca\/wp-json\/wp\/v2\/media\/10638"}],"wp:attachment":[{"href":"https:\/\/projectes.xtec.cat\/recerca\/wp-json\/wp\/v2\/media?parent=9679"}],"wp:term":[{"taxonomy":"category","embeddable":true,"href":"https:\/\/projectes.xtec.cat\/recerca\/wp-json\/wp\/v2\/categories?post=9679"},{"taxonomy":"post_tag","embeddable":true,"href":"https:\/\/projectes.xtec.cat\/recerca\/wp-json\/wp\/v2\/tags?post=9679"}],"curies":[{"name":"wp","href":"https:\/\/api.w.org\/{rel}","templated":true}]}}