{"id":10066,"date":"2021-12-20T13:56:47","date_gmt":"2021-12-20T12:56:47","guid":{"rendered":"https:\/\/projectes.xtec.cat\/secrp\/?p=10066"},"modified":"2021-12-20T13:56:47","modified_gmt":"2021-12-20T12:56:47","slug":"maleta-pedagogica-laboratori-de-matematiques","status":"publish","type":"post","link":"https:\/\/projectes.xtec.cat\/secrp\/portada\/maleta-pedagogica-laboratori-de-matematiques\/","title":{"rendered":"Maleta pedag\u00f2gica: Laboratori de matem\u00e0tiques"},"content":{"rendered":"<p><a href=\"https:\/\/projectes.xtec.cat\/secrp\/wp-content\/uploads\/usu2432\/2021\/07\/Captura-de-pantalla-2020-03-30-a-les-9.26.46-e1585553277945-1.png\"><img loading=\"lazy\" decoding=\"async\" class=\"wp-image-10068 alignleft\" src=\"https:\/\/projectes.xtec.cat\/secrp\/wp-content\/uploads\/usu2432\/2021\/07\/Captura-de-pantalla-2020-03-30-a-les-9.26.46-e1585553277945-1.png\" alt=\"\" width=\"266\" height=\"200\" \/><\/a>La <strong>maleta de laboratori de matem\u00e0tiques<\/strong> \u00e9s una iniciativa del <a href=\"https:\/\/agora.xtec.cat\/cesire\/\" target=\"_blank\" rel=\"noopener\">CESIRE<\/a> de l\u2019\u00e0mbit de les matem\u00e0tiques amb propostes per experimentar i treballar les matem\u00e0tiques amb <span style=\"font-family: inherit; font-size: 1em;\">accions d\u2019impuls <\/span>de la utilitzaci\u00f3 de materials manipulables.<\/p>\n<p>El que pret\u00e8n aquesta maleta \u00e9s tenir en compte el laboratori com l&#8217;espai propici per a l&#8217;experimentaci\u00f3 en matem\u00e0tiques. En aquest sentit descobrireu una maleta pedag\u00f2gica amb <a href=\"https:\/\/sites.google.com\/xtec.cat\/cesire-matematiques-campanyes\/laboratori-de-matem%C3%A0tiques?authuser=0\">propostes<\/a> relacionades amb diferents materials manipulatius adre\u00e7ades a diferents etapes educatives, des d&#8217;Educaci\u00f3 Infantil a Batxillerat i tenen com a fonament una mateixa idea: l\u2019<strong>experimentaci\u00f3<\/strong> \u00e9s elemental en l\u2019aprenentatge de les matem\u00e0tiques sigui quina sigui l\u2019edat de l\u2019aprenent.<\/p>\n<p>&nbsp;<\/p>\n<p>&nbsp;<\/p>\n<p>&nbsp;<\/p>\n<p class=\"CDt4Ke zfr3Q\" dir=\"ltr\">\n","protected":false},"excerpt":{"rendered":"<p>Laboratori matem\u00e0tic: una proposta adre\u00e7ada a diferents etapes educatives, des d&#8217;Educaci\u00f3 Infantil a Batxillerat amb el prop\u00f2sit de promoure l&#8217;experimentaci\u00f3 com element b\u00e0sic en l&#8217;aprenentatge de les matem\u00e0tiques sigui quina sigui l&#8217;edat de l&#8217;aprenent.<\/p>\n","protected":false},"author":1,"featured_media":10068,"comment_status":"closed","ping_status":"closed","sticky":false,"template":"","format":"standard","meta":{"_bbp_topic_count":0,"_bbp_reply_count":0,"_bbp_total_topic_count":0,"_bbp_total_reply_count":0,"_bbp_voice_count":0,"_bbp_anonymous_reply_count":0,"_bbp_topic_count_hidden":0,"_bbp_reply_count_hidden":0,"_bbp_forum_subforum_count":0,"site-sidebar-layout":"default","site-content-layout":"","ast-site-content-layout":"","site-content-style":"default","site-sidebar-style":"default","ast-global-header-display":"","ast-banner-title-visibility":"","ast-main-header-display":"","ast-hfb-above-header-display":"","ast-hfb-below-header-display":"","ast-hfb-mobile-header-display":"","site-post-title":"","ast-breadcrumbs-content":"","ast-featured-img":"","footer-sml-layout":"","theme-transparent-header-meta":"","adv-header-id-meta":"","stick-header-meta":"","header-above-stick-meta":"","header-main-stick-meta":"","header-below-stick-meta":"","astra-migrate-meta-layouts":"default","ast-page-background-enabled":"default","ast-page-background-meta":{"desktop":{"background-color":"var(--ast-global-color-4)","background-image":"","background-repeat":"repeat","background-position":"center center","background-size":"auto","background-attachment":"scroll","background-type":"","background-media":"","overlay-type":"","overlay-color":"","overlay-opacity":"","overlay-gradient":""},"tablet":{"background-color":"","background-image":"","background-repeat":"repeat","background-position":"center center","background-size":"auto","background-attachment":"scroll","background-type":"","background-media":"","overlay-type":"","overlay-color":"","overlay-opacity":"","overlay-gradient":""},"mobile":{"background-color":"","background-image":"","background-repeat":"repeat","background-position":"center center","background-size":"auto","background-attachment":"scroll","background-type":"","background-media":"","overlay-type":"","overlay-color":"","overlay-opacity":"","overlay-gradient":""}},"ast-content-background-meta":{"desktop":{"background-color":"var(--ast-global-color-5)","background-image":"","background-repeat":"repeat","background-position":"center center","background-size":"auto","background-attachment":"scroll","background-type":"","background-media":"","overlay-type":"","overlay-color":"","overlay-opacity":"","overlay-gradient":""},"tablet":{"background-color":"var(--ast-global-color-5)","background-image":"","background-repeat":"repeat","background-position":"center center","background-size":"auto","background-attachment":"scroll","background-type":"","background-media":"","overlay-type":"","overlay-color":"","overlay-opacity":"","overlay-gradient":""},"mobile":{"background-color":"var(--ast-global-color-5)","background-image":"","background-repeat":"repeat","background-position":"center center","background-size":"auto","background-attachment":"scroll","background-type":"","background-media":"","overlay-type":"","overlay-color":"","overlay-opacity":"","overlay-gradient":""}},"footnotes":""},"categories":[369,29,76],"tags":[313,348,397,396,373,317],"class_list":["post-10066","post","type-post","status-publish","format-standard","has-post-thumbnail","hentry","category-motxilles-i-kits","category-portada","category-recursos","tag-cesire","tag-ciencies","tag-maleta-pedagogica","tag-matematiques","tag-motxilles-i-kits","tag-recursos-educatius"],"post_mailing_queue_ids":[],"_links":{"self":[{"href":"https:\/\/projectes.xtec.cat\/secrp\/wp-json\/wp\/v2\/posts\/10066","targetHints":{"allow":["GET"]}}],"collection":[{"href":"https:\/\/projectes.xtec.cat\/secrp\/wp-json\/wp\/v2\/posts"}],"about":[{"href":"https:\/\/projectes.xtec.cat\/secrp\/wp-json\/wp\/v2\/types\/post"}],"author":[{"embeddable":true,"href":"https:\/\/projectes.xtec.cat\/secrp\/wp-json\/wp\/v2\/users\/1"}],"replies":[{"embeddable":true,"href":"https:\/\/projectes.xtec.cat\/secrp\/wp-json\/wp\/v2\/comments?post=10066"}],"version-history":[{"count":4,"href":"https:\/\/projectes.xtec.cat\/secrp\/wp-json\/wp\/v2\/posts\/10066\/revisions"}],"predecessor-version":[{"id":10772,"href":"https:\/\/projectes.xtec.cat\/secrp\/wp-json\/wp\/v2\/posts\/10066\/revisions\/10772"}],"wp:featuredmedia":[{"embeddable":true,"href":"https:\/\/projectes.xtec.cat\/secrp\/wp-json\/wp\/v2\/media\/10068"}],"wp:attachment":[{"href":"https:\/\/projectes.xtec.cat\/secrp\/wp-json\/wp\/v2\/media?parent=10066"}],"wp:term":[{"taxonomy":"category","embeddable":true,"href":"https:\/\/projectes.xtec.cat\/secrp\/wp-json\/wp\/v2\/categories?post=10066"},{"taxonomy":"post_tag","embeddable":true,"href":"https:\/\/projectes.xtec.cat\/secrp\/wp-json\/wp\/v2\/tags?post=10066"}],"curies":[{"name":"wp","href":"https:\/\/api.w.org\/{rel}","templated":true}]}}