{"id":10158,"date":"2021-07-26T18:16:16","date_gmt":"2021-07-26T16:16:16","guid":{"rendered":"https:\/\/projectes.xtec.cat\/secrp\/?p=10158"},"modified":"2021-07-27T03:26:52","modified_gmt":"2021-07-27T01:26:52","slug":"tast-de-dades-28-ha-canviat-la-importancia-del-capital-cultural-de-lalumnat-nouvingut-despres-del-confinament","status":"publish","type":"post","link":"https:\/\/projectes.xtec.cat\/secrp\/portada\/tast-de-dades-28-ha-canviat-la-importancia-del-capital-cultural-de-lalumnat-nouvingut-despres-del-confinament\/","title":{"rendered":"Tast de dades 28. Ha canviat la import\u00e0ncia del capital cultural de l&#8217;alumnat nouvingut despr\u00e9s del confinament?"},"content":{"rendered":"<p><a href=\"https:\/\/projectes.xtec.cat\/secrp\/wp-content\/uploads\/usu2432\/2021\/07\/Captura-de-pantalla-2021-07-26-a-las-18.11.56.png\"><img loading=\"lazy\" decoding=\"async\" class=\"wp-image-10159 alignleft\" src=\"https:\/\/projectes.xtec.cat\/secrp\/wp-content\/uploads\/usu2432\/2021\/07\/Captura-de-pantalla-2021-07-26-a-las-18.11.56.png\" alt=\"\" width=\"265\" height=\"157\" srcset=\"https:\/\/projectes.xtec.cat\/secrp\/wp-content\/uploads\/usu2432\/2021\/07\/Captura-de-pantalla-2021-07-26-a-las-18.11.56.png 514w, https:\/\/projectes.xtec.cat\/secrp\/wp-content\/uploads\/usu2432\/2021\/07\/Captura-de-pantalla-2021-07-26-a-las-18.11.56-300x177.png 300w\" sizes=\"auto, (max-width: 265px) 100vw, 265px\" \/><\/a>El<a href=\"http:\/\/csda.gencat.cat\/ca\/arees-actuacio\/publicacions\/tast-dades\/2021-juliol\/\" data-saferedirecturl=\"https:\/\/www.google.com\/url?q=http:\/\/csda.gencat.cat\/ca\/arees-actuacio\/publicacions\/tast-dades\/2021-abril\/&amp;source=gmail&amp;ust=1619232281225000&amp;usg=AFQjCNEOrY66NcLbtudFIaXus9zWYh3mLg\"> Consell Superior d&#8217;Avaluaci\u00f3 del Sistema Educatiu<\/a> ha publicat el <strong><em>Tast de dades. 28<\/em><\/strong>, corresponent al mes de juliol, que respon a la pregunta: <strong>Ha canviat la import\u00e0ncia del capital cultural de l&#8217;alumnat nouvingut despr\u00e9s del confinament?<\/strong><\/p>\n<p>D\u2019un curs a l\u2019altre, l\u2019efecte del capital cultural esdev\u00e9 un factor encara m\u00e9s explicatiu de les difer\u00e8ncies de puntuaci\u00f3 entre l\u2019alumnat nouvingut al nostre sistema educatiu.<\/p>\n<p>&nbsp;<\/p>\n","protected":false},"excerpt":{"rendered":"<p>JULIOL 2021 &#8211; Ha canviat la import\u00e0ncia del capital cultural de l&#8217;alumnat nouvingut despr\u00e9s del confinament?<\/p>\n","protected":false},"author":1,"featured_media":9702,"comment_status":"open","ping_status":"closed","sticky":false,"template":"","format":"standard","meta":{"_bbp_topic_count":0,"_bbp_reply_count":0,"_bbp_total_topic_count":0,"_bbp_total_reply_count":0,"_bbp_voice_count":0,"_bbp_anonymous_reply_count":0,"_bbp_topic_count_hidden":0,"_bbp_reply_count_hidden":0,"_bbp_forum_subforum_count":0,"site-sidebar-layout":"default","site-content-layout":"","ast-site-content-layout":"","site-content-style":"default","site-sidebar-style":"default","ast-global-header-display":"","ast-banner-title-visibility":"","ast-main-header-display":"","ast-hfb-above-header-display":"","ast-hfb-below-header-display":"","ast-hfb-mobile-header-display":"","site-post-title":"","ast-breadcrumbs-content":"","ast-featured-img":"","footer-sml-layout":"","theme-transparent-header-meta":"","adv-header-id-meta":"","stick-header-meta":"","header-above-stick-meta":"","header-main-stick-meta":"","header-below-stick-meta":"","astra-migrate-meta-layouts":"default","ast-page-background-enabled":"default","ast-page-background-meta":{"desktop":{"background-color":"var(--ast-global-color-4)","background-image":"","background-repeat":"repeat","background-position":"center center","background-size":"auto","background-attachment":"scroll","background-type":"","background-media":"","overlay-type":"","overlay-color":"","overlay-opacity":"","overlay-gradient":""},"tablet":{"background-color":"","background-image":"","background-repeat":"repeat","background-position":"center center","background-size":"auto","background-attachment":"scroll","background-type":"","background-media":"","overlay-type":"","overlay-color":"","overlay-opacity":"","overlay-gradient":""},"mobile":{"background-color":"","background-image":"","background-repeat":"repeat","background-position":"center center","background-size":"auto","background-attachment":"scroll","background-type":"","background-media":"","overlay-type":"","overlay-color":"","overlay-opacity":"","overlay-gradient":""}},"ast-content-background-meta":{"desktop":{"background-color":"var(--ast-global-color-5)","background-image":"","background-repeat":"repeat","background-position":"center center","background-size":"auto","background-attachment":"scroll","background-type":"","background-media":"","overlay-type":"","overlay-color":"","overlay-opacity":"","overlay-gradient":""},"tablet":{"background-color":"var(--ast-global-color-5)","background-image":"","background-repeat":"repeat","background-position":"center center","background-size":"auto","background-attachment":"scroll","background-type":"","background-media":"","overlay-type":"","overlay-color":"","overlay-opacity":"","overlay-gradient":""},"mobile":{"background-color":"var(--ast-global-color-5)","background-image":"","background-repeat":"repeat","background-position":"center center","background-size":"auto","background-attachment":"scroll","background-type":"","background-media":"","overlay-type":"","overlay-color":"","overlay-opacity":"","overlay-gradient":""}},"footnotes":""},"categories":[29],"tags":[336,335],"class_list":["post-10158","post","type-post","status-publish","format-standard","has-post-thumbnail","hentry","category-portada","tag-consell-superior-davaluacio-del-sistema-educatiu","tag-tast-de-dades"],"post_mailing_queue_ids":[],"_links":{"self":[{"href":"https:\/\/projectes.xtec.cat\/secrp\/wp-json\/wp\/v2\/posts\/10158","targetHints":{"allow":["GET"]}}],"collection":[{"href":"https:\/\/projectes.xtec.cat\/secrp\/wp-json\/wp\/v2\/posts"}],"about":[{"href":"https:\/\/projectes.xtec.cat\/secrp\/wp-json\/wp\/v2\/types\/post"}],"author":[{"embeddable":true,"href":"https:\/\/projectes.xtec.cat\/secrp\/wp-json\/wp\/v2\/users\/1"}],"replies":[{"embeddable":true,"href":"https:\/\/projectes.xtec.cat\/secrp\/wp-json\/wp\/v2\/comments?post=10158"}],"version-history":[{"count":3,"href":"https:\/\/projectes.xtec.cat\/secrp\/wp-json\/wp\/v2\/posts\/10158\/revisions"}],"predecessor-version":[{"id":10167,"href":"https:\/\/projectes.xtec.cat\/secrp\/wp-json\/wp\/v2\/posts\/10158\/revisions\/10167"}],"wp:featuredmedia":[{"embeddable":true,"href":"https:\/\/projectes.xtec.cat\/secrp\/wp-json\/wp\/v2\/media\/9702"}],"wp:attachment":[{"href":"https:\/\/projectes.xtec.cat\/secrp\/wp-json\/wp\/v2\/media?parent=10158"}],"wp:term":[{"taxonomy":"category","embeddable":true,"href":"https:\/\/projectes.xtec.cat\/secrp\/wp-json\/wp\/v2\/categories?post=10158"},{"taxonomy":"post_tag","embeddable":true,"href":"https:\/\/projectes.xtec.cat\/secrp\/wp-json\/wp\/v2\/tags?post=10158"}],"curies":[{"name":"wp","href":"https:\/\/api.w.org\/{rel}","templated":true}]}}