{"id":10162,"date":"2021-07-27T08:06:56","date_gmt":"2021-07-27T06:06:56","guid":{"rendered":"https:\/\/projectes.xtec.cat\/secrp\/?p=10162"},"modified":"2021-07-27T03:21:01","modified_gmt":"2021-07-27T01:21:01","slug":"formacio-virtual-presencial","status":"publish","type":"post","link":"https:\/\/projectes.xtec.cat\/secrp\/portada\/formacio-virtual-presencial\/","title":{"rendered":"Formaci\u00f3 virtual \/ presencial"},"content":{"rendered":"<h5><a href=\"https:\/\/projectes.xtec.cat\/secrp\/wp-content\/uploads\/usu2432\/2021\/07\/Captura-de-pantalla-2021-07-27-a-las-3.10.02-1.png\"><img loading=\"lazy\" decoding=\"async\" class=\"alignnone size-large wp-image-10164\" src=\"https:\/\/projectes.xtec.cat\/secrp\/wp-content\/uploads\/usu2432\/2021\/07\/Captura-de-pantalla-2021-07-27-a-las-3.10.02-1-1024x171.png\" alt=\"\" width=\"1024\" height=\"171\" srcset=\"https:\/\/projectes.xtec.cat\/secrp\/wp-content\/uploads\/usu2432\/2021\/07\/Captura-de-pantalla-2021-07-27-a-las-3.10.02-1-1024x171.png 1024w, https:\/\/projectes.xtec.cat\/secrp\/wp-content\/uploads\/usu2432\/2021\/07\/Captura-de-pantalla-2021-07-27-a-las-3.10.02-1-300x50.png 300w, https:\/\/projectes.xtec.cat\/secrp\/wp-content\/uploads\/usu2432\/2021\/07\/Captura-de-pantalla-2021-07-27-a-las-3.10.02-1-768x128.png 768w, https:\/\/projectes.xtec.cat\/secrp\/wp-content\/uploads\/usu2432\/2021\/07\/Captura-de-pantalla-2021-07-27-a-las-3.10.02-1.png 1476w\" sizes=\"auto, (max-width: 1024px) 100vw, 1024px\" \/><\/a><\/h5>\n<h5>Instrucci\u00f3 1\/2021, de 6 de juliol, de mesures organitzatives, de prevenci\u00f3 i seguretat per a la reincorporaci\u00f3 als centres de treball del personal de l&#8217;Administraci\u00f3 de la Generalitat de Catalunya amb motiu de l&#8217;emerg\u00e8ncia sanit\u00e0ria per la COVID-19<\/h5>\n<p style=\"font-weight: 400;\"><a href=\"https:\/\/eur03.safelinks.protection.outlook.com\/?url=https%3A%2F%2Fdogc.gencat.cat%2Fca%2Fdocument-del-dogc%2F%3FdocumentId%3D905496&amp;data=04%7C01%7Cjbiayna%40gencat.cat%7Cb27266607be14fffd1d808d94b9426ea%7C3b9427dcd30e43bc8c06ff7253676fec%7C1%7C0%7C637623921935780475%7CUnknown%7CTWFpbGZsb3d8eyJWIjoiMC4wLjAwMDAiLCJQIjoiV2luMzIiLCJBTiI6Ik1haWwiLCJXVCI6Mn0%3D%7C1000&amp;sdata=QSNF3GHXd1mHIhpTmtveZ7RyCkLqsWIJXT9Z1OWEl7E%3D&amp;reserved=0\" data-saferedirecturl=\"https:\/\/www.google.com\/url?q=https:\/\/eur03.safelinks.protection.outlook.com\/?url%3Dhttps%253A%252F%252Fdogc.gencat.cat%252Fca%252Fdocument-del-dogc%252F%253FdocumentId%253D905496%26data%3D04%257C01%257Cjbiayna%2540gencat.cat%257Cb27266607be14fffd1d808d94b9426ea%257C3b9427dcd30e43bc8c06ff7253676fec%257C1%257C0%257C637623921935780475%257CUnknown%257CTWFpbGZsb3d8eyJWIjoiMC4wLjAwMDAiLCJQIjoiV2luMzIiLCJBTiI6Ik1haWwiLCJXVCI6Mn0%253D%257C1000%26sdata%3DQSNF3GHXd1mHIhpTmtveZ7RyCkLqsWIJXT9Z1OWEl7E%253D%26reserved%3D0&amp;source=gmail&amp;ust=1627331810935000&amp;usg=AFQjCNHfXXvkxnqKezhs_95_--5kPUhhuQ\">https:\/\/dogc.gencat.cat\/ca\/document-del-dogc\/?documentId=905496<\/a><\/p>\n<ol start=\"8\">\n<li style=\"font-weight: 400;\">Formaci\u00f3<\/li>\n<\/ol>\n<p style=\"font-weight: 400;\">8.1 Els cursos, jornades, congressos, seminaris, simposis i altres activitats de formaci\u00f3 organitzats pels departaments i els seus organismes aut\u00f2noms o pels centres de formaci\u00f3 dels empleats p\u00fablics de l&#8217;Administraci\u00f3 de la Generalitat\u00a0<strong>s&#8217;han de realitzar priorit\u00e0riament mitjan\u00e7ant l&#8217;\u00fas de les tecnologies digitals<\/strong>. No obstant aix\u00f2, en funci\u00f3 de l&#8217;evoluci\u00f3 de l&#8217;emerg\u00e8ncia sanit\u00e0ria, d&#8217;acord amb el criteri de les autoritats sanit\u00e0ries, es podran adaptar els aforaments dels espais per a la realitzaci\u00f3 presencial d&#8217;aquestes activitats.<\/p>\n<p style=\"font-weight: 400;\">8.2 La realitzaci\u00f3 d&#8217;activitats formatives presencials ha de garantir el manteniment de les mesures de seguretat i salut laboral COVID-19, tals com dist\u00e0ncies f\u00edsiques i \u00fas de mascaretes, d&#8217;acord amb el criteri de les autoritats sanit\u00e0ries.<\/p>\n<p style=\"font-weight: 400;\"><strong>\u00a0<\/strong><\/p>\n","protected":false},"excerpt":{"rendered":"<p>Instrucci\u00f3 1\/2021, de 6 de juliol, de mesures organitzatives, de prevenci\u00f3 i seguretat per a la reincorporaci\u00f3 als centres de treball del personal de l&#8217;Administraci\u00f3 de la Generalitat de Catalunya amb motiu de l&#8217;emerg\u00e8ncia sanit\u00e0ria per la COVID-19<\/p>\n","protected":false},"author":1,"featured_media":10163,"comment_status":"closed","ping_status":"closed","sticky":false,"template":"","format":"standard","meta":{"_bbp_topic_count":0,"_bbp_reply_count":0,"_bbp_total_topic_count":0,"_bbp_total_reply_count":0,"_bbp_voice_count":0,"_bbp_anonymous_reply_count":0,"_bbp_topic_count_hidden":0,"_bbp_reply_count_hidden":0,"_bbp_forum_subforum_count":0,"site-sidebar-layout":"default","site-content-layout":"","ast-site-content-layout":"","site-content-style":"default","site-sidebar-style":"default","ast-global-header-display":"","ast-banner-title-visibility":"","ast-main-header-display":"","ast-hfb-above-header-display":"","ast-hfb-below-header-display":"","ast-hfb-mobile-header-display":"","site-post-title":"","ast-breadcrumbs-content":"","ast-featured-img":"","footer-sml-layout":"","theme-transparent-header-meta":"","adv-header-id-meta":"","stick-header-meta":"","header-above-stick-meta":"","header-main-stick-meta":"","header-below-stick-meta":"","astra-migrate-meta-layouts":"default","ast-page-background-enabled":"default","ast-page-background-meta":{"desktop":{"background-color":"var(--ast-global-color-4)","background-image":"","background-repeat":"repeat","background-position":"center center","background-size":"auto","background-attachment":"scroll","background-type":"","background-media":"","overlay-type":"","overlay-color":"","overlay-opacity":"","overlay-gradient":""},"tablet":{"background-color":"","background-image":"","background-repeat":"repeat","background-position":"center center","background-size":"auto","background-attachment":"scroll","background-type":"","background-media":"","overlay-type":"","overlay-color":"","overlay-opacity":"","overlay-gradient":""},"mobile":{"background-color":"","background-image":"","background-repeat":"repeat","background-position":"center center","background-size":"auto","background-attachment":"scroll","background-type":"","background-media":"","overlay-type":"","overlay-color":"","overlay-opacity":"","overlay-gradient":""}},"ast-content-background-meta":{"desktop":{"background-color":"var(--ast-global-color-5)","background-image":"","background-repeat":"repeat","background-position":"center center","background-size":"auto","background-attachment":"scroll","background-type":"","background-media":"","overlay-type":"","overlay-color":"","overlay-opacity":"","overlay-gradient":""},"tablet":{"background-color":"var(--ast-global-color-5)","background-image":"","background-repeat":"repeat","background-position":"center center","background-size":"auto","background-attachment":"scroll","background-type":"","background-media":"","overlay-type":"","overlay-color":"","overlay-opacity":"","overlay-gradient":""},"mobile":{"background-color":"var(--ast-global-color-5)","background-image":"","background-repeat":"repeat","background-position":"center center","background-size":"auto","background-attachment":"scroll","background-type":"","background-media":"","overlay-type":"","overlay-color":"","overlay-opacity":"","overlay-gradient":""}},"footnotes":""},"categories":[154,29],"tags":[400,301],"class_list":["post-10162","post","type-post","status-publish","format-standard","has-post-thumbnail","hentry","category-formacio","category-portada","tag-dogc","tag-formacio"],"post_mailing_queue_ids":[],"_links":{"self":[{"href":"https:\/\/projectes.xtec.cat\/secrp\/wp-json\/wp\/v2\/posts\/10162","targetHints":{"allow":["GET"]}}],"collection":[{"href":"https:\/\/projectes.xtec.cat\/secrp\/wp-json\/wp\/v2\/posts"}],"about":[{"href":"https:\/\/projectes.xtec.cat\/secrp\/wp-json\/wp\/v2\/types\/post"}],"author":[{"embeddable":true,"href":"https:\/\/projectes.xtec.cat\/secrp\/wp-json\/wp\/v2\/users\/1"}],"replies":[{"embeddable":true,"href":"https:\/\/projectes.xtec.cat\/secrp\/wp-json\/wp\/v2\/comments?post=10162"}],"version-history":[{"count":2,"href":"https:\/\/projectes.xtec.cat\/secrp\/wp-json\/wp\/v2\/posts\/10162\/revisions"}],"predecessor-version":[{"id":10166,"href":"https:\/\/projectes.xtec.cat\/secrp\/wp-json\/wp\/v2\/posts\/10162\/revisions\/10166"}],"wp:featuredmedia":[{"embeddable":true,"href":"https:\/\/projectes.xtec.cat\/secrp\/wp-json\/wp\/v2\/media\/10163"}],"wp:attachment":[{"href":"https:\/\/projectes.xtec.cat\/secrp\/wp-json\/wp\/v2\/media?parent=10162"}],"wp:term":[{"taxonomy":"category","embeddable":true,"href":"https:\/\/projectes.xtec.cat\/secrp\/wp-json\/wp\/v2\/categories?post=10162"},{"taxonomy":"post_tag","embeddable":true,"href":"https:\/\/projectes.xtec.cat\/secrp\/wp-json\/wp\/v2\/tags?post=10162"}],"curies":[{"name":"wp","href":"https:\/\/api.w.org\/{rel}","templated":true}]}}