{"id":10323,"date":"2021-09-07T14:36:35","date_gmt":"2021-09-07T12:36:35","guid":{"rendered":"https:\/\/projectes.xtec.cat\/secrp\/?p=10323"},"modified":"2021-09-07T14:36:35","modified_gmt":"2021-09-07T12:36:35","slug":"accio-de-tardor-de-la-kilian-jornet-foundation","status":"publish","type":"post","link":"https:\/\/projectes.xtec.cat\/secrp\/portada\/accio-de-tardor-de-la-kilian-jornet-foundation\/","title":{"rendered":"Acci\u00f3 de tardor de la K\u00edlian Jornet Foundation"},"content":{"rendered":"<p><a href=\"https:\/\/projectes.xtec.cat\/secrp\/wp-content\/uploads\/usu2432\/2021\/09\/FKJ-Google-forms-banner-1-e1631013115442.jpg\"><img loading=\"lazy\" decoding=\"async\" class=\"alignnone size-large wp-image-10324\" src=\"https:\/\/projectes.xtec.cat\/secrp\/wp-content\/uploads\/usu2432\/2021\/09\/FKJ-Google-forms-banner-1-1024x253.jpg\" alt=\"\" width=\"1024\" height=\"253\" \/><\/a><\/p>\n<p><span style=\"font-weight: 400;\">Enguany la Fundaci\u00f3 Kilian Jornet amb la finalitat de contribuir i impulsar l\u2019educaci\u00f3 dels m\u00e9s joves proposa als docents i estudiants dels centres de Catalunya realitzar tres accions durant aquest curs escolar (tardor- hivern- primavera). Aquestes van dirigides a docents i alumnat des d\u2019infantil batxillerat i formaci\u00f3 professional.<\/span><\/p>\n<p><span style=\"font-weight: 400;\">Us compartim la primera acci\u00f3 amb l\u2019objectiu de commemorar el<\/span><b> Dia Internacional de Protecci\u00f3 de la Natura el dia<\/b> <b>18 d\u2019octubre<\/b><span style=\"font-weight: 400;\"> amb una acci\u00f3 esportiva apostant per la protecci\u00f3 de la natura i educaci\u00f3 amb un repte alhora esportiu i de protecci\u00f3 de la natura.\u00a0<\/span><\/p>\n<p><b>Com es far\u00e0? <\/b><span style=\"font-weight: 400;\">Doncs proposant a les escoles e instituts de fer equips amb el nombre de components que vulguin. Cada equip es proposar\u00e0 un repte amb un nom que el representi. En aquest repte tothom hi te cabuda. I es podr\u00e0 fer caminant, corrent, en bicicleta,&#8230;.\u00a0<\/span><span style=\"font-weight: 400;\">L&#8217;objectiu \u00e9s col\u00b7laborar entre el grup per aconseguir un objectiu i que el seu esfor\u00e7 ajudi a tirar endavant un projecte de protecci\u00f3 a la natura.\u00a0<\/span><\/p>\n<p><span style=\"font-weight: 400;\">Des de la Fundaci\u00f3 els hi enviaran una inscripci\u00f3 i un cop feta, un dorsal, aix\u00ed com eines per fer la recollida de donatius. La inscripci\u00f3 i el repte es podran fer des <\/span><b>de l\u20191 de setembre al 15 d\u2019octubre<\/b><span style=\"font-weight: 400;\">.\u00a0<\/span><\/p>\n<p><span style=\"font-weight: 400;\">La N\u00faria Picas, esportista i bombera ser\u00e0 l&#8217;ambaixadora d\u2019aquesta acci\u00f3.\u00a0<\/span><\/p>\n<p><span style=\"font-weight: 400;\">Per a m\u00e9s informaci\u00f3: <\/span><a href=\"https:\/\/www.kilianjornetfoundation.org\/ca\/repteperlanatura\/\"><span style=\"font-weight: 400;\">https:\/\/www.kilianjornetfoundation.org\/ca\/repteperlanatura\/<\/span><\/a><\/p>\n<p><i><span style=\"font-weight: 400;\">\u201cLa pitjor amena\u00e7a per al nostre planeta \u00e9s la creen\u00e7a que alg\u00fa altre el salvar\u00e0\u201d Robert Swan\u00a0<\/span><\/i><\/p>\n","protected":false},"excerpt":{"rendered":"<p>Enguany la Fundaci\u00f3 Kilian Jornet amb la finalitat de contribuir i impulsar l\u2019educaci\u00f3 dels m\u00e9s joves proposa als docents i estudiants dels centres de Catalunya realitzar tres accions durant aquest curs escolar (tardor- hivern- primavera).<\/p>\n","protected":false},"author":1,"featured_media":10324,"comment_status":"closed","ping_status":"closed","sticky":false,"template":"","format":"standard","meta":{"_bbp_topic_count":0,"_bbp_reply_count":0,"_bbp_total_topic_count":0,"_bbp_total_reply_count":0,"_bbp_voice_count":0,"_bbp_anonymous_reply_count":0,"_bbp_topic_count_hidden":0,"_bbp_reply_count_hidden":0,"_bbp_forum_subforum_count":0,"site-sidebar-layout":"default","site-content-layout":"","ast-site-content-layout":"","site-content-style":"default","site-sidebar-style":"default","ast-global-header-display":"","ast-banner-title-visibility":"","ast-main-header-display":"","ast-hfb-above-header-display":"","ast-hfb-below-header-display":"","ast-hfb-mobile-header-display":"","site-post-title":"","ast-breadcrumbs-content":"","ast-featured-img":"","footer-sml-layout":"","theme-transparent-header-meta":"","adv-header-id-meta":"","stick-header-meta":"","header-above-stick-meta":"","header-main-stick-meta":"","header-below-stick-meta":"","astra-migrate-meta-layouts":"default","ast-page-background-enabled":"default","ast-page-background-meta":{"desktop":{"background-color":"var(--ast-global-color-4)","background-image":"","background-repeat":"repeat","background-position":"center center","background-size":"auto","background-attachment":"scroll","background-type":"","background-media":"","overlay-type":"","overlay-color":"","overlay-opacity":"","overlay-gradient":""},"tablet":{"background-color":"","background-image":"","background-repeat":"repeat","background-position":"center center","background-size":"auto","background-attachment":"scroll","background-type":"","background-media":"","overlay-type":"","overlay-color":"","overlay-opacity":"","overlay-gradient":""},"mobile":{"background-color":"","background-image":"","background-repeat":"repeat","background-position":"center center","background-size":"auto","background-attachment":"scroll","background-type":"","background-media":"","overlay-type":"","overlay-color":"","overlay-opacity":"","overlay-gradient":""}},"ast-content-background-meta":{"desktop":{"background-color":"var(--ast-global-color-5)","background-image":"","background-repeat":"repeat","background-position":"center center","background-size":"auto","background-attachment":"scroll","background-type":"","background-media":"","overlay-type":"","overlay-color":"","overlay-opacity":"","overlay-gradient":""},"tablet":{"background-color":"var(--ast-global-color-5)","background-image":"","background-repeat":"repeat","background-position":"center center","background-size":"auto","background-attachment":"scroll","background-type":"","background-media":"","overlay-type":"","overlay-color":"","overlay-opacity":"","overlay-gradient":""},"mobile":{"background-color":"var(--ast-global-color-5)","background-image":"","background-repeat":"repeat","background-position":"center center","background-size":"auto","background-attachment":"scroll","background-type":"","background-media":"","overlay-type":"","overlay-color":"","overlay-opacity":"","overlay-gradient":""}},"footnotes":""},"categories":[29],"tags":[417,418,416],"class_list":["post-10323","post","type-post","status-publish","format-standard","has-post-thumbnail","hentry","category-portada","tag-accio-de-tardor","tag-dia-internacional-de-proteccio-de-la-natura","tag-fundacio-kilian-jornet"],"post_mailing_queue_ids":[],"_links":{"self":[{"href":"https:\/\/projectes.xtec.cat\/secrp\/wp-json\/wp\/v2\/posts\/10323","targetHints":{"allow":["GET"]}}],"collection":[{"href":"https:\/\/projectes.xtec.cat\/secrp\/wp-json\/wp\/v2\/posts"}],"about":[{"href":"https:\/\/projectes.xtec.cat\/secrp\/wp-json\/wp\/v2\/types\/post"}],"author":[{"embeddable":true,"href":"https:\/\/projectes.xtec.cat\/secrp\/wp-json\/wp\/v2\/users\/1"}],"replies":[{"embeddable":true,"href":"https:\/\/projectes.xtec.cat\/secrp\/wp-json\/wp\/v2\/comments?post=10323"}],"version-history":[{"count":2,"href":"https:\/\/projectes.xtec.cat\/secrp\/wp-json\/wp\/v2\/posts\/10323\/revisions"}],"predecessor-version":[{"id":10326,"href":"https:\/\/projectes.xtec.cat\/secrp\/wp-json\/wp\/v2\/posts\/10323\/revisions\/10326"}],"wp:featuredmedia":[{"embeddable":true,"href":"https:\/\/projectes.xtec.cat\/secrp\/wp-json\/wp\/v2\/media\/10324"}],"wp:attachment":[{"href":"https:\/\/projectes.xtec.cat\/secrp\/wp-json\/wp\/v2\/media?parent=10323"}],"wp:term":[{"taxonomy":"category","embeddable":true,"href":"https:\/\/projectes.xtec.cat\/secrp\/wp-json\/wp\/v2\/categories?post=10323"},{"taxonomy":"post_tag","embeddable":true,"href":"https:\/\/projectes.xtec.cat\/secrp\/wp-json\/wp\/v2\/tags?post=10323"}],"curies":[{"name":"wp","href":"https:\/\/api.w.org\/{rel}","templated":true}]}}