{"id":10475,"date":"2021-10-27T12:15:57","date_gmt":"2021-10-27T10:15:57","guid":{"rendered":"https:\/\/projectes.xtec.cat\/secrp\/?p=10475"},"modified":"2021-11-15T18:21:36","modified_gmt":"2021-11-15T17:21:36","slug":"setmana-de-la-ciencia","status":"publish","type":"post","link":"https:\/\/projectes.xtec.cat\/secrp\/portada\/setmana-de-la-ciencia\/","title":{"rendered":"Setmana de la ci\u00e8ncia 21"},"content":{"rendered":"<p><a href=\"https:\/\/projectes.xtec.cat\/secrp\/wp-content\/uploads\/usu2432\/2021\/10\/SC26-2.png\"><img loading=\"lazy\" decoding=\"async\" class=\"size-large wp-image-10477 aligncenter\" src=\"https:\/\/projectes.xtec.cat\/secrp\/wp-content\/uploads\/usu2432\/2021\/10\/SC26-2-1024x106.png\" alt=\"\" width=\"1024\" height=\"106\" srcset=\"https:\/\/projectes.xtec.cat\/secrp\/wp-content\/uploads\/usu2432\/2021\/10\/SC26-2-1024x106.png 1024w, https:\/\/projectes.xtec.cat\/secrp\/wp-content\/uploads\/usu2432\/2021\/10\/SC26-2-300x31.png 300w, https:\/\/projectes.xtec.cat\/secrp\/wp-content\/uploads\/usu2432\/2021\/10\/SC26-2-768x79.png 768w, https:\/\/projectes.xtec.cat\/secrp\/wp-content\/uploads\/usu2432\/2021\/10\/SC26-2-1536x158.png 1536w, https:\/\/projectes.xtec.cat\/secrp\/wp-content\/uploads\/usu2432\/2021\/10\/SC26-2.png 1834w\" sizes=\"auto, (max-width: 1024px) 100vw, 1024px\" \/><\/a><\/p>\n<p><span style=\"font-weight: 400;\">La Fundaci\u00f3 Catalana per a la Recerca i la Innovaci\u00f3 (FCRI), amb el suport del Departament d\u2019Educaci\u00f3, organitza la <\/span><b>26a edici\u00f3 de la Setmana de la Ci\u00e8ncia<\/b><span style=\"font-weight: 400;\">, que se celebrar\u00e0 del 12 al 21 de novembre, arreu de Catalunya.\u00a0<\/span><\/p>\n<p><span style=\"font-weight: 400;\">L&#8217;activitat &#8220;<\/span><b>La ci\u00e8ncia en primera persona<\/b><span style=\"font-weight: 400;\">&#8221; que es celebrar\u00e0 el dia <\/span><b>17 de novembre<\/b><span style=\"font-weight: 400;\"> al mat\u00ed s&#8217;emmarca en la Setmana de la Ci\u00e8ncia,\u00a0 amb la finalitat del foment de les vocacions cient\u00edfiques i tecnol\u00f2giques entre l&#8217;alumnat del nostre pa\u00eds, pretenent apropar els i les cient\u00edfiques als instituts.\u00a0<\/span><\/p>\n<p><span style=\"font-weight: 400;\">L\u2019<\/span><b>activitat adre\u00e7ada a l\u2019alumnat de 3r i 4t d\u2019ESO <\/b><span style=\"font-weight: 400;\">va a c\u00e0rrec de cient\u00edfics\/ques que es dediquen a la investigaci\u00f3 i que expliquen la seva tasca, tant des del vessant cient\u00edfic com del vessant hum\u00e0.\u00a0<\/span><\/p>\n<p><span style=\"font-weight: 400;\">\u00a0<\/span><span style=\"font-weight: 400;\">Es proposen 4 grans temes per a tractar amb els seg\u00fcents ponents:\u00a0<\/span><\/p>\n<p><span style=\"font-weight: 400;\">9.15 a 10.15h: <\/span><span style=\"font-weight: 400;\">Rob\u00f2tica:\u00a0 <\/span><b>Ana\u00eds Garrell <\/b><span style=\"font-weight: 400;\">(IRI)<\/span><\/p>\n<p><span style=\"font-weight: 400;\">10.30h a 11.30h: <\/span><span style=\"font-weight: 400;\">Xarxes Socials: <\/span><b>Davinia Hern\u00e1ndez-Leo<\/b><span style=\"font-weight: 400;\"> (TIDE -UPF)<\/span><\/p>\n<p><span style=\"font-weight: 400;\">11.45h a 12.45h:<\/span><span style=\"font-weight: 400;\"> Astrof\u00edsica: <\/span><b>Ignasi Ribas<\/b><span style=\"font-weight: 400;\"> (IEEC) (ICE-CSIC)<\/span><\/p>\n<p><span style=\"font-weight: 400;\">13h a 14h: <\/span><span style=\"font-weight: 400;\">Economia circular: <\/span><b>Jordi Morat\u00f3 i Juan David Escorcia<\/b><span style=\"font-weight: 400;\"> (UPC)<\/span><\/p>\n<p>Us compartim els <a href=\"https:\/\/setmanaciencia.fundaciorecerca.cat\/frontend\/diacienciaescoles.asp\" target=\"_blank\" rel=\"noopener\">reptes i v\u00eddeos <\/a>del <strong>dia del la ci\u00e8ncia a les escoles<\/strong> i el <a href=\"https:\/\/docs.google.com\/forms\/d\/e\/1FAIpQLSdqedSnMgOOM2HeqAmA0A_mddy2mi7QdxH__tXyaE0E8-0yMw\/viewform\" target=\"_blank\" rel=\"noopener\">formulari<\/a> per formalitzar la inscripci\u00f3 a l&#8217;activitat<\/p>\n<p><span style=\"font-weight: 400;\">Tamb\u00e9 us compartim l&#8217;enlla\u00e7 de connexi\u00f3 per l&#8217;activitat del dia de la ci\u00e8ncia per a les escoles dins de la setmana de la ci\u00e8ncia: <\/span><span style=\"font-weight: 400;\">You Tube: <\/span><a href=\"https:\/\/youtu.be\/ZDEGbx_HMRA\"><span style=\"font-weight: 400;\">https:\/\/youtu.be\/ZDEGbx_HMRA<\/span><\/a><\/p>\n<p><span style=\"font-weight: 400;\">M\u00e9s informaci\u00f3 detallada a<\/span> <a href=\"http:\/\/www.setmanaciencia.cat\/\" target=\"_blank\" rel=\"noopener\"><b>www.setmanaciencia.cat<\/b><\/a><\/p>\n<p>&nbsp;<\/p>\n<p>&nbsp;<\/p>\n","protected":false},"excerpt":{"rendered":"<p>La Fundaci\u00f3 Catalana per a la Recerca i la Innovaci\u00f3 (FCRI), amb el suport del Departament d\u2019Educaci\u00f3, organitza la 26a edici\u00f3 de la Setmana de la Ci\u00e8ncia, que se celebrar\u00e0 del 12 al 21 de novembre, arreu de Catalunya.\u00a0<\/p>\n","protected":false},"author":1,"featured_media":10472,"comment_status":"closed","ping_status":"closed","sticky":false,"template":"","format":"standard","meta":{"_bbp_topic_count":0,"_bbp_reply_count":0,"_bbp_total_topic_count":0,"_bbp_total_reply_count":0,"_bbp_voice_count":0,"_bbp_anonymous_reply_count":0,"_bbp_topic_count_hidden":0,"_bbp_reply_count_hidden":0,"_bbp_forum_subforum_count":0,"site-sidebar-layout":"default","site-content-layout":"","ast-site-content-layout":"","site-content-style":"default","site-sidebar-style":"default","ast-global-header-display":"","ast-banner-title-visibility":"","ast-main-header-display":"","ast-hfb-above-header-display":"","ast-hfb-below-header-display":"","ast-hfb-mobile-header-display":"","site-post-title":"","ast-breadcrumbs-content":"","ast-featured-img":"","footer-sml-layout":"","theme-transparent-header-meta":"","adv-header-id-meta":"","stick-header-meta":"","header-above-stick-meta":"","header-main-stick-meta":"","header-below-stick-meta":"","astra-migrate-meta-layouts":"default","ast-page-background-enabled":"default","ast-page-background-meta":{"desktop":{"background-color":"var(--ast-global-color-4)","background-image":"","background-repeat":"repeat","background-position":"center center","background-size":"auto","background-attachment":"scroll","background-type":"","background-media":"","overlay-type":"","overlay-color":"","overlay-opacity":"","overlay-gradient":""},"tablet":{"background-color":"","background-image":"","background-repeat":"repeat","background-position":"center center","background-size":"auto","background-attachment":"scroll","background-type":"","background-media":"","overlay-type":"","overlay-color":"","overlay-opacity":"","overlay-gradient":""},"mobile":{"background-color":"","background-image":"","background-repeat":"repeat","background-position":"center center","background-size":"auto","background-attachment":"scroll","background-type":"","background-media":"","overlay-type":"","overlay-color":"","overlay-opacity":"","overlay-gradient":""}},"ast-content-background-meta":{"desktop":{"background-color":"var(--ast-global-color-5)","background-image":"","background-repeat":"repeat","background-position":"center center","background-size":"auto","background-attachment":"scroll","background-type":"","background-media":"","overlay-type":"","overlay-color":"","overlay-opacity":"","overlay-gradient":""},"tablet":{"background-color":"var(--ast-global-color-5)","background-image":"","background-repeat":"repeat","background-position":"center center","background-size":"auto","background-attachment":"scroll","background-type":"","background-media":"","overlay-type":"","overlay-color":"","overlay-opacity":"","overlay-gradient":""},"mobile":{"background-color":"var(--ast-global-color-5)","background-image":"","background-repeat":"repeat","background-position":"center center","background-size":"auto","background-attachment":"scroll","background-type":"","background-media":"","overlay-type":"","overlay-color":"","overlay-opacity":"","overlay-gradient":""}},"footnotes":""},"categories":[29,326],"tags":[342,377,343],"class_list":["post-10475","post","type-post","status-publish","format-standard","has-post-thumbnail","hentry","category-portada","category-setmana-ciencia","tag-ciencia","tag-setmana-de-la-ciencia","tag-tecnologia"],"post_mailing_queue_ids":[],"_links":{"self":[{"href":"https:\/\/projectes.xtec.cat\/secrp\/wp-json\/wp\/v2\/posts\/10475","targetHints":{"allow":["GET"]}}],"collection":[{"href":"https:\/\/projectes.xtec.cat\/secrp\/wp-json\/wp\/v2\/posts"}],"about":[{"href":"https:\/\/projectes.xtec.cat\/secrp\/wp-json\/wp\/v2\/types\/post"}],"author":[{"embeddable":true,"href":"https:\/\/projectes.xtec.cat\/secrp\/wp-json\/wp\/v2\/users\/1"}],"replies":[{"embeddable":true,"href":"https:\/\/projectes.xtec.cat\/secrp\/wp-json\/wp\/v2\/comments?post=10475"}],"version-history":[{"count":4,"href":"https:\/\/projectes.xtec.cat\/secrp\/wp-json\/wp\/v2\/posts\/10475\/revisions"}],"predecessor-version":[{"id":10527,"href":"https:\/\/projectes.xtec.cat\/secrp\/wp-json\/wp\/v2\/posts\/10475\/revisions\/10527"}],"wp:featuredmedia":[{"embeddable":true,"href":"https:\/\/projectes.xtec.cat\/secrp\/wp-json\/wp\/v2\/media\/10472"}],"wp:attachment":[{"href":"https:\/\/projectes.xtec.cat\/secrp\/wp-json\/wp\/v2\/media?parent=10475"}],"wp:term":[{"taxonomy":"category","embeddable":true,"href":"https:\/\/projectes.xtec.cat\/secrp\/wp-json\/wp\/v2\/categories?post=10475"},{"taxonomy":"post_tag","embeddable":true,"href":"https:\/\/projectes.xtec.cat\/secrp\/wp-json\/wp\/v2\/tags?post=10475"}],"curies":[{"name":"wp","href":"https:\/\/api.w.org\/{rel}","templated":true}]}}