{"id":10664,"date":"2021-12-10T00:00:05","date_gmt":"2021-12-09T23:00:05","guid":{"rendered":"https:\/\/projectes.xtec.cat\/secrp\/?p=10664"},"modified":"2021-12-10T03:12:45","modified_gmt":"2021-12-10T02:12:45","slug":"delimitacio-dels-continguts-de-millora-els-rols-dels-participants-i-les-condicions-del-proces","status":"publish","type":"post","link":"https:\/\/projectes.xtec.cat\/secrp\/general\/delimitacio-dels-continguts-de-millora-els-rols-dels-participants-i-les-condicions-del-proces\/","title":{"rendered":"Delimitaci\u00f3 dels continguts de millora, els rols dels participants i les condicions del proc\u00e9s"},"content":{"rendered":"<p><a href=\"https:\/\/projectes.xtec.cat\/secrp\/wp-content\/uploads\/usu2432\/2021\/12\/assessorament-millores.png\"><img loading=\"lazy\" decoding=\"async\" class=\" wp-image-10665 aligncenter\" src=\"https:\/\/projectes.xtec.cat\/secrp\/wp-content\/uploads\/usu2432\/2021\/12\/assessorament-millores.png\" alt=\"\" width=\"658\" height=\"238\" \/><\/a>L&#8217;assessorament col\u00b7laboratiu, molt sovint, s\u2019inicia amb una fase inicial (Fase 0) que constitueix el punt d&#8217;arrencada del proc\u00e9s. \u00c9s una fase on les accions principals a fer s\u00f3n les de promoure la demanda de l\u2019assessorament, donant a con\u00e8ixer aquesta possibilitat, en qu\u00e8 consisteix, i tamb\u00e9, en la configuraci\u00f3 d\u2019un equip de treball.<\/p>\n<p>Superada aquesta fase molt inicial de l\u2019assessorament col\u00b7laboratiu, es passa r\u00e0pidament a la Fase 1, on s&#8217;estableix una negociaci\u00f3 pel que fa als continguts de millora que es treballaran, respecte als rols que tindran els participants i tamb\u00e9 les condicions en les quals es desenvolupar\u00e0 el proc\u00e9s. \u00c9s una fase molt important a la qual s\u2019hi ha de dedicar el temps necessari ja que, si no s\u2019arriben a acords s\u00f2lids per a totes les parts, el proc\u00e9s, en general, es pot veure comprom\u00e8s.<\/p>\n<p>Pot servir d\u2019exemple d\u2019aquesta Fase 1, l\u2019assessorament col\u00b7laboratiu realitzat a un centre de Prim\u00e0ria. Per contextualitzar el cas, cal dir que el centre t\u00e9 cinc l\u00ednies i tot just acaba de produir-se un relleu de tot l\u2019equip directiu. Per tant, hi ha un nou projecte de direcci\u00f3, amb noves l\u00ednies de treball i energies renovades. L\u2019equip directiu t\u00e9 la necessitat d\u2019avan\u00e7ar en el desplegament de propostes de pr\u00e0ctiques inclusives, d\u2019aprenentatge multinivell i de doc\u00e8ncia compartida. En base a aquestes necessitats, i havent explicat el proc\u00e9s d\u2019assessorament col\u00b7laboratiu (Fase 0), s\u2019acorda actuar en aquesta l\u00ednia de treball d\u2019acompanyament a centres.<\/p>\n<p>Per tal d\u2019acotar b\u00e9 all\u00f2 que es podia dur a terme i de quina manera hi particip\u00e0vem les parts (centre i serveis educatius), vam arribar a un seguit d\u2019acords:<\/p>\n<ul>\n<li>Els temes que conformaven la demanda eren molt amplis, va ser necessari centrar-se en un; en aquest cas, van ser les pr\u00e0ctiques DUA.<\/li>\n<li>No es coneixia el nivell de pr\u00e0ctiques DUA que es realitzaven al centre, i per aquest motiu, primer es va decidir centrar-se en l\u2019elaboraci\u00f3 compartida d\u2019una eina d\u2019an\u00e0lisi.<\/li>\n<li>L\u2019acci\u00f3 no es podia plantejar a tot el centre en la seva globalitat, per la qual cosa es va establir un grup de treball (pilot) per tal de testejar l\u2019eina i posteriorment estendre-ho a la resta de grups.<\/li>\n<li>Va ser necessari establir un calendari de trobades (compaginaci\u00f3 d\u2019horaris de centre i serveis educatius).<\/li>\n<li>Es van acordar les tasques o accions que podien realitzar els membres del grup de treball de centre i els membres dels serveis educatius.<\/li>\n<li>Es van decidir uns terminis per a realitzar l\u2019acci\u00f3 prevista; en aquest cas, calia finalitzar-la coincidint amb l\u2019acabament del curs escolar (per tal de no deixar l\u2019actuaci\u00f3 pendent de tancar per al curs seg\u00fcent).<\/li>\n<\/ul>\n<p>Es va tractar d\u2019una fase a la qual s\u2019hi van dedicar diverses reunions, internes de serveis educatius, amb l\u2019equip de treball del centre, amb el seu equip directiu, \u2026 per tant, s\u2019hi va dedicar un temps bastant extens. Tamb\u00e9 cal dir que es va tractar d\u2019un temps ben aprofitat, ja que el fet d\u2019arribar a aquests consensos van permetre que, posteriorment, el treball an\u00e9s avan\u00e7ant de forma m\u00e9s flu\u00efda i sense entrebancs.<\/p>\n<p>Grup 6: CRP del Montsi\u00e0, CRP del Baix Llobregat VI, CRP de l&#8217;Alt Urgell, CRP Sants- Montju\u00efc, CRP del Vall\u00e8s Oriental II, CRP de l&#8217;Alt Empord\u00e0 i CRP de Sant Mart\u00ed<\/p>\n","protected":false},"excerpt":{"rendered":"<p>L&#8217;assessorament col\u00b7laboratiu, molt sovint, s\u2019inicia amb una fase inicial (Fase 0) que constitueix el punt d&#8217;arrencada del proc\u00e9s. <\/p>\n","protected":false},"author":49,"featured_media":10665,"comment_status":"closed","ping_status":"closed","sticky":false,"template":"","format":"standard","meta":{"_bbp_topic_count":0,"_bbp_reply_count":0,"_bbp_total_topic_count":0,"_bbp_total_reply_count":0,"_bbp_voice_count":0,"_bbp_anonymous_reply_count":0,"_bbp_topic_count_hidden":0,"_bbp_reply_count_hidden":0,"_bbp_forum_subforum_count":0,"site-sidebar-layout":"default","site-content-layout":"","ast-site-content-layout":"","site-content-style":"default","site-sidebar-style":"default","ast-global-header-display":"","ast-banner-title-visibility":"","ast-main-header-display":"","ast-hfb-above-header-display":"","ast-hfb-below-header-display":"","ast-hfb-mobile-header-display":"","site-post-title":"","ast-breadcrumbs-content":"","ast-featured-img":"","footer-sml-layout":"","theme-transparent-header-meta":"","adv-header-id-meta":"","stick-header-meta":"","header-above-stick-meta":"","header-main-stick-meta":"","header-below-stick-meta":"","astra-migrate-meta-layouts":"default","ast-page-background-enabled":"default","ast-page-background-meta":{"desktop":{"background-color":"var(--ast-global-color-4)","background-image":"","background-repeat":"repeat","background-position":"center center","background-size":"auto","background-attachment":"scroll","background-type":"","background-media":"","overlay-type":"","overlay-color":"","overlay-opacity":"","overlay-gradient":""},"tablet":{"background-color":"","background-image":"","background-repeat":"repeat","background-position":"center center","background-size":"auto","background-attachment":"scroll","background-type":"","background-media":"","overlay-type":"","overlay-color":"","overlay-opacity":"","overlay-gradient":""},"mobile":{"background-color":"","background-image":"","background-repeat":"repeat","background-position":"center center","background-size":"auto","background-attachment":"scroll","background-type":"","background-media":"","overlay-type":"","overlay-color":"","overlay-opacity":"","overlay-gradient":""}},"ast-content-background-meta":{"desktop":{"background-color":"var(--ast-global-color-5)","background-image":"","background-repeat":"repeat","background-position":"center center","background-size":"auto","background-attachment":"scroll","background-type":"","background-media":"","overlay-type":"","overlay-color":"","overlay-opacity":"","overlay-gradient":""},"tablet":{"background-color":"var(--ast-global-color-5)","background-image":"","background-repeat":"repeat","background-position":"center center","background-size":"auto","background-attachment":"scroll","background-type":"","background-media":"","overlay-type":"","overlay-color":"","overlay-opacity":"","overlay-gradient":""},"mobile":{"background-color":"var(--ast-global-color-5)","background-image":"","background-repeat":"repeat","background-position":"center center","background-size":"auto","background-attachment":"scroll","background-type":"","background-media":"","overlay-type":"","overlay-color":"","overlay-opacity":"","overlay-gradient":""}},"footnotes":""},"categories":[356,1,29],"tags":[303,477],"class_list":["post-10664","post","type-post","status-publish","format-standard","has-post-thumbnail","hentry","category-experiencies-acompanyament","category-general","category-portada","tag-assessorament","tag-fase1"],"post_mailing_queue_ids":[],"_links":{"self":[{"href":"https:\/\/projectes.xtec.cat\/secrp\/wp-json\/wp\/v2\/posts\/10664","targetHints":{"allow":["GET"]}}],"collection":[{"href":"https:\/\/projectes.xtec.cat\/secrp\/wp-json\/wp\/v2\/posts"}],"about":[{"href":"https:\/\/projectes.xtec.cat\/secrp\/wp-json\/wp\/v2\/types\/post"}],"author":[{"embeddable":true,"href":"https:\/\/projectes.xtec.cat\/secrp\/wp-json\/wp\/v2\/users\/49"}],"replies":[{"embeddable":true,"href":"https:\/\/projectes.xtec.cat\/secrp\/wp-json\/wp\/v2\/comments?post=10664"}],"version-history":[{"count":4,"href":"https:\/\/projectes.xtec.cat\/secrp\/wp-json\/wp\/v2\/posts\/10664\/revisions"}],"predecessor-version":[{"id":10708,"href":"https:\/\/projectes.xtec.cat\/secrp\/wp-json\/wp\/v2\/posts\/10664\/revisions\/10708"}],"wp:featuredmedia":[{"embeddable":true,"href":"https:\/\/projectes.xtec.cat\/secrp\/wp-json\/wp\/v2\/media\/10665"}],"wp:attachment":[{"href":"https:\/\/projectes.xtec.cat\/secrp\/wp-json\/wp\/v2\/media?parent=10664"}],"wp:term":[{"taxonomy":"category","embeddable":true,"href":"https:\/\/projectes.xtec.cat\/secrp\/wp-json\/wp\/v2\/categories?post=10664"},{"taxonomy":"post_tag","embeddable":true,"href":"https:\/\/projectes.xtec.cat\/secrp\/wp-json\/wp\/v2\/tags?post=10664"}],"curies":[{"name":"wp","href":"https:\/\/api.w.org\/{rel}","templated":true}]}}