{"id":11988,"date":"2023-11-20T15:39:36","date_gmt":"2023-11-20T14:39:36","guid":{"rendered":"https:\/\/projectes.xtec.cat\/secrp\/?p=11988"},"modified":"2023-11-20T15:57:40","modified_gmt":"2023-11-20T14:57:40","slug":"la-dinamitzacio-i-el-suport-a-les-xarxes-educatives-de-la-zona","status":"publish","type":"post","link":"https:\/\/projectes.xtec.cat\/secrp\/general\/la-dinamitzacio-i-el-suport-a-les-xarxes-educatives-de-la-zona\/","title":{"rendered":"La dinamitzaci\u00f3 i el suport a les xarxes educatives de la zona"},"content":{"rendered":"<p><span style=\"font-weight: 400;\">Dimecres 15 de novembre es va realitzar la primera reuni\u00f3 presencial de direccions de CRP d\u2019aquest curs a les instal\u00b7lacions del CESIRE.\u00a0<\/span><\/p>\n<p><span style=\"font-weight: 400;\">L\u2019objectiu de la trobada era aprofundir en una de les funcions espec\u00edfiques dels professionals dels CRP, que es concreten en els \u00e0mbits de formaci\u00f3, dinamitzaci\u00f3 i recursos, en aquest cas es va prioritzar:\u00a0<\/span><\/p>\n<p><b><i>La dinamitzaci\u00f3 i el suport a les xarxes educatives de la zona, vetllant per l&#8217;equitat i la inclusi\u00f3.\u00a0<\/i><\/b><\/p>\n<p><a href=\"https:\/\/projectes.xtec.cat\/secrp\/wp-content\/uploads\/usu2432\/2023\/11\/Foto-1.jpg\"><img loading=\"lazy\" decoding=\"async\" class=\"alignnone wp-image-11990\" src=\"https:\/\/projectes.xtec.cat\/secrp\/wp-content\/uploads\/usu2432\/2023\/11\/Foto-1.jpg\" alt=\"\" width=\"502\" height=\"377\" srcset=\"https:\/\/projectes.xtec.cat\/secrp\/wp-content\/uploads\/usu2432\/2023\/11\/Foto-1.jpg 640w, https:\/\/projectes.xtec.cat\/secrp\/wp-content\/uploads\/usu2432\/2023\/11\/Foto-1-300x225.jpg 300w, https:\/\/projectes.xtec.cat\/secrp\/wp-content\/uploads\/usu2432\/2023\/11\/Foto-1-200x150.jpg 200w\" sizes=\"auto, (max-width: 502px) 100vw, 502px\" \/><\/a><\/p>\n<p><span style=\"font-weight: 400;\">A la primera part vam comptar amb la intervenci\u00f3\u00a0 de la Sra. Carme Sanjuan i la Sra. Lourdes Llorens, que van presentar\u00a0 <\/span><a href=\"https:\/\/projectes.xtec.cat\/secrp\/xarxes-nova-esborrar\/acompanyament-a-xarxes\/\"><span style=\"font-weight: 400;\">l\u2019eina d\u2019autoavaluaci\u00f3 din\u00e0mica de xarxes.<\/span><\/a><span style=\"font-weight: 400;\">\u00a0<\/span><\/p>\n<p><a href=\"https:\/\/projectes.xtec.cat\/secrp\/wp-content\/uploads\/usu2432\/2023\/11\/Foto-2.jpg\"><img loading=\"lazy\" decoding=\"async\" class=\"alignnone wp-image-11991\" src=\"https:\/\/projectes.xtec.cat\/secrp\/wp-content\/uploads\/usu2432\/2023\/11\/Foto-2.jpg\" alt=\"\" width=\"360\" height=\"383\" srcset=\"https:\/\/projectes.xtec.cat\/secrp\/wp-content\/uploads\/usu2432\/2023\/11\/Foto-2.jpg 550w, https:\/\/projectes.xtec.cat\/secrp\/wp-content\/uploads\/usu2432\/2023\/11\/Foto-2-282x300.jpg 282w\" sizes=\"auto, (max-width: 360px) 100vw, 360px\" \/><\/a><\/p>\n<p><a href=\"https:\/\/projectes.xtec.cat\/secrp\/wp-content\/uploads\/usu2432\/2023\/11\/Foto-3.jpg\"><img loading=\"lazy\" decoding=\"async\" class=\"alignnone size-full wp-image-11992\" src=\"https:\/\/projectes.xtec.cat\/secrp\/wp-content\/uploads\/usu2432\/2023\/11\/Foto-3.jpg\" alt=\"\" width=\"496\" height=\"587\" srcset=\"https:\/\/projectes.xtec.cat\/secrp\/wp-content\/uploads\/usu2432\/2023\/11\/Foto-3.jpg 496w, https:\/\/projectes.xtec.cat\/secrp\/wp-content\/uploads\/usu2432\/2023\/11\/Foto-3-253x300.jpg 253w\" sizes=\"auto, (max-width: 496px) 100vw, 496px\" \/><\/a><\/p>\n<p><span style=\"font-weight: 400;\">A la segona part ens van acompanyar la Sra. Rosa Artigal i la Sra. Vict\u00f2ria Ib\u00e0\u00f1ez, que van establir un di\u00e0leg al voltant del lideratge de la cultura relacional i les xarxes de col\u00b7laboraci\u00f3 professional.<\/span><\/p>\n<p><a href=\"https:\/\/projectes.xtec.cat\/secrp\/wp-content\/uploads\/usu2432\/2023\/11\/Foto-4-e1700491041298.jpg\"><img loading=\"lazy\" decoding=\"async\" class=\"alignnone wp-image-11993\" src=\"https:\/\/projectes.xtec.cat\/secrp\/wp-content\/uploads\/usu2432\/2023\/11\/Foto-4-e1700491041298.jpg\" alt=\"\" width=\"512\" height=\"384\" srcset=\"https:\/\/projectes.xtec.cat\/secrp\/wp-content\/uploads\/usu2432\/2023\/11\/Foto-4-e1700491041298.jpg 640w, https:\/\/projectes.xtec.cat\/secrp\/wp-content\/uploads\/usu2432\/2023\/11\/Foto-4-e1700491041298-300x225.jpg 300w, https:\/\/projectes.xtec.cat\/secrp\/wp-content\/uploads\/usu2432\/2023\/11\/Foto-4-e1700491041298-200x150.jpg 200w\" sizes=\"auto, (max-width: 512px) 100vw, 512px\" \/><\/a><\/p>\n<p><a href=\"https:\/\/projectes.xtec.cat\/secrp\/wp-content\/uploads\/usu2432\/2023\/11\/Foto-5-e1700491086907.jpg\"><img loading=\"lazy\" decoding=\"async\" class=\"alignnone wp-image-11994\" src=\"https:\/\/projectes.xtec.cat\/secrp\/wp-content\/uploads\/usu2432\/2023\/11\/Foto-5-e1700491086907.jpg\" alt=\"\" width=\"325\" height=\"433\" srcset=\"https:\/\/projectes.xtec.cat\/secrp\/wp-content\/uploads\/usu2432\/2023\/11\/Foto-5-e1700491086907.jpg 400w, https:\/\/projectes.xtec.cat\/secrp\/wp-content\/uploads\/usu2432\/2023\/11\/Foto-5-e1700491086907-225x300.jpg 225w\" sizes=\"auto, (max-width: 325px) 100vw, 325px\" \/><\/a><\/p>\n<p><span style=\"font-weight: 400;\">A la segona part, tamb\u00e9 vam comptar amb la pres\u00e8ncia del Sr. Jes\u00fas Moral, subdirector general d\u2019Innovaci\u00f3 i Formaci\u00f3, el qual va fer la cloenda de la sessi\u00f3.<\/span><\/p>\n<p><a href=\"https:\/\/projectes.xtec.cat\/secrp\/wp-content\/uploads\/usu2432\/2023\/11\/Foto-6.jpg\"><img loading=\"lazy\" decoding=\"async\" class=\"alignnone wp-image-11995\" src=\"https:\/\/projectes.xtec.cat\/secrp\/wp-content\/uploads\/usu2432\/2023\/11\/Foto-6.jpg\" alt=\"\" width=\"534\" height=\"472\" srcset=\"https:\/\/projectes.xtec.cat\/secrp\/wp-content\/uploads\/usu2432\/2023\/11\/Foto-6.jpg 702w, https:\/\/projectes.xtec.cat\/secrp\/wp-content\/uploads\/usu2432\/2023\/11\/Foto-6-300x265.jpg 300w\" sizes=\"auto, (max-width: 534px) 100vw, 534px\" \/><\/a><\/p>\n<p>&nbsp;<\/p>\n<p>&nbsp;<\/p>\n<p>&nbsp;<\/p>\n<p>&nbsp;<\/p>\n<p>&nbsp;<\/p>\n<p>&nbsp;<\/p>\n","protected":false},"excerpt":{"rendered":"<p>Dimecres 15 de novembre es va realitzar la primera reuni\u00f3 presencial de direccions de CRP d\u2019aquest curs a les instal\u00b7lacions [&hellip;]<\/p>\n","protected":false},"author":1,"featured_media":11995,"comment_status":"open","ping_status":"closed","sticky":false,"template":"","format":"standard","meta":{"_bbp_topic_count":0,"_bbp_reply_count":0,"_bbp_total_topic_count":0,"_bbp_total_reply_count":0,"_bbp_voice_count":0,"_bbp_anonymous_reply_count":0,"_bbp_topic_count_hidden":0,"_bbp_reply_count_hidden":0,"_bbp_forum_subforum_count":0,"site-sidebar-layout":"default","site-content-layout":"","ast-site-content-layout":"","site-content-style":"default","site-sidebar-style":"default","ast-global-header-display":"","ast-banner-title-visibility":"","ast-main-header-display":"","ast-hfb-above-header-display":"","ast-hfb-below-header-display":"","ast-hfb-mobile-header-display":"","site-post-title":"","ast-breadcrumbs-content":"","ast-featured-img":"","footer-sml-layout":"","theme-transparent-header-meta":"","adv-header-id-meta":"","stick-header-meta":"","header-above-stick-meta":"","header-main-stick-meta":"","header-below-stick-meta":"","astra-migrate-meta-layouts":"default","ast-page-background-enabled":"default","ast-page-background-meta":{"desktop":{"background-color":"var(--ast-global-color-4)","background-image":"","background-repeat":"repeat","background-position":"center center","background-size":"auto","background-attachment":"scroll","background-type":"","background-media":"","overlay-type":"","overlay-color":"","overlay-opacity":"","overlay-gradient":""},"tablet":{"background-color":"","background-image":"","background-repeat":"repeat","background-position":"center center","background-size":"auto","background-attachment":"scroll","background-type":"","background-media":"","overlay-type":"","overlay-color":"","overlay-opacity":"","overlay-gradient":""},"mobile":{"background-color":"","background-image":"","background-repeat":"repeat","background-position":"center center","background-size":"auto","background-attachment":"scroll","background-type":"","background-media":"","overlay-type":"","overlay-color":"","overlay-opacity":"","overlay-gradient":""}},"ast-content-background-meta":{"desktop":{"background-color":"var(--ast-global-color-5)","background-image":"","background-repeat":"repeat","background-position":"center center","background-size":"auto","background-attachment":"scroll","background-type":"","background-media":"","overlay-type":"","overlay-color":"","overlay-opacity":"","overlay-gradient":""},"tablet":{"background-color":"var(--ast-global-color-5)","background-image":"","background-repeat":"repeat","background-position":"center center","background-size":"auto","background-attachment":"scroll","background-type":"","background-media":"","overlay-type":"","overlay-color":"","overlay-opacity":"","overlay-gradient":""},"mobile":{"background-color":"var(--ast-global-color-5)","background-image":"","background-repeat":"repeat","background-position":"center center","background-size":"auto","background-attachment":"scroll","background-type":"","background-media":"","overlay-type":"","overlay-color":"","overlay-opacity":"","overlay-gradient":""}},"footnotes":""},"categories":[1,29],"tags":[],"class_list":["post-11988","post","type-post","status-publish","format-standard","has-post-thumbnail","hentry","category-general","category-portada"],"post_mailing_queue_ids":[],"_links":{"self":[{"href":"https:\/\/projectes.xtec.cat\/secrp\/wp-json\/wp\/v2\/posts\/11988","targetHints":{"allow":["GET"]}}],"collection":[{"href":"https:\/\/projectes.xtec.cat\/secrp\/wp-json\/wp\/v2\/posts"}],"about":[{"href":"https:\/\/projectes.xtec.cat\/secrp\/wp-json\/wp\/v2\/types\/post"}],"author":[{"embeddable":true,"href":"https:\/\/projectes.xtec.cat\/secrp\/wp-json\/wp\/v2\/users\/1"}],"replies":[{"embeddable":true,"href":"https:\/\/projectes.xtec.cat\/secrp\/wp-json\/wp\/v2\/comments?post=11988"}],"version-history":[{"count":3,"href":"https:\/\/projectes.xtec.cat\/secrp\/wp-json\/wp\/v2\/posts\/11988\/revisions"}],"predecessor-version":[{"id":11998,"href":"https:\/\/projectes.xtec.cat\/secrp\/wp-json\/wp\/v2\/posts\/11988\/revisions\/11998"}],"wp:featuredmedia":[{"embeddable":true,"href":"https:\/\/projectes.xtec.cat\/secrp\/wp-json\/wp\/v2\/media\/11995"}],"wp:attachment":[{"href":"https:\/\/projectes.xtec.cat\/secrp\/wp-json\/wp\/v2\/media?parent=11988"}],"wp:term":[{"taxonomy":"category","embeddable":true,"href":"https:\/\/projectes.xtec.cat\/secrp\/wp-json\/wp\/v2\/categories?post=11988"},{"taxonomy":"post_tag","embeddable":true,"href":"https:\/\/projectes.xtec.cat\/secrp\/wp-json\/wp\/v2\/tags?post=11988"}],"curies":[{"name":"wp","href":"https:\/\/api.w.org\/{rel}","templated":true}]}}