{"id":12355,"date":"2025-02-18T19:17:51","date_gmt":"2025-02-18T18:17:51","guid":{"rendered":"https:\/\/projectes.xtec.cat\/secrp\/?p=12355"},"modified":"2025-03-05T10:36:17","modified_gmt":"2025-03-05T09:36:17","slug":"formacio-interxarxes-2n-trimestre","status":"publish","type":"post","link":"https:\/\/projectes.xtec.cat\/secrp\/general\/formacio-interxarxes-2n-trimestre\/","title":{"rendered":"Formaci\u00f3 Interxarxes 2n trimestre"},"content":{"rendered":"\n<figure class=\"wp-block-image size-full is-resized\"><a href=\"https:\/\/projectes.xtec.cat\/secrp\/wp-content\/uploads\/usu2432\/2025\/02\/Imatge-destacada-2n-t.png\"><img loading=\"lazy\" decoding=\"async\" width=\"440\" height=\"165\" src=\"https:\/\/projectes.xtec.cat\/secrp\/wp-content\/uploads\/usu2432\/2025\/02\/Imatge-destacada-2n-t.png\" alt=\"\" class=\"wp-image-12356\" style=\"width:712px;height:auto\" srcset=\"https:\/\/projectes.xtec.cat\/secrp\/wp-content\/uploads\/usu2432\/2025\/02\/Imatge-destacada-2n-t.png 440w, https:\/\/projectes.xtec.cat\/secrp\/wp-content\/uploads\/usu2432\/2025\/02\/Imatge-destacada-2n-t-300x113.png 300w\" sizes=\"auto, (max-width: 440px) 100vw, 440px\" \/><\/a><\/figure>\n\n\n\n<p>Els passats dimarts 4 i 18 de febrer s\u2019han realitzat al Cesire les dues segones sessions formatives del segon trimestre adre\u00e7ades als professionals que dinamitzen o s\u00f3n responsables de xarxes educatives.<\/p>\n\n\n\n<p>Amb un format de taller, s\u2019ha ofert una activitat de car\u00e0cter concret i pr\u00e0ctic orientat a implementar noves pr\u00e0ctiques a les xarxes.&nbsp;<\/p>\n\n\n\n<p>La primera part ha anat a c\u00e0rrec del doctor <strong>David Duran<\/strong>, que \u00e9s professor catedr\u00e0tic del Departament de Psicologia de l\u2019Educaci\u00f3 de l\u2019UAB i coordinador del Grup de Recerca sobre Aprenentatge entre Iguals.<\/p>\n\n\n\n<figure class=\"wp-block-image size-full is-resized\"><a href=\"https:\/\/projectes.xtec.cat\/secrp\/wp-content\/uploads\/usu2432\/2025\/02\/David-Duran.png\"><img loading=\"lazy\" decoding=\"async\" width=\"678\" height=\"531\" src=\"https:\/\/projectes.xtec.cat\/secrp\/wp-content\/uploads\/usu2432\/2025\/02\/David-Duran.png\" alt=\"\" class=\"wp-image-12364\" style=\"width:595px;height:auto\" srcset=\"https:\/\/projectes.xtec.cat\/secrp\/wp-content\/uploads\/usu2432\/2025\/02\/David-Duran.png 678w, https:\/\/projectes.xtec.cat\/secrp\/wp-content\/uploads\/usu2432\/2025\/02\/David-Duran-300x235.png 300w\" sizes=\"auto, (max-width: 678px) 100vw, 678px\" \/><\/a><\/figure>\n\n\n\n<p><\/p>\n\n\n\n<p>Ha parlat de l\u2019observaci\u00f3 entre iguals en l\u2019aprenentatge en xarxes de centres, del concepte d\u2019observaci\u00f3 entre iguals i presentaci\u00f3 d\u2019un procediment d\u2019observaci\u00f3 entre igual.&nbsp;<\/p>\n\n\n\n<figure class=\"wp-block-image size-full is-resized\"><a href=\"https:\/\/projectes.xtec.cat\/secrp\/wp-content\/uploads\/usu2432\/2025\/02\/guia.png\"><img loading=\"lazy\" decoding=\"async\" width=\"530\" height=\"720\" src=\"https:\/\/projectes.xtec.cat\/secrp\/wp-content\/uploads\/usu2432\/2025\/02\/guia.png\" alt=\"\" class=\"wp-image-12357\" style=\"width:437px;height:auto\" srcset=\"https:\/\/projectes.xtec.cat\/secrp\/wp-content\/uploads\/usu2432\/2025\/02\/guia.png 530w, https:\/\/projectes.xtec.cat\/secrp\/wp-content\/uploads\/usu2432\/2025\/02\/guia-221x300.png 221w\" sizes=\"auto, (max-width: 530px) 100vw, 530px\" \/><\/a><\/figure>\n\n\n\n<p><\/p>\n\n\n\n<p>Ha compartit l\u2019informe de resultats de la recerca i algunes estrat\u00e8gies per a crear una cultura col\u00b7laborativa dins de la xarxa i amb les altres xarxes.&nbsp;<\/p>\n\n\n\n<p><\/p>\n\n\n\n<p><a href=\"https:\/\/www.observacioentreiguals.com\">https:\/\/www.observacioentreiguals.com<\/a><\/p>\n\n\n<a class=\"wp-block-read-more\" href=\"https:\/\/projectes.xtec.cat\/secrp\/general\/formacio-interxarxes-2n-trimestre\/\" target=\"_self\">Llegeix m\u00e9s<span class=\"screen-reader-text\">: Formaci\u00f3 Interxarxes 2n trimestre<\/span><\/a>\n\n\n<p><\/p>\n\n\n\n<p>Durant la pausa-caf\u00e8 es va oferir un esmorzar preparat i servit pel personal de&nbsp; l\u2019empresa d\u2019Inserci\u00f3 L\u2019Olivera-Can Calopa. El seu objectiu \u00e9s la integraci\u00f3 sociolaboral de persones en situaci\u00f3 o greu risc d\u2019exclusi\u00f3 social.<\/p>\n\n\n\n<figure class=\"wp-block-image size-full is-resized\"><a href=\"https:\/\/projectes.xtec.cat\/secrp\/wp-content\/uploads\/usu2432\/2025\/02\/Lolivera.png\"><img loading=\"lazy\" decoding=\"async\" width=\"545\" height=\"631\" src=\"https:\/\/projectes.xtec.cat\/secrp\/wp-content\/uploads\/usu2432\/2025\/02\/Lolivera.png\" alt=\"\" class=\"wp-image-12377\" style=\"width:394px;height:auto\" srcset=\"https:\/\/projectes.xtec.cat\/secrp\/wp-content\/uploads\/usu2432\/2025\/02\/Lolivera.png 545w, https:\/\/projectes.xtec.cat\/secrp\/wp-content\/uploads\/usu2432\/2025\/02\/Lolivera-259x300.png 259w\" sizes=\"auto, (max-width: 545px) 100vw, 545px\" \/><\/a><\/figure>\n\n\n\n<div class=\"wp-block-group is-layout-constrained wp-block-group-is-layout-constrained\">\n<figure class=\"wp-block-image size-full is-resized\"><a href=\"https:\/\/projectes.xtec.cat\/secrp\/wp-content\/uploads\/usu2432\/2025\/02\/Lolivera-2.png\"><img loading=\"lazy\" decoding=\"async\" width=\"669\" height=\"538\" src=\"https:\/\/projectes.xtec.cat\/secrp\/wp-content\/uploads\/usu2432\/2025\/02\/Lolivera-2.png\" alt=\"\" class=\"wp-image-12376\" style=\"width:397px;height:auto\" srcset=\"https:\/\/projectes.xtec.cat\/secrp\/wp-content\/uploads\/usu2432\/2025\/02\/Lolivera-2.png 669w, https:\/\/projectes.xtec.cat\/secrp\/wp-content\/uploads\/usu2432\/2025\/02\/Lolivera-2-300x241.png 300w\" sizes=\"auto, (max-width: 669px) 100vw, 669px\" \/><\/a><\/figure>\n<\/div>\n\n\n\n<p><\/p>\n\n\n\n<p>La segona part de la sessi\u00f3, Assegurem la transfer\u00e8ncia per a l\u2019aprenentatge als centres en xarxa, ha anat a c\u00e0rrec de la <strong>N\u00faria Pallar\u00e9s, l\u2019Helena Rovira i el Joan Caminal<\/strong>, t\u00e8cnics del Servei de Curr\u00edculum d&#8217;Infantil i Prim\u00e0ria i membres de l\u2019equip coordinador de la Xarxa de Compet\u00e8ncies.<\/p>\n\n\n\n<figure class=\"wp-block-image size-full is-resized\"><a href=\"https:\/\/projectes.xtec.cat\/secrp\/wp-content\/uploads\/usu2432\/2025\/02\/Grups-dinamica-Joan-i-Nuria.png\"><img loading=\"lazy\" decoding=\"async\" width=\"762\" height=\"617\" src=\"https:\/\/projectes.xtec.cat\/secrp\/wp-content\/uploads\/usu2432\/2025\/02\/Grups-dinamica-Joan-i-Nuria.png\" alt=\"\" class=\"wp-image-12363\" style=\"width:558px;height:auto\" srcset=\"https:\/\/projectes.xtec.cat\/secrp\/wp-content\/uploads\/usu2432\/2025\/02\/Grups-dinamica-Joan-i-Nuria.png 762w, https:\/\/projectes.xtec.cat\/secrp\/wp-content\/uploads\/usu2432\/2025\/02\/Grups-dinamica-Joan-i-Nuria-300x243.png 300w\" sizes=\"auto, (max-width: 762px) 100vw, 762px\" \/><\/a><\/figure>\n\n\n\n<figure class=\"wp-block-image size-full\"><a href=\"https:\/\/projectes.xtec.cat\/secrp\/wp-content\/uploads\/usu2432\/2025\/02\/Joan-i-Helena.png\"><img loading=\"lazy\" decoding=\"async\" width=\"560\" height=\"607\" src=\"https:\/\/projectes.xtec.cat\/secrp\/wp-content\/uploads\/usu2432\/2025\/02\/Joan-i-Helena.png\" alt=\"\" class=\"wp-image-12378\" srcset=\"https:\/\/projectes.xtec.cat\/secrp\/wp-content\/uploads\/usu2432\/2025\/02\/Joan-i-Helena.png 560w, https:\/\/projectes.xtec.cat\/secrp\/wp-content\/uploads\/usu2432\/2025\/02\/Joan-i-Helena-277x300.png 277w\" sizes=\"auto, (max-width: 560px) 100vw, 560px\" \/><\/a><\/figure>\n\n\n\n<p>Ells han explicat com s\u2019assegura la transfer\u00e8ncia per a l\u2019aprenentatge en els centres de la Xarxa de Compet\u00e8ncies. Han parlat d\u2019eines que fan servir a la seva xarxa, de tasques, de lideratge, de pr\u00e0ctica reflexiva, etc.<\/p>\n\n\n\n<figure class=\"wp-block-image size-full is-resized\"><a href=\"https:\/\/projectes.xtec.cat\/secrp\/wp-content\/uploads\/usu2432\/2025\/02\/ordre-del-dia.png\"><img loading=\"lazy\" decoding=\"async\" width=\"515\" height=\"661\" src=\"https:\/\/projectes.xtec.cat\/secrp\/wp-content\/uploads\/usu2432\/2025\/02\/ordre-del-dia.png\" alt=\"\" class=\"wp-image-12360\" style=\"width:471px;height:auto\" srcset=\"https:\/\/projectes.xtec.cat\/secrp\/wp-content\/uploads\/usu2432\/2025\/02\/ordre-del-dia.png 515w, https:\/\/projectes.xtec.cat\/secrp\/wp-content\/uploads\/usu2432\/2025\/02\/ordre-del-dia-234x300.png 234w\" sizes=\"auto, (max-width: 515px) 100vw, 515px\" \/><\/a><\/figure>\n\n\n\n<p><\/p>\n\n\n\n<p>Els assistents s\u2019han organitzat en grups per reflexionar sobre el dest\u00ed que voldria assolir cada xarxa i les diferents eines i suports per arribar-hi.<\/p>\n\n\n\n<figure class=\"wp-block-image size-full is-resized\"><a href=\"https:\/\/projectes.xtec.cat\/secrp\/wp-content\/uploads\/usu2432\/2025\/02\/dinamica-viatge.png\"><img loading=\"lazy\" decoding=\"async\" width=\"951\" height=\"714\" src=\"https:\/\/projectes.xtec.cat\/secrp\/wp-content\/uploads\/usu2432\/2025\/02\/dinamica-viatge.png\" alt=\"\" class=\"wp-image-12368\" style=\"width:573px;height:auto\" srcset=\"https:\/\/projectes.xtec.cat\/secrp\/wp-content\/uploads\/usu2432\/2025\/02\/dinamica-viatge.png 951w, https:\/\/projectes.xtec.cat\/secrp\/wp-content\/uploads\/usu2432\/2025\/02\/dinamica-viatge-300x225.png 300w, https:\/\/projectes.xtec.cat\/secrp\/wp-content\/uploads\/usu2432\/2025\/02\/dinamica-viatge-768x577.png 768w, https:\/\/projectes.xtec.cat\/secrp\/wp-content\/uploads\/usu2432\/2025\/02\/dinamica-viatge-200x150.png 200w\" sizes=\"auto, (max-width: 951px) 100vw, 951px\" \/><\/a><\/figure>\n\n\n\n<p><\/p>\n\n\n\n<p>A continuaci\u00f3 s\u2019han repartit diferents materials entre els diferents grups per facilitar el viatge a trav\u00e9s de la transfer\u00e8ncia per a l\u2019aprenentatge.<\/p>\n\n\n\n<figure class=\"wp-block-image size-full is-resized\"><a href=\"https:\/\/projectes.xtec.cat\/secrp\/wp-content\/uploads\/usu2432\/2025\/02\/Posada-en-comu-Nuria.png\"><img loading=\"lazy\" decoding=\"async\" width=\"653\" height=\"609\" src=\"https:\/\/projectes.xtec.cat\/secrp\/wp-content\/uploads\/usu2432\/2025\/02\/Posada-en-comu-Nuria.png\" alt=\"\" class=\"wp-image-12358\" style=\"width:542px;height:auto\" srcset=\"https:\/\/projectes.xtec.cat\/secrp\/wp-content\/uploads\/usu2432\/2025\/02\/Posada-en-comu-Nuria.png 653w, https:\/\/projectes.xtec.cat\/secrp\/wp-content\/uploads\/usu2432\/2025\/02\/Posada-en-comu-Nuria-300x280.png 300w\" sizes=\"auto, (max-width: 653px) 100vw, 653px\" \/><\/a><\/figure>\n\n\n\n<p><\/p>\n\n\n\n<p>Durant la sessi\u00f3 s&#8217;ha facilitat als assistents una eina per a la recollida d&#8217;aprenentatges i reflexions fetes al llarg de la sessi\u00f3 i en acabar se&#8217;ls ha convidat a INICIAR PR\u00c0CTICA D\u2019OBSERVACI\u00d3 ENTRE IGUALS.<\/p>\n\n\n\n<p><\/p>\n\n\n\n<figure class=\"wp-block-image size-full\"><a href=\"https:\/\/projectes.xtec.cat\/secrp\/wp-content\/uploads\/usu2432\/2024\/11\/DARI-DAPRENENTATGE.png\"><img loading=\"lazy\" decoding=\"async\" width=\"934\" height=\"549\" src=\"https:\/\/projectes.xtec.cat\/secrp\/wp-content\/uploads\/usu2432\/2024\/11\/DARI-DAPRENENTATGE.png\" alt=\"\" class=\"wp-image-12200\" srcset=\"https:\/\/projectes.xtec.cat\/secrp\/wp-content\/uploads\/usu2432\/2024\/11\/DARI-DAPRENENTATGE.png 934w, https:\/\/projectes.xtec.cat\/secrp\/wp-content\/uploads\/usu2432\/2024\/11\/DARI-DAPRENENTATGE-300x176.png 300w, https:\/\/projectes.xtec.cat\/secrp\/wp-content\/uploads\/usu2432\/2024\/11\/DARI-DAPRENENTATGE-768x451.png 768w\" sizes=\"auto, (max-width: 934px) 100vw, 934px\" \/><\/a><\/figure>\n\n\n\n<p><\/p>\n\n\n\n<p>Aqu\u00ed trobareu tots els materials que s\u2019han fet servir durant la sessi\u00f3:<\/p>\n\n\n\n<p><\/p>\n\n\n\n<figure class=\"wp-block-image size-full\"><a href=\"https:\/\/projectes.xtec.cat\/secrp\/wp-content\/uploads\/usu2432\/2025\/02\/informe.png\"><img loading=\"lazy\" decoding=\"async\" width=\"412\" height=\"541\" src=\"https:\/\/projectes.xtec.cat\/secrp\/wp-content\/uploads\/usu2432\/2025\/02\/informe.png\" alt=\"\" class=\"wp-image-12365\" srcset=\"https:\/\/projectes.xtec.cat\/secrp\/wp-content\/uploads\/usu2432\/2025\/02\/informe.png 412w, https:\/\/projectes.xtec.cat\/secrp\/wp-content\/uploads\/usu2432\/2025\/02\/informe-228x300.png 228w\" sizes=\"auto, (max-width: 412px) 100vw, 412px\" \/><\/a><\/figure>\n\n\n\n<p><\/p>\n\n\n\n<p><a href=\"https:\/\/drive.google.com\/file\/d\/1eYLyzr0Vg4tMwErHj81PhWamvJWdMH1Q\/view?usp=sharing\">https:\/\/drive.google.com\/file\/d\/1eYLyzr0Vg4tMwErHj81PhWamvJWdMH1Q\/view?usp=sharing<\/a><\/p>\n\n\n\n<p><\/p>\n\n\n\n<figure class=\"wp-block-image size-full is-resized\"><a href=\"https:\/\/projectes.xtec.cat\/secrp\/wp-content\/uploads\/usu2432\/2025\/02\/Guia-1.png\"><img loading=\"lazy\" decoding=\"async\" width=\"648\" height=\"892\" src=\"https:\/\/projectes.xtec.cat\/secrp\/wp-content\/uploads\/usu2432\/2025\/02\/Guia-1.png\" alt=\"\" class=\"wp-image-12372\" style=\"width:481px;height:auto\" srcset=\"https:\/\/projectes.xtec.cat\/secrp\/wp-content\/uploads\/usu2432\/2025\/02\/Guia-1.png 648w, https:\/\/projectes.xtec.cat\/secrp\/wp-content\/uploads\/usu2432\/2025\/02\/Guia-1-218x300.png 218w\" sizes=\"auto, (max-width: 648px) 100vw, 648px\" \/><\/a><\/figure>\n\n\n\n<p><\/p>\n\n\n\n<p><a href=\"https:\/\/drive.google.com\/file\/d\/1VXbI4C-hgBtwAFzJzCEdMvBd2o-vONl5\/view?usp=sharing\">https:\/\/drive.google.com\/file\/d\/1VXbI4C-hgBtwAFzJzCEdMvBd2o-vONl5\/view?usp=sharing<\/a><\/p>\n\n\n\n<p><\/p>\n\n\n\n<p><\/p>\n\n\n\n<figure class=\"wp-block-image size-full is-resized\"><a href=\"https:\/\/projectes.xtec.cat\/secrp\/wp-content\/uploads\/usu2432\/2025\/02\/Guia-2.png\"><img loading=\"lazy\" decoding=\"async\" width=\"665\" height=\"887\" src=\"https:\/\/projectes.xtec.cat\/secrp\/wp-content\/uploads\/usu2432\/2025\/02\/Guia-2.png\" alt=\"\" class=\"wp-image-12373\" style=\"width:489px;height:auto\" srcset=\"https:\/\/projectes.xtec.cat\/secrp\/wp-content\/uploads\/usu2432\/2025\/02\/Guia-2.png 665w, https:\/\/projectes.xtec.cat\/secrp\/wp-content\/uploads\/usu2432\/2025\/02\/Guia-2-225x300.png 225w\" sizes=\"auto, (max-width: 665px) 100vw, 665px\" \/><\/a><\/figure>\n\n\n\n<p><\/p>\n\n\n\n<p><a href=\"https:\/\/drive.google.com\/file\/d\/1481Mz2TY5vsnZ3scrEfI05tyvdWtvBEe\/view?usp=sharing\">https:\/\/drive.google.com\/file\/d\/1481Mz2TY5vsnZ3scrEfI05tyvdWtvBEe\/view?usp=sharing<\/a><\/p>\n\n\n\n<p><\/p>\n\n\n\n<figure class=\"wp-block-image size-full is-resized\"><a href=\"https:\/\/projectes.xtec.cat\/secrp\/wp-content\/uploads\/usu2432\/2025\/02\/OEI.ppt.png\"><img loading=\"lazy\" decoding=\"async\" width=\"756\" height=\"436\" src=\"https:\/\/projectes.xtec.cat\/secrp\/wp-content\/uploads\/usu2432\/2025\/02\/OEI.ppt.png\" alt=\"\" class=\"wp-image-12380\" style=\"width:523px;height:auto\" srcset=\"https:\/\/projectes.xtec.cat\/secrp\/wp-content\/uploads\/usu2432\/2025\/02\/OEI.ppt.png 756w, https:\/\/projectes.xtec.cat\/secrp\/wp-content\/uploads\/usu2432\/2025\/02\/OEI.ppt-300x173.png 300w\" sizes=\"auto, (max-width: 756px) 100vw, 756px\" \/><\/a><\/figure>\n\n\n\n<p><\/p>\n\n\n\n<p><a href=\"https:\/\/drive.google.com\/file\/d\/11t0m7QnguvWCHVU1nDU5P6UuGvhtLPKH\/view?usp=sharing\">https:\/\/drive.google.com\/file\/d\/11t0m7QnguvWCHVU1nDU5P6UuGvhtLPKH\/view?usp=sharing<\/a><\/p>\n\n\n\n<p><\/p>\n\n\n\n<figure class=\"wp-block-image size-large is-resized\"><a href=\"https:\/\/projectes.xtec.cat\/secrp\/wp-content\/uploads\/usu2432\/2025\/02\/Transfencia-ppt.png\"><img loading=\"lazy\" decoding=\"async\" width=\"1024\" height=\"567\" src=\"https:\/\/projectes.xtec.cat\/secrp\/wp-content\/uploads\/usu2432\/2025\/02\/Transfencia-ppt-1024x567.png\" alt=\"\" class=\"wp-image-12379\" style=\"width:525px;height:auto\" srcset=\"https:\/\/projectes.xtec.cat\/secrp\/wp-content\/uploads\/usu2432\/2025\/02\/Transfencia-ppt-1024x567.png 1024w, https:\/\/projectes.xtec.cat\/secrp\/wp-content\/uploads\/usu2432\/2025\/02\/Transfencia-ppt-300x166.png 300w, https:\/\/projectes.xtec.cat\/secrp\/wp-content\/uploads\/usu2432\/2025\/02\/Transfencia-ppt-768x425.png 768w, https:\/\/projectes.xtec.cat\/secrp\/wp-content\/uploads\/usu2432\/2025\/02\/Transfencia-ppt.png 1056w\" sizes=\"auto, (max-width: 1024px) 100vw, 1024px\" \/><\/a><\/figure>\n\n\n\n<p><\/p>\n\n\n\n<p><a href=\"https:\/\/drive.google.com\/file\/d\/1ds5H85K-UD7B8AEC7C-pO03KdVDqDqcD\/view?usp=sharing\">https:\/\/drive.google.com\/file\/d\/1ds5H85K-UD7B8AEC7C-pO03KdVDqDqcD\/view?usp=sharing<\/a><\/p>\n\n\n\n<p><\/p>\n","protected":false},"excerpt":{"rendered":"<p>Els passats dimarts 4 i 18 de febrer s\u2019han realitzat al Cesire les dues segones sessions formatives del segon trimestre [&hellip;]<\/p>\n","protected":false},"author":1,"featured_media":12453,"comment_status":"open","ping_status":"open","sticky":false,"template":"","format":"standard","meta":{"_bbp_topic_count":0,"_bbp_reply_count":0,"_bbp_total_topic_count":0,"_bbp_total_reply_count":0,"_bbp_voice_count":0,"_bbp_anonymous_reply_count":0,"_bbp_topic_count_hidden":0,"_bbp_reply_count_hidden":0,"_bbp_forum_subforum_count":0,"site-sidebar-layout":"default","site-content-layout":"","ast-site-content-layout":"default","site-content-style":"default","site-sidebar-style":"default","ast-global-header-display":"","ast-banner-title-visibility":"","ast-main-header-display":"","ast-hfb-above-header-display":"","ast-hfb-below-header-display":"","ast-hfb-mobile-header-display":"","site-post-title":"","ast-breadcrumbs-content":"","ast-featured-img":"","footer-sml-layout":"","theme-transparent-header-meta":"","adv-header-id-meta":"","stick-header-meta":"","header-above-stick-meta":"","header-main-stick-meta":"","header-below-stick-meta":"","astra-migrate-meta-layouts":"set","ast-page-background-enabled":"default","ast-page-background-meta":{"desktop":{"background-color":"var(--ast-global-color-4)","background-image":"","background-repeat":"repeat","background-position":"center center","background-size":"auto","background-attachment":"scroll","background-type":"","background-media":"","overlay-type":"","overlay-color":"","overlay-opacity":"","overlay-gradient":""},"tablet":{"background-color":"","background-image":"","background-repeat":"repeat","background-position":"center center","background-size":"auto","background-attachment":"scroll","background-type":"","background-media":"","overlay-type":"","overlay-color":"","overlay-opacity":"","overlay-gradient":""},"mobile":{"background-color":"","background-image":"","background-repeat":"repeat","background-position":"center center","background-size":"auto","background-attachment":"scroll","background-type":"","background-media":"","overlay-type":"","overlay-color":"","overlay-opacity":"","overlay-gradient":""}},"ast-content-background-meta":{"desktop":{"background-color":"var(--ast-global-color-5)","background-image":"","background-repeat":"repeat","background-position":"center center","background-size":"auto","background-attachment":"scroll","background-type":"","background-media":"","overlay-type":"","overlay-color":"","overlay-opacity":"","overlay-gradient":""},"tablet":{"background-color":"var(--ast-global-color-5)","background-image":"","background-repeat":"repeat","background-position":"center center","background-size":"auto","background-attachment":"scroll","background-type":"","background-media":"","overlay-type":"","overlay-color":"","overlay-opacity":"","overlay-gradient":""},"mobile":{"background-color":"var(--ast-global-color-5)","background-image":"","background-repeat":"repeat","background-position":"center center","background-size":"auto","background-attachment":"scroll","background-type":"","background-media":"","overlay-type":"","overlay-color":"","overlay-opacity":"","overlay-gradient":""}},"footnotes":""},"categories":[1,29],"tags":[],"class_list":["post-12355","post","type-post","status-publish","format-standard","has-post-thumbnail","hentry","category-general","category-portada"],"post_mailing_queue_ids":[],"_links":{"self":[{"href":"https:\/\/projectes.xtec.cat\/secrp\/wp-json\/wp\/v2\/posts\/12355","targetHints":{"allow":["GET"]}}],"collection":[{"href":"https:\/\/projectes.xtec.cat\/secrp\/wp-json\/wp\/v2\/posts"}],"about":[{"href":"https:\/\/projectes.xtec.cat\/secrp\/wp-json\/wp\/v2\/types\/post"}],"author":[{"embeddable":true,"href":"https:\/\/projectes.xtec.cat\/secrp\/wp-json\/wp\/v2\/users\/1"}],"replies":[{"embeddable":true,"href":"https:\/\/projectes.xtec.cat\/secrp\/wp-json\/wp\/v2\/comments?post=12355"}],"version-history":[{"count":6,"href":"https:\/\/projectes.xtec.cat\/secrp\/wp-json\/wp\/v2\/posts\/12355\/revisions"}],"predecessor-version":[{"id":12454,"href":"https:\/\/projectes.xtec.cat\/secrp\/wp-json\/wp\/v2\/posts\/12355\/revisions\/12454"}],"wp:featuredmedia":[{"embeddable":true,"href":"https:\/\/projectes.xtec.cat\/secrp\/wp-json\/wp\/v2\/media\/12453"}],"wp:attachment":[{"href":"https:\/\/projectes.xtec.cat\/secrp\/wp-json\/wp\/v2\/media?parent=12355"}],"wp:term":[{"taxonomy":"category","embeddable":true,"href":"https:\/\/projectes.xtec.cat\/secrp\/wp-json\/wp\/v2\/categories?post=12355"},{"taxonomy":"post_tag","embeddable":true,"href":"https:\/\/projectes.xtec.cat\/secrp\/wp-json\/wp\/v2\/tags?post=12355"}],"curies":[{"name":"wp","href":"https:\/\/api.w.org\/{rel}","templated":true}]}}