{"id":12496,"date":"2025-04-11T10:29:36","date_gmt":"2025-04-11T08:29:36","guid":{"rendered":"https:\/\/projectes.xtec.cat\/secrp\/?p=12496"},"modified":"2025-04-11T10:33:28","modified_gmt":"2025-04-11T08:33:28","slug":"jornada-dels-crp-2025-acompanyant-la-millora-educativa","status":"publish","type":"post","link":"https:\/\/projectes.xtec.cat\/secrp\/general\/jornada-dels-crp-2025-acompanyant-la-millora-educativa\/","title":{"rendered":"Jornada dels CRP 2025 Acompanyant la millora educativa"},"content":{"rendered":"\n<p><strong>Participaci\u00f3<\/strong><\/p>\n\n\n\n<p>L\u2019esdeveniment va ser a Cerdanyola del Vall\u00e8s el dia 1 d\u2019abril de 2025; una jornada adre\u00e7ada als equips professionals de CRP, que va aplegar unes 250 persones. El prop\u00f2sit era proporcionar un espai per a la reflexi\u00f3 i el di\u00e0leg per tal de compartir pr\u00e0ctiques de refer\u00e8ncia relacionades amb les seves funcions priorit\u00e0ries, i tamb\u00e9 per proveir-los d\u2019eines d\u2019acompanyament als centres educatives en la millora educativa.<\/p>\n\n\n\n<p><strong>Programa<\/strong><\/p>\n\n\n\n<figure class=\"wp-block-image alignleft size-full is-resized\"><a href=\"https:\/\/projectes.xtec.cat\/secrp\/wp-content\/uploads\/usu2432\/2025\/04\/programa-jornades-CRP.jpg\"><img loading=\"lazy\" decoding=\"async\" width=\"680\" height=\"960\" src=\"https:\/\/projectes.xtec.cat\/secrp\/wp-content\/uploads\/usu2432\/2025\/04\/programa-jornades-CRP.jpg\" alt=\"\" class=\"wp-image-12497\" style=\"width:438px;height:auto\" srcset=\"https:\/\/projectes.xtec.cat\/secrp\/wp-content\/uploads\/usu2432\/2025\/04\/programa-jornades-CRP.jpg 680w, https:\/\/projectes.xtec.cat\/secrp\/wp-content\/uploads\/usu2432\/2025\/04\/programa-jornades-CRP-213x300.jpg 213w\" sizes=\"auto, (max-width: 680px) 100vw, 680px\" \/><\/a><\/figure>\n\n\n\n<p><\/p>\n\n\n\n<p><\/p>\n\n\n\n<p><\/p>\n\n\n\n<p><\/p>\n\n\n\n<p><\/p>\n\n\n\n<p><\/p>\n\n\n\n<p><\/p>\n\n\n\n<p><\/p>\n\n\n\n<p><\/p>\n\n\n\n<p><\/p>\n\n\n\n<div style=\"height:46px\" aria-hidden=\"true\" class=\"wp-block-spacer\"><\/div>\n\n\n\n<p><strong>Benvinguda<\/strong><\/p>\n\n\n\n<figure class=\"wp-block-image alignleft size-full is-resized\"><a href=\"https:\/\/projectes.xtec.cat\/secrp\/wp-content\/uploads\/usu2432\/2025\/04\/Manela.jpg\"><img loading=\"lazy\" decoding=\"async\" width=\"771\" height=\"791\" src=\"https:\/\/projectes.xtec.cat\/secrp\/wp-content\/uploads\/usu2432\/2025\/04\/Manela.jpg\" alt=\"\" class=\"wp-image-12505\" style=\"width:436px;height:auto\" srcset=\"https:\/\/projectes.xtec.cat\/secrp\/wp-content\/uploads\/usu2432\/2025\/04\/Manela.jpg 771w, https:\/\/projectes.xtec.cat\/secrp\/wp-content\/uploads\/usu2432\/2025\/04\/Manela-292x300.jpg 292w, https:\/\/projectes.xtec.cat\/secrp\/wp-content\/uploads\/usu2432\/2025\/04\/Manela-768x788.jpg 768w\" sizes=\"auto, (max-width: 771px) 100vw, 771px\" \/><\/a><\/figure>\n\n\n\n<div style=\"height:40px\" aria-hidden=\"true\" class=\"wp-block-spacer\"><\/div>\n\n\n\n<p>La benvinguda va anar a c\u00e0rrec de la Sra. Manela Hern\u00e1ndez com a assessora responsable del Servei de Xarxes i Serveis educatius en representaci\u00f3 del Sr. Jes\u00fas Moral subdirector general  d\u2019Innovaci\u00f3 i Formaci\u00f3.<\/p>\n\n\n\n<p><strong>Confer\u00e8ncia inaugural: El lideratge des del centre del sistema<\/strong><\/p>\n\n\n\n<figure class=\"wp-block-image alignleft size-full is-resized\"><a href=\"https:\/\/projectes.xtec.cat\/secrp\/wp-content\/uploads\/usu2432\/2025\/04\/Mireia-Tintore.jpg\"><img loading=\"lazy\" decoding=\"async\" width=\"521\" height=\"792\" src=\"https:\/\/projectes.xtec.cat\/secrp\/wp-content\/uploads\/usu2432\/2025\/04\/Mireia-Tintore.jpg\" alt=\"\" class=\"wp-image-12507\" style=\"width:439px;height:auto\" srcset=\"https:\/\/projectes.xtec.cat\/secrp\/wp-content\/uploads\/usu2432\/2025\/04\/Mireia-Tintore.jpg 521w, https:\/\/projectes.xtec.cat\/secrp\/wp-content\/uploads\/usu2432\/2025\/04\/Mireia-Tintore-197x300.jpg 197w\" sizes=\"auto, (max-width: 521px) 100vw, 521px\" \/><\/a><\/figure>\n\n\n\n<p><\/p>\n\n\n\n<p><\/p>\n\n\n\n<p><\/p>\n\n\n\n<p><\/p>\n\n\n\n<p><\/p>\n\n\n\n<p><\/p>\n\n\n\n<p><\/p>\n\n\n\n<p><\/p>\n\n\n\n<div style=\"height:40px\" aria-hidden=\"true\" class=\"wp-block-spacer\"><\/div>\n\n\n\n<p>Durant la confer\u00e8ncia inaugural, la Dra. Mireia Tintor\u00e9 va destacar alguns aspectes fonamentals del lideratge intermedi:<\/p>\n\n\n\n<ul class=\"wp-block-list\">\n<li>Els que passa als centres educatius \u00e9s equivalent al que passa al centre del sistema.<\/li>\n\n\n\n<li>L\u2019objectiu del lideratge ha de ser sempre la millora educativa.<\/li>\n\n\n\n<li>L\u2019acompanyament del territori ha de ser el motor de la millora.<\/li>\n<\/ul>\n\n\n\n<p>Va proporcionar als professionals elements clau per realitzar aquest acompanyament:<\/p>\n\n\n\n<ul class=\"wp-block-list\">\n<li>Generar condicions per a la millora del conjunt d\u2019escoles del territori.<\/li>\n\n\n\n<li>Creaci\u00f3 d\u2019un ecosistema de suport.<\/li>\n\n\n\n<li>Un paper fonamental en la distribuci\u00f3 de recursos del sistema.<\/li>\n\n\n\n<li>Perfeccionar l\u2019ensenyament-aprenentatge.<\/li>\n<\/ul>\n\n\n\n<p>I va especificar algunes de les accions a realitzar:<\/p>\n\n\n\n<ul class=\"wp-block-list\">\n<li>Visi\u00f3 compartida.<\/li>\n\n\n\n<li>Desenvolupament professional.<\/li>\n\n\n\n<li>Reflexi\u00f3 pedag\u00f2gica.<\/li>\n\n\n\n<li>Pr\u00e0ctica basada en evid\u00e8ncies.<\/li>\n\n\n\n<li>Articular el territori.<\/li>\n\n\n\n<li>Mobilitzaci\u00f3 efica\u00e7 dels recursos.<\/li>\n<\/ul>\n\n\n\n<p><strong>Taula rodona: Estrat\u00e8gies i aliances per a la millora educativa<\/strong><\/p>\n\n\n\n<figure class=\"wp-block-image size-full is-resized\"><a href=\"https:\/\/projectes.xtec.cat\/secrp\/wp-content\/uploads\/usu2432\/2025\/04\/Taula-rodona.jpg\"><img loading=\"lazy\" decoding=\"async\" width=\"978\" height=\"788\" src=\"https:\/\/projectes.xtec.cat\/secrp\/wp-content\/uploads\/usu2432\/2025\/04\/Taula-rodona.jpg\" alt=\"\" class=\"wp-image-12508\" style=\"width:561px;height:auto\" srcset=\"https:\/\/projectes.xtec.cat\/secrp\/wp-content\/uploads\/usu2432\/2025\/04\/Taula-rodona.jpg 978w, https:\/\/projectes.xtec.cat\/secrp\/wp-content\/uploads\/usu2432\/2025\/04\/Taula-rodona-300x242.jpg 300w, https:\/\/projectes.xtec.cat\/secrp\/wp-content\/uploads\/usu2432\/2025\/04\/Taula-rodona-768x619.jpg 768w\" sizes=\"auto, (max-width: 978px) 100vw, 978px\" \/><\/a><\/figure>\n\n\n\n<div style=\"height:45px\" aria-hidden=\"true\" class=\"wp-block-spacer\"><\/div>\n\n\n\n<p>La taula rodona, moderada pel Sr. Marc Pe\u00f1arroya, cap d\u2019\u00c0rea Coordinaci\u00f3 i Planificaci\u00f3 Escolar a la Catalunya Central, estava integrada per:<\/p>\n\n\n\n<p>&#8211; Sra. Saray G\u00f3mez, directora del Servei Territorial a la Catalunya Central.<\/p>\n\n\n\n<p>&#8211; Sr. Francesc Mart\u00edn, director de l\u2019escola Sant Jordi, de Vilanova i la Geltr\u00fa.<\/p>\n\n\n\n<p>&#8211; Sra. Merc\u00e8 Montan\u00e9, cap d\u2019inspecci\u00f3 a la Subdirecci\u00f3 General de la Inspecci\u00f3 d\u2019Educaci\u00f3.<\/p>\n\n\n\n<p>&#8211; Sr. Josep Maria Mora, Coordinador dels Serveis Educatius al Servei Territorial a l\u2019Alt Pirineu i Aran.<\/p>\n\n\n\n<p>Es va parlar de les possibles estrat\u00e8gies i aliances per a la millora educativa des de diferents punts de vista:<\/p>\n\n\n\n<ul class=\"wp-block-list\">\n<li>Detecci\u00f3 de necessitats als CE<\/li>\n\n\n\n<li>Evid\u00e8ncies i dades compartides<\/li>\n\n\n\n<li>Confian\u00e7a i visibilitat amb la comunitat educativa<\/li>\n\n\n\n<li>Exc\u00e9s d\u2019oferta vs. manca de temps<\/li>\n<\/ul>\n\n\n\n<p><strong>Espais de trobada<\/strong><\/p>\n\n\n\n<figure class=\"wp-block-image alignleft size-large is-resized\"><a href=\"https:\/\/projectes.xtec.cat\/secrp\/wp-content\/uploads\/usu2432\/2025\/04\/Espais-de-trobada.jpg\"><img loading=\"lazy\" decoding=\"async\" width=\"617\" height=\"1024\" src=\"https:\/\/projectes.xtec.cat\/secrp\/wp-content\/uploads\/usu2432\/2025\/04\/Espais-de-trobada-617x1024.jpg\" alt=\"\" class=\"wp-image-12499\" style=\"width:367px;height:auto\" srcset=\"https:\/\/projectes.xtec.cat\/secrp\/wp-content\/uploads\/usu2432\/2025\/04\/Espais-de-trobada-617x1024.jpg 617w, https:\/\/projectes.xtec.cat\/secrp\/wp-content\/uploads\/usu2432\/2025\/04\/Espais-de-trobada-181x300.jpg 181w, https:\/\/projectes.xtec.cat\/secrp\/wp-content\/uploads\/usu2432\/2025\/04\/Espais-de-trobada-768x1274.jpg 768w, https:\/\/projectes.xtec.cat\/secrp\/wp-content\/uploads\/usu2432\/2025\/04\/Espais-de-trobada-926x1536.jpg 926w, https:\/\/projectes.xtec.cat\/secrp\/wp-content\/uploads\/usu2432\/2025\/04\/Espais-de-trobada-1234x2048.jpg 1234w, https:\/\/projectes.xtec.cat\/secrp\/wp-content\/uploads\/usu2432\/2025\/04\/Espais-de-trobada.jpg 1289w\" sizes=\"auto, (max-width: 617px) 100vw, 617px\" \/><\/a><\/figure>\n\n\n\n<p><\/p>\n\n\n\n<p><\/p>\n\n\n\n<p><\/p>\n\n\n\n<p><\/p>\n\n\n\n<p><\/p>\n\n\n\n<p><\/p>\n\n\n\n<p><\/p>\n\n\n\n<p><\/p>\n\n\n\n<p><\/p>\n\n\n\n<p><\/p>\n\n\n\n<p><\/p>\n\n\n\n<div style=\"height:48px\" aria-hidden=\"true\" class=\"wp-block-spacer\"><\/div>\n\n\n\n<p>Durant la tarda es van compartir vuit experi\u00e8ncies d\u2019acompanyament a centre liderades per vuit CRP del territori. A partir d\u2019aquestes bones pr\u00e0ctiques es van\u00a0 dinamitzar uns espais de cocreaci\u00f3 d\u2019idees sobre com exercir un bon rol de lideratge des dels CRP partint del prop\u00f2sit, la innovaci\u00f3, la governan\u00e7a i la sostenibilitat.<\/p>\n\n\n\n<div class=\"wp-block-buttons is-layout-flex wp-block-buttons-is-layout-flex\">\n<div class=\"wp-block-button\"><a class=\"wp-block-button__link wp-element-button\" href=\"https:\/\/drive.google.com\/drive\/folders\/1nzHx5KohSZC-EM6xLNdDGFSy2Epp_HaE?usp=drive_link\"><strong>Presentacions<\/strong><\/a><\/div>\n<\/div>\n\n\n\n<div style=\"height:54px\" aria-hidden=\"true\" class=\"wp-block-spacer\"><\/div>\n\n\n\n<p><strong>Conclusions dels Espais de trobada<\/strong><\/p>\n\n\n\n<figure class=\"wp-block-image size-large is-resized\"><a href=\"https:\/\/projectes.xtec.cat\/secrp\/wp-content\/uploads\/usu2432\/2025\/04\/conclusions-experiencies-crp.jpg\"><img loading=\"lazy\" decoding=\"async\" width=\"1024\" height=\"768\" src=\"https:\/\/projectes.xtec.cat\/secrp\/wp-content\/uploads\/usu2432\/2025\/04\/conclusions-experiencies-crp-1024x768.jpg\" alt=\"\" class=\"wp-image-12509\" style=\"width:503px;height:auto\" srcset=\"https:\/\/projectes.xtec.cat\/secrp\/wp-content\/uploads\/usu2432\/2025\/04\/conclusions-experiencies-crp-1024x768.jpg 1024w, https:\/\/projectes.xtec.cat\/secrp\/wp-content\/uploads\/usu2432\/2025\/04\/conclusions-experiencies-crp-300x225.jpg 300w, https:\/\/projectes.xtec.cat\/secrp\/wp-content\/uploads\/usu2432\/2025\/04\/conclusions-experiencies-crp-768x576.jpg 768w, https:\/\/projectes.xtec.cat\/secrp\/wp-content\/uploads\/usu2432\/2025\/04\/conclusions-experiencies-crp.jpg 1053w\" sizes=\"auto, (max-width: 1024px) 100vw, 1024px\" \/><\/a><\/figure>\n\n\n\n<div style=\"height:48px\" aria-hidden=\"true\" class=\"wp-block-spacer\"><\/div>\n\n\n\n<p>A continuaci\u00f3 els participants en els espais de trobada van relatar a l\u2019auditori les idees que s\u2019havien escollit com a m\u00e9s rellevants i que havien anotat a uns daus.<\/p>\n\n\n\n<p><strong>Cloenda<\/strong><\/p>\n\n\n\n<figure class=\"wp-block-image alignleft size-full is-resized\"><a href=\"https:\/\/projectes.xtec.cat\/secrp\/wp-content\/uploads\/usu2432\/2025\/04\/Merce-Andreu.jpg\"><img loading=\"lazy\" decoding=\"async\" width=\"680\" height=\"796\" src=\"https:\/\/projectes.xtec.cat\/secrp\/wp-content\/uploads\/usu2432\/2025\/04\/Merce-Andreu.jpg\" alt=\"\" class=\"wp-image-12510\" style=\"width:418px;height:auto\" srcset=\"https:\/\/projectes.xtec.cat\/secrp\/wp-content\/uploads\/usu2432\/2025\/04\/Merce-Andreu.jpg 680w, https:\/\/projectes.xtec.cat\/secrp\/wp-content\/uploads\/usu2432\/2025\/04\/Merce-Andreu-256x300.jpg 256w\" sizes=\"auto, (max-width: 680px) 100vw, 680px\" \/><\/a><\/figure>\n\n\n\n<div style=\"height:34px\" aria-hidden=\"true\" class=\"wp-block-spacer\"><\/div>\n\n\n\n<p>Per tancar l\u2019acte, la Sra. Merc\u00e8 Andreu, directora general d&#8217;Innovaci\u00f3, Digitalitzaci\u00f3 i Curr\u00edculum va dir unes paraules d\u2019agra\u00efment a la feina feta di\u00e0riament pels professionals dels CRP. Va ressaltar el lideratge que exerceixen aquests professionals tot remarcant la necess\u00e0ria confian\u00e7a i el treball col\u00b7laboratiu, servint d\u2019inspiraci\u00f3, suport i guia als docents en la seva tasca. Els va animar a continuar fent intercanvi d\u2019experi\u00e8ncies i bones pr\u00e0ctiques. Ens va recordar la import\u00e0ncia dels ecosistemes educatius locals abans de les seves paraules de comiat.<\/p>\n","protected":false},"excerpt":{"rendered":"<p>Participaci\u00f3 L\u2019esdeveniment va ser a Cerdanyola del Vall\u00e8s el dia 1 d\u2019abril de 2025; una jornada adre\u00e7ada als equips professionals [&hellip;]<\/p>\n","protected":false},"author":1,"featured_media":12483,"comment_status":"open","ping_status":"open","sticky":false,"template":"","format":"standard","meta":{"_bbp_topic_count":0,"_bbp_reply_count":0,"_bbp_total_topic_count":0,"_bbp_total_reply_count":0,"_bbp_voice_count":0,"_bbp_anonymous_reply_count":0,"_bbp_topic_count_hidden":0,"_bbp_reply_count_hidden":0,"_bbp_forum_subforum_count":0,"site-sidebar-layout":"default","site-content-layout":"","ast-site-content-layout":"default","site-content-style":"default","site-sidebar-style":"default","ast-global-header-display":"","ast-banner-title-visibility":"","ast-main-header-display":"","ast-hfb-above-header-display":"","ast-hfb-below-header-display":"","ast-hfb-mobile-header-display":"","site-post-title":"","ast-breadcrumbs-content":"","ast-featured-img":"","footer-sml-layout":"","theme-transparent-header-meta":"","adv-header-id-meta":"","stick-header-meta":"","header-above-stick-meta":"","header-main-stick-meta":"","header-below-stick-meta":"","astra-migrate-meta-layouts":"set","ast-page-background-enabled":"default","ast-page-background-meta":{"desktop":{"background-color":"var(--ast-global-color-4)","background-image":"","background-repeat":"repeat","background-position":"center center","background-size":"auto","background-attachment":"scroll","background-type":"","background-media":"","overlay-type":"","overlay-color":"","overlay-opacity":"","overlay-gradient":""},"tablet":{"background-color":"","background-image":"","background-repeat":"repeat","background-position":"center center","background-size":"auto","background-attachment":"scroll","background-type":"","background-media":"","overlay-type":"","overlay-color":"","overlay-opacity":"","overlay-gradient":""},"mobile":{"background-color":"","background-image":"","background-repeat":"repeat","background-position":"center center","background-size":"auto","background-attachment":"scroll","background-type":"","background-media":"","overlay-type":"","overlay-color":"","overlay-opacity":"","overlay-gradient":""}},"ast-content-background-meta":{"desktop":{"background-color":"var(--ast-global-color-5)","background-image":"","background-repeat":"repeat","background-position":"center center","background-size":"auto","background-attachment":"scroll","background-type":"","background-media":"","overlay-type":"","overlay-color":"","overlay-opacity":"","overlay-gradient":""},"tablet":{"background-color":"var(--ast-global-color-5)","background-image":"","background-repeat":"repeat","background-position":"center center","background-size":"auto","background-attachment":"scroll","background-type":"","background-media":"","overlay-type":"","overlay-color":"","overlay-opacity":"","overlay-gradient":""},"mobile":{"background-color":"var(--ast-global-color-5)","background-image":"","background-repeat":"repeat","background-position":"center center","background-size":"auto","background-attachment":"scroll","background-type":"","background-media":"","overlay-type":"","overlay-color":"","overlay-opacity":"","overlay-gradient":""}},"footnotes":""},"categories":[154,1,384,29],"tags":[],"class_list":["post-12496","post","type-post","status-publish","format-standard","has-post-thumbnail","hentry","category-formacio","category-general","category-jornada-serveis-educatius","category-portada"],"post_mailing_queue_ids":[],"_links":{"self":[{"href":"https:\/\/projectes.xtec.cat\/secrp\/wp-json\/wp\/v2\/posts\/12496","targetHints":{"allow":["GET"]}}],"collection":[{"href":"https:\/\/projectes.xtec.cat\/secrp\/wp-json\/wp\/v2\/posts"}],"about":[{"href":"https:\/\/projectes.xtec.cat\/secrp\/wp-json\/wp\/v2\/types\/post"}],"author":[{"embeddable":true,"href":"https:\/\/projectes.xtec.cat\/secrp\/wp-json\/wp\/v2\/users\/1"}],"replies":[{"embeddable":true,"href":"https:\/\/projectes.xtec.cat\/secrp\/wp-json\/wp\/v2\/comments?post=12496"}],"version-history":[{"count":6,"href":"https:\/\/projectes.xtec.cat\/secrp\/wp-json\/wp\/v2\/posts\/12496\/revisions"}],"predecessor-version":[{"id":12512,"href":"https:\/\/projectes.xtec.cat\/secrp\/wp-json\/wp\/v2\/posts\/12496\/revisions\/12512"}],"wp:featuredmedia":[{"embeddable":true,"href":"https:\/\/projectes.xtec.cat\/secrp\/wp-json\/wp\/v2\/media\/12483"}],"wp:attachment":[{"href":"https:\/\/projectes.xtec.cat\/secrp\/wp-json\/wp\/v2\/media?parent=12496"}],"wp:term":[{"taxonomy":"category","embeddable":true,"href":"https:\/\/projectes.xtec.cat\/secrp\/wp-json\/wp\/v2\/categories?post=12496"},{"taxonomy":"post_tag","embeddable":true,"href":"https:\/\/projectes.xtec.cat\/secrp\/wp-json\/wp\/v2\/tags?post=12496"}],"curies":[{"name":"wp","href":"https:\/\/api.w.org\/{rel}","templated":true}]}}