{"id":9615,"date":"2021-05-10T08:45:36","date_gmt":"2021-05-10T06:45:36","guid":{"rendered":"https:\/\/projectes.xtec.cat\/secrp\/?p=9615"},"modified":"2021-06-18T06:43:01","modified_gmt":"2021-06-18T04:43:01","slug":"2021-any-joan-triadu-i-font","status":"publish","type":"post","link":"https:\/\/projectes.xtec.cat\/secrp\/portada\/2021-any-joan-triadu-i-font\/","title":{"rendered":"2021, Any Joan Triad\u00fa i Font"},"content":{"rendered":"<p style=\"text-align: center;\"><b><i>Confer\u00e8ncia: \u201cJoan Triad\u00fa i Font, la formaci\u00f3 al servei de la (re)construcci\u00f3 d\u2019un pa\u00eds\u201d<\/i><\/b><\/p>\n<p><b><br \/>\n<a href=\"https:\/\/projectes.xtec.cat\/secrp\/wp-content\/uploads\/usu2432\/2021\/05\/Confere\u0300ncia-Any-Triadu\u0301-2.jpeg\"><img loading=\"lazy\" decoding=\"async\" class=\"wp-image-9618 aligncenter\" src=\"https:\/\/projectes.xtec.cat\/secrp\/wp-content\/uploads\/usu2432\/2021\/05\/Confere\u0300ncia-Any-Triadu\u0301-2.jpeg\" alt=\"\" width=\"367\" height=\"206\" srcset=\"https:\/\/projectes.xtec.cat\/secrp\/wp-content\/uploads\/usu2432\/2021\/05\/Confere\u0300ncia-Any-Triadu\u0301-2.jpeg 960w, https:\/\/projectes.xtec.cat\/secrp\/wp-content\/uploads\/usu2432\/2021\/05\/Confere\u0300ncia-Any-Triadu\u0301-2-300x169.jpeg 300w, https:\/\/projectes.xtec.cat\/secrp\/wp-content\/uploads\/usu2432\/2021\/05\/Confere\u0300ncia-Any-Triadu\u0301-2-768x432.jpeg 768w\" sizes=\"auto, (max-width: 367px) 100vw, 367px\" \/><\/a><\/b><\/p>\n<p><span style=\"font-weight: 400;\">El passat dimarts, 4 de maig vam commemorar amb motiu de l&#8217;Any Triad\u00fa la confer\u00e8ncia <b><i>\u201cJoan Triad\u00fa i Font, la formaci\u00f3 al servei de la (re)construcci\u00f3 d\u2019un pa\u00eds\u201d<\/i><\/b> amb un dels objectius d&#8217;aquest curs, potenciar durant aquest 2021 l\u2019efem\u00e8ride dels 100 anys del naixement de Joan Triad\u00fa i Font que fou, escriptor, cr\u00edtic literari i pedagog catal\u00e0 amb el prop\u00f2sit de posar en relleu, recuperar i divulgar la mem\u00f2ria d\u2019esdeveniments i la personalitat d\u2019en Joan Triad\u00fa aix\u00ed com saber transmetre la figura d\u2019en Joan Triad\u00fa als alumnes.\u00a0\u00a0<\/span><\/p>\n<p><span style=\"font-weight: 400;\">Volem agrair al <a href=\"https:\/\/serveiseducatius.xtec.cat\/tarragones\/general\/conferencia-2021-any-joan-triadu-i-font-la-formacio-al-servei-de-la-reconstruccio-dun-pais\/\">Centre de Recursos del Tarragon\u00e8s<\/a> la seva iniciativa i col\u00b7laboraci\u00f3 a aquesta confer\u00e8ncia, tamb\u00e9 volem donar el<\/span><span style=\"font-weight: 400;\"> reconeixement a les persones dels CRP que formeu part del <a href=\"https:\/\/serveiseducatius.xtec.cat\/bdrlectura\/categoria\/any-joan-triadu\/\">grup de treball banc de recursos: la lectura, font de plaer i de coneixement<\/a>, per la coorganitzaci\u00f3 d\u2019aquesta confer\u00e8ncia en col\u00b7laboraci\u00f3 amb la Direcci\u00f3 General d\u2019Innovaci\u00f3, Recerca i Cultura Digital i agrair molt sincerament<\/span><span style=\"font-weight: 400;\"> la pres\u00e8ncia en directe d\u2019en <\/span><a href=\"https:\/\/ca.wikipedia.org\/wiki\/Joan_Mart%C3%AD_i_Castell\"><span style=\"font-weight: 400;\">Joan Mart\u00ed i Castell<\/span><\/a><span style=\"font-weight: 400;\">, Catedr\u00e0tic em\u00e8rit de la Universitat Rovira i Virgili de Tarragona, Membre em\u00e8rit de l\u2019Institut d\u2019Estudis Catalans i Membre numerari de la Reial Acad\u00e8mia de Bones Lletres de Barcelona que des de la seva expertesa i tamb\u00e9 des de la seva amistat amb Joan Triad\u00fa ens conduir\u00e0 i endinsar\u00e0 amb enginy en la figura d\u2019en Joan Triad\u00fa i Font. <\/span><span style=\"font-weight: 400;\">El nostre agra\u00efment tamb\u00e9 a la gran tasca realitzada pel comissari de l\u2019Any, <a href=\"https:\/\/ca.wikipedia.org\/wiki\/Joan_Josep_Isern\">Joan Josep Isern<\/a>.\u00a0<\/span><\/p>\n<p>Us compartim l&#8217;enlla\u00e7 de la confer\u00e8ncia: <a href=\"https:\/\/youtu.be\/keiZZJRvBVI\" data-saferedirecturl=\"https:\/\/www.google.com\/url?q=https:\/\/youtu.be\/keiZZJRvBVI&amp;source=gmail&amp;ust=1620370194248000&amp;usg=AFQjCNFOJpJ-YifqimRdAimxaYkuKo7R7g\">https:\/\/youtu.be\/keiZZJRvBVI<\/a><\/p>\n","protected":false},"excerpt":{"rendered":"<p>Confer\u00e8ncia: &#8220;Joan Triad\u00fa i Font, la formaci\u00f3 al servei de la (re)construcci\u00f3 d&#8217;un pa\u00eds<\/p>\n","protected":false},"author":1,"featured_media":9616,"comment_status":"closed","ping_status":"closed","sticky":false,"template":"","format":"standard","meta":{"_bbp_topic_count":0,"_bbp_reply_count":0,"_bbp_total_topic_count":0,"_bbp_total_reply_count":0,"_bbp_voice_count":0,"_bbp_anonymous_reply_count":0,"_bbp_topic_count_hidden":0,"_bbp_reply_count_hidden":0,"_bbp_forum_subforum_count":0,"site-sidebar-layout":"default","site-content-layout":"","ast-site-content-layout":"","site-content-style":"default","site-sidebar-style":"default","ast-global-header-display":"","ast-banner-title-visibility":"","ast-main-header-display":"","ast-hfb-above-header-display":"","ast-hfb-below-header-display":"","ast-hfb-mobile-header-display":"","site-post-title":"","ast-breadcrumbs-content":"","ast-featured-img":"","footer-sml-layout":"","theme-transparent-header-meta":"","adv-header-id-meta":"","stick-header-meta":"","header-above-stick-meta":"","header-main-stick-meta":"","header-below-stick-meta":"","astra-migrate-meta-layouts":"default","ast-page-background-enabled":"default","ast-page-background-meta":{"desktop":{"background-color":"var(--ast-global-color-4)","background-image":"","background-repeat":"repeat","background-position":"center center","background-size":"auto","background-attachment":"scroll","background-type":"","background-media":"","overlay-type":"","overlay-color":"","overlay-opacity":"","overlay-gradient":""},"tablet":{"background-color":"","background-image":"","background-repeat":"repeat","background-position":"center center","background-size":"auto","background-attachment":"scroll","background-type":"","background-media":"","overlay-type":"","overlay-color":"","overlay-opacity":"","overlay-gradient":""},"mobile":{"background-color":"","background-image":"","background-repeat":"repeat","background-position":"center center","background-size":"auto","background-attachment":"scroll","background-type":"","background-media":"","overlay-type":"","overlay-color":"","overlay-opacity":"","overlay-gradient":""}},"ast-content-background-meta":{"desktop":{"background-color":"var(--ast-global-color-5)","background-image":"","background-repeat":"repeat","background-position":"center center","background-size":"auto","background-attachment":"scroll","background-type":"","background-media":"","overlay-type":"","overlay-color":"","overlay-opacity":"","overlay-gradient":""},"tablet":{"background-color":"var(--ast-global-color-5)","background-image":"","background-repeat":"repeat","background-position":"center center","background-size":"auto","background-attachment":"scroll","background-type":"","background-media":"","overlay-type":"","overlay-color":"","overlay-opacity":"","overlay-gradient":""},"mobile":{"background-color":"var(--ast-global-color-5)","background-image":"","background-repeat":"repeat","background-position":"center center","background-size":"auto","background-attachment":"scroll","background-type":"","background-media":"","overlay-type":"","overlay-color":"","overlay-opacity":"","overlay-gradient":""}},"footnotes":""},"categories":[330,29],"tags":[353,379],"class_list":["post-9615","post","type-post","status-publish","format-standard","has-post-thumbnail","hentry","category-biblioteca-escolar","category-portada","tag-any-triadu","tag-grup-de-treball-bdr"],"post_mailing_queue_ids":[],"_links":{"self":[{"href":"https:\/\/projectes.xtec.cat\/secrp\/wp-json\/wp\/v2\/posts\/9615","targetHints":{"allow":["GET"]}}],"collection":[{"href":"https:\/\/projectes.xtec.cat\/secrp\/wp-json\/wp\/v2\/posts"}],"about":[{"href":"https:\/\/projectes.xtec.cat\/secrp\/wp-json\/wp\/v2\/types\/post"}],"author":[{"embeddable":true,"href":"https:\/\/projectes.xtec.cat\/secrp\/wp-json\/wp\/v2\/users\/1"}],"replies":[{"embeddable":true,"href":"https:\/\/projectes.xtec.cat\/secrp\/wp-json\/wp\/v2\/comments?post=9615"}],"version-history":[{"count":3,"href":"https:\/\/projectes.xtec.cat\/secrp\/wp-json\/wp\/v2\/posts\/9615\/revisions"}],"predecessor-version":[{"id":9622,"href":"https:\/\/projectes.xtec.cat\/secrp\/wp-json\/wp\/v2\/posts\/9615\/revisions\/9622"}],"wp:featuredmedia":[{"embeddable":true,"href":"https:\/\/projectes.xtec.cat\/secrp\/wp-json\/wp\/v2\/media\/9616"}],"wp:attachment":[{"href":"https:\/\/projectes.xtec.cat\/secrp\/wp-json\/wp\/v2\/media?parent=9615"}],"wp:term":[{"taxonomy":"category","embeddable":true,"href":"https:\/\/projectes.xtec.cat\/secrp\/wp-json\/wp\/v2\/categories?post=9615"},{"taxonomy":"post_tag","embeddable":true,"href":"https:\/\/projectes.xtec.cat\/secrp\/wp-json\/wp\/v2\/tags?post=9615"}],"curies":[{"name":"wp","href":"https:\/\/api.w.org\/{rel}","templated":true}]}}