{"id":9743,"date":"2021-06-07T17:36:54","date_gmt":"2021-06-07T15:36:54","guid":{"rendered":"https:\/\/projectes.xtec.cat\/secrp\/?p=9743"},"modified":"2022-03-14T18:02:42","modified_gmt":"2022-03-14T17:02:42","slug":"pla-de-transformacio-educativa-de-centre","status":"publish","type":"post","link":"https:\/\/projectes.xtec.cat\/secrp\/general\/pla-de-transformacio-educativa-de-centre\/","title":{"rendered":"Pla de (Trans)Formaci\u00f3 educativa de centre"},"content":{"rendered":"<p style=\"text-align: left;\"><a href=\"https:\/\/drive.google.com\/file\/d\/1DC372NX4QODvhKGqYbnFK7zvgMCsP_hx\/view?usp=sharing\" target=\"_blank\" rel=\"noopener\"><img loading=\"lazy\" decoding=\"async\" class=\"alignnone wp-image-9767\" src=\"https:\/\/projectes.xtec.cat\/secrp\/wp-content\/uploads\/usu2432\/2021\/06\/GT-LAB.png\" alt=\"\" width=\"256\" height=\"345\" srcset=\"https:\/\/projectes.xtec.cat\/secrp\/wp-content\/uploads\/usu2432\/2021\/06\/GT-LAB.png 585w, https:\/\/projectes.xtec.cat\/secrp\/wp-content\/uploads\/usu2432\/2021\/06\/GT-LAB-222x300.png 222w\" sizes=\"auto, (max-width: 256px) 100vw, 256px\" \/><\/a><a href=\"https:\/\/drive.google.com\/file\/d\/1WXxL30jiGbj2amBPFStdJAzkFB7m1XFk\/view?usp=sharing\" target=\"_blank\" rel=\"noopener\"><img loading=\"lazy\" decoding=\"async\" class=\"alignnone wp-image-11051\" src=\"https:\/\/projectes.xtec.cat\/secrp\/wp-content\/uploads\/usu2432\/2021\/06\/presentacio_pla-transformacio-educativa-de-centre-1024x486.png\" alt=\"\" width=\"390\" height=\"185\" srcset=\"https:\/\/projectes.xtec.cat\/secrp\/wp-content\/uploads\/usu2432\/2021\/06\/presentacio_pla-transformacio-educativa-de-centre-1024x486.png 1024w, https:\/\/projectes.xtec.cat\/secrp\/wp-content\/uploads\/usu2432\/2021\/06\/presentacio_pla-transformacio-educativa-de-centre-300x142.png 300w, https:\/\/projectes.xtec.cat\/secrp\/wp-content\/uploads\/usu2432\/2021\/06\/presentacio_pla-transformacio-educativa-de-centre-768x364.png 768w, https:\/\/projectes.xtec.cat\/secrp\/wp-content\/uploads\/usu2432\/2021\/06\/presentacio_pla-transformacio-educativa-de-centre.png 1210w\" sizes=\"auto, (max-width: 390px) 100vw, 390px\" \/><\/a><a href=\"https:\/\/drive.google.com\/file\/d\/1YjnZKjokR4NXr8oEqQh29OratWUOgZJx\/view\" target=\"_blank\" rel=\"noopener\"><img loading=\"lazy\" decoding=\"async\" class=\"alignnone wp-image-11052\" src=\"https:\/\/projectes.xtec.cat\/secrp\/wp-content\/uploads\/usu2432\/2021\/06\/Check-list_llista-de-comprovacio-transformacio-de-centre.png\" alt=\"\" width=\"300\" height=\"333\" srcset=\"https:\/\/projectes.xtec.cat\/secrp\/wp-content\/uploads\/usu2432\/2021\/06\/Check-list_llista-de-comprovacio-transformacio-de-centre.png 624w, https:\/\/projectes.xtec.cat\/secrp\/wp-content\/uploads\/usu2432\/2021\/06\/Check-list_llista-de-comprovacio-transformacio-de-centre-271x300.png 271w\" sizes=\"auto, (max-width: 300px) 100vw, 300px\" \/><\/a><\/p>\n<p><strong>Document base per al<\/strong><br \/>\n<strong><a href=\"https:\/\/drive.google.com\/file\/d\/1DC372NX4QODvhKGqYbnFK7zvgMCsP_hx\/view?usp=sharing\" target=\"_blank\" rel=\"noopener\">Pla de (Trans)<i>F<\/i>ormaci\u00f3 educativa de centre<\/a><\/strong>, partint de la fita del centre educatiu com una organitzaci\u00f3 que apr\u00e8n, compartim aquest document del Pla de (trans)Formaci\u00f3 educatiu de centre destinat als equips de zona per poder millorar l\u2019acompanyament del desenvolupament docent i la dels centres de la cada territori.<\/p>\n<p><strong><a href=\"https:\/\/drive.google.com\/file\/d\/1WXxL30jiGbj2amBPFStdJAzkFB7m1XFk\/view?usp=sharing\" target=\"_blank\" rel=\"noopener\">5a sessi\u00f3 de direccions CRP_ Presentaci\u00f3 Pla de (Trans)Formaci\u00f3 educativa de centre &#8211; GT LAB<\/a><\/strong>, presentaci\u00f3 de document emprada per a la presentaci\u00f3 del Pla de trans(formaci\u00f3) educatiu de centre, adre\u00e7at a les direccions de CRP.<\/p>\n<p><strong><a href=\"https:\/\/drive.google.com\/file\/d\/1YjnZKjokR4NXr8oEqQh29OratWUOgZJx\/view?usp=sharing\" target=\"_blank\" rel=\"noopener\">5a sessi\u00f3 direccions CRP_CKECKLIST &#8211; Autoavaluaci\u00f3 reguladora <\/a><\/strong>, aquesta llista de comprovaci\u00f3 \u00e9s l\u2019instrument d\u2019autoavaluaci\u00f3 reguladora elaborada per una parella de treball cooperatiu formada per un professional CRP i una docent d\u2019un centre educatiu. T\u00e9 com a objectiu compartir experi\u00e8ncies i instruments d\u2019avaluaci\u00f3 reguladora en processos de treball cooperatiu professional.<\/p>\n","protected":false},"excerpt":{"rendered":"<p>Document base per al Pla de (Trans)Formaci\u00f3 educativa de centre, partint de la fita del centre educatiu com una organitzaci\u00f3 [&hellip;]<\/p>\n","protected":false},"author":1,"featured_media":0,"comment_status":"open","ping_status":"closed","sticky":false,"template":"","format":"standard","meta":{"_bbp_topic_count":0,"_bbp_reply_count":0,"_bbp_total_topic_count":0,"_bbp_total_reply_count":0,"_bbp_voice_count":0,"_bbp_anonymous_reply_count":0,"_bbp_topic_count_hidden":0,"_bbp_reply_count_hidden":0,"_bbp_forum_subforum_count":0,"site-sidebar-layout":"default","site-content-layout":"","ast-site-content-layout":"","site-content-style":"default","site-sidebar-style":"default","ast-global-header-display":"","ast-banner-title-visibility":"","ast-main-header-display":"","ast-hfb-above-header-display":"","ast-hfb-below-header-display":"","ast-hfb-mobile-header-display":"","site-post-title":"","ast-breadcrumbs-content":"","ast-featured-img":"","footer-sml-layout":"","theme-transparent-header-meta":"","adv-header-id-meta":"","stick-header-meta":"","header-above-stick-meta":"","header-main-stick-meta":"","header-below-stick-meta":"","astra-migrate-meta-layouts":"default","ast-page-background-enabled":"default","ast-page-background-meta":{"desktop":{"background-color":"var(--ast-global-color-4)","background-image":"","background-repeat":"repeat","background-position":"center center","background-size":"auto","background-attachment":"scroll","background-type":"","background-media":"","overlay-type":"","overlay-color":"","overlay-opacity":"","overlay-gradient":""},"tablet":{"background-color":"","background-image":"","background-repeat":"repeat","background-position":"center center","background-size":"auto","background-attachment":"scroll","background-type":"","background-media":"","overlay-type":"","overlay-color":"","overlay-opacity":"","overlay-gradient":""},"mobile":{"background-color":"","background-image":"","background-repeat":"repeat","background-position":"center center","background-size":"auto","background-attachment":"scroll","background-type":"","background-media":"","overlay-type":"","overlay-color":"","overlay-opacity":"","overlay-gradient":""}},"ast-content-background-meta":{"desktop":{"background-color":"var(--ast-global-color-5)","background-image":"","background-repeat":"repeat","background-position":"center center","background-size":"auto","background-attachment":"scroll","background-type":"","background-media":"","overlay-type":"","overlay-color":"","overlay-opacity":"","overlay-gradient":""},"tablet":{"background-color":"var(--ast-global-color-5)","background-image":"","background-repeat":"repeat","background-position":"center center","background-size":"auto","background-attachment":"scroll","background-type":"","background-media":"","overlay-type":"","overlay-color":"","overlay-opacity":"","overlay-gradient":""},"mobile":{"background-color":"var(--ast-global-color-5)","background-image":"","background-repeat":"repeat","background-position":"center center","background-size":"auto","background-attachment":"scroll","background-type":"","background-media":"","overlay-type":"","overlay-color":"","overlay-opacity":"","overlay-gradient":""}},"footnotes":""},"categories":[1,352,361],"tags":[362,363],"class_list":["post-9743","post","type-post","status-publish","format-standard","hentry","category-general","category-innovacio-transformacio","category-pla-de-transformacio-educativa-de-centre","tag-lab-crp","tag-pla-de-transformacio-educativa-de-centre"],"post_mailing_queue_ids":[],"_links":{"self":[{"href":"https:\/\/projectes.xtec.cat\/secrp\/wp-json\/wp\/v2\/posts\/9743","targetHints":{"allow":["GET"]}}],"collection":[{"href":"https:\/\/projectes.xtec.cat\/secrp\/wp-json\/wp\/v2\/posts"}],"about":[{"href":"https:\/\/projectes.xtec.cat\/secrp\/wp-json\/wp\/v2\/types\/post"}],"author":[{"embeddable":true,"href":"https:\/\/projectes.xtec.cat\/secrp\/wp-json\/wp\/v2\/users\/1"}],"replies":[{"embeddable":true,"href":"https:\/\/projectes.xtec.cat\/secrp\/wp-json\/wp\/v2\/comments?post=9743"}],"version-history":[{"count":3,"href":"https:\/\/projectes.xtec.cat\/secrp\/wp-json\/wp\/v2\/posts\/9743\/revisions"}],"predecessor-version":[{"id":11054,"href":"https:\/\/projectes.xtec.cat\/secrp\/wp-json\/wp\/v2\/posts\/9743\/revisions\/11054"}],"wp:attachment":[{"href":"https:\/\/projectes.xtec.cat\/secrp\/wp-json\/wp\/v2\/media?parent=9743"}],"wp:term":[{"taxonomy":"category","embeddable":true,"href":"https:\/\/projectes.xtec.cat\/secrp\/wp-json\/wp\/v2\/categories?post=9743"},{"taxonomy":"post_tag","embeddable":true,"href":"https:\/\/projectes.xtec.cat\/secrp\/wp-json\/wp\/v2\/tags?post=9743"}],"curies":[{"name":"wp","href":"https:\/\/api.w.org\/{rel}","templated":true}]}}