{"id":9996,"date":"2015-07-30T08:38:45","date_gmt":"2015-07-30T06:38:45","guid":{"rendered":"https:\/\/projectes.xtec.cat\/secrp\/?p=9996"},"modified":"2021-07-30T10:43:43","modified_gmt":"2021-07-30T08:43:43","slug":"jornada-crp-2015","status":"publish","type":"post","link":"https:\/\/projectes.xtec.cat\/secrp\/portada\/jornada-crp-2015\/","title":{"rendered":"Jornada CRP 2015"},"content":{"rendered":"<p><img loading=\"lazy\" decoding=\"async\" class=\"wp-image-9997 alignright\" src=\"https:\/\/projectes.xtec.cat\/secrp\/wp-content\/uploads\/usu2432\/2021\/07\/actualitat-533x533-jornada-crp.jpg_1595044798.jpg\" alt=\"\" width=\"200\" height=\"200\" srcset=\"https:\/\/projectes.xtec.cat\/secrp\/wp-content\/uploads\/usu2432\/2021\/07\/actualitat-533x533-jornada-crp.jpg_1595044798.jpg 538w, https:\/\/projectes.xtec.cat\/secrp\/wp-content\/uploads\/usu2432\/2021\/07\/actualitat-533x533-jornada-crp.jpg_1595044798-150x150.jpg 150w, https:\/\/projectes.xtec.cat\/secrp\/wp-content\/uploads\/usu2432\/2021\/07\/actualitat-533x533-jornada-crp.jpg_1595044798-300x300.jpg 300w\" sizes=\"auto, (max-width: 200px) 100vw, 200px\" \/>El 9 de Juliol de 2015 es va celebrar al <a href=\"https:\/\/www.car.edu\/\">CAR<\/a> de Sant Cugat del Vall\u00e8s la <strong><em>Jornada d\u2019Intercanvi d\u2019Experi\u00e8ncies<\/em><\/strong> adre\u00e7ada als professionals dels Centres de Recursos Pedag\u00f2gics de Catalunya.<\/p>\n<p>L&#8217;esdeveniment ha estat una activitat de formaci\u00f3 entre iguals orientada a compartir projectes i experi\u00e8ncies dels CRP.<\/p>\n<p>La jornada ha girat entorn la formaci\u00f3 del professorat, la dinamitzaci\u00f3 educativa, la difusi\u00f3 de recursos, l\u2019assessorament a centres i els projectes col\u00b7laboratius, tot aix\u00f2 amb la finalitat de crear coneixements compartits dels professionals dels CRP.<\/p>\n<p>Us compartim el <a href=\"https:\/\/drive.google.com\/file\/d\/1SMmbfWW1-AZqQLgfmAA5-NMCCAEo0gQh\/view?usp=sharing\">programa<\/a> d&#8217;aquesta jornada, la confer\u00e8ncia inicial a c\u00e0rrec del Sr. Anton Aubanell i el recull d&#8217;experi\u00e8ncies compartides.<\/p>\n<table style=\"border-collapse: collapse; width: 100%;\">\n<tbody>\n<tr>\n<td style=\"width: 78.5098%; text-align: center;\"><strong>Confer\u00e8ncia<\/strong><\/td>\n<td style=\"width: 21.4902%;\"><\/td>\n<\/tr>\n<tr style=\"height: 139px;\">\n<td style=\"width: 78.5098%; height: 139px;\">\n<p style=\"text-align: center;\"><strong>Matem\u00e0tiques que es\u00a0toquen, es veuen, es viuen&#8230;<\/strong><\/p>\n<p><strong>Anton Aubanell<\/strong>, que ha estat professor d\u2019ensenyament secundari i professor de did\u00e0ctica de la Facultat de Matem\u00e0tiques de la UB.<\/td>\n<td style=\"width: 21.4902%; height: 139px;\"><a href=\"https:\/\/drive.google.com\/file\/d\/1fgDbgzj0z_0rg25eDBRX43otzOobyH1N\/view?usp=sharing\"><img loading=\"lazy\" decoding=\"async\" class=\"alignnone wp-image-10186\" src=\"https:\/\/projectes.xtec.cat\/secrp\/wp-content\/uploads\/usu2432\/2021\/07\/1200x630wa-3-1024x538.png\" alt=\"\" width=\"67\" height=\"35\" srcset=\"https:\/\/projectes.xtec.cat\/secrp\/wp-content\/uploads\/usu2432\/2021\/07\/1200x630wa-3-1024x538.png 1024w, https:\/\/projectes.xtec.cat\/secrp\/wp-content\/uploads\/usu2432\/2021\/07\/1200x630wa-3-300x158.png 300w, https:\/\/projectes.xtec.cat\/secrp\/wp-content\/uploads\/usu2432\/2021\/07\/1200x630wa-3-768x403.png 768w, https:\/\/projectes.xtec.cat\/secrp\/wp-content\/uploads\/usu2432\/2021\/07\/1200x630wa-3.png 1200w\" sizes=\"auto, (max-width: 67px) 100vw, 67px\" \/><\/a><\/td>\n<\/tr>\n<\/tbody>\n<\/table>\n<p>&nbsp;<\/p>\n<table style=\"border-collapse: collapse; width: 100%;\">\n<tbody>\n<tr>\n<td style=\"width: 78.8545%; text-align: center;\"><strong>Projectes de centre:<\/strong> <em>Participaci\u00f3 dels centres en programes promoguts pel Departament\u00a0\u00a0d\u2019Ensenyament.<\/em><\/td>\n<td style=\"width: 21.1455%;\"><\/td>\n<\/tr>\n<tr style=\"height: 31px;\">\n<td style=\"width: 78.8545%; height: 31px;\">\n<p style=\"text-align: center;\"><strong>Compartim. Apadrinem el nostre patrimoni: El General\u00a0\u00a0Prim.<\/strong><\/p>\n<p>Escola General Prim de Reus. CRP del Baix Camp (Reus)<\/td>\n<td style=\"width: 21.1455%; height: 31px;\">&nbsp;<\/p>\n<p><a href=\"https:\/\/drive.google.com\/file\/d\/1yJ81JP9juevr5Vtv0fQq7o_8-QcRDBy3\/view?usp=sharing\"><img loading=\"lazy\" decoding=\"async\" class=\"alignnone wp-image-10186\" src=\"https:\/\/projectes.xtec.cat\/secrp\/wp-content\/uploads\/usu2432\/2021\/07\/1200x630wa-3-1024x538.png\" alt=\"\" width=\"67\" height=\"35\" srcset=\"https:\/\/projectes.xtec.cat\/secrp\/wp-content\/uploads\/usu2432\/2021\/07\/1200x630wa-3-1024x538.png 1024w, https:\/\/projectes.xtec.cat\/secrp\/wp-content\/uploads\/usu2432\/2021\/07\/1200x630wa-3-300x158.png 300w, https:\/\/projectes.xtec.cat\/secrp\/wp-content\/uploads\/usu2432\/2021\/07\/1200x630wa-3-768x403.png 768w, https:\/\/projectes.xtec.cat\/secrp\/wp-content\/uploads\/usu2432\/2021\/07\/1200x630wa-3.png 1200w\" sizes=\"auto, (max-width: 67px) 100vw, 67px\" \/><\/a><a href=\"https:\/\/drive.google.com\/file\/d\/1Qh0AMfwlAmAH-qtbU14z8pGIBRLl-Nin\/view?usp=sharing\"><img loading=\"lazy\" decoding=\"async\" class=\"alignnone wp-image-10186\" src=\"https:\/\/projectes.xtec.cat\/secrp\/wp-content\/uploads\/usu2432\/2021\/07\/1200x630wa-3-1024x538.png\" alt=\"\" width=\"67\" height=\"35\" srcset=\"https:\/\/projectes.xtec.cat\/secrp\/wp-content\/uploads\/usu2432\/2021\/07\/1200x630wa-3-1024x538.png 1024w, https:\/\/projectes.xtec.cat\/secrp\/wp-content\/uploads\/usu2432\/2021\/07\/1200x630wa-3-300x158.png 300w, https:\/\/projectes.xtec.cat\/secrp\/wp-content\/uploads\/usu2432\/2021\/07\/1200x630wa-3-768x403.png 768w, https:\/\/projectes.xtec.cat\/secrp\/wp-content\/uploads\/usu2432\/2021\/07\/1200x630wa-3.png 1200w\" sizes=\"auto, (max-width: 67px) 100vw, 67px\" \/><\/a><a href=\"https:\/\/drive.google.com\/file\/d\/1u_dNGYxvCNAkQhSPcdi0D9_HWESStodg\/view?usp=sharing\"><img loading=\"lazy\" decoding=\"async\" class=\"alignnone wp-image-10186\" src=\"https:\/\/projectes.xtec.cat\/secrp\/wp-content\/uploads\/usu2432\/2021\/07\/1200x630wa-3-1024x538.png\" alt=\"\" width=\"67\" height=\"35\" srcset=\"https:\/\/projectes.xtec.cat\/secrp\/wp-content\/uploads\/usu2432\/2021\/07\/1200x630wa-3-1024x538.png 1024w, https:\/\/projectes.xtec.cat\/secrp\/wp-content\/uploads\/usu2432\/2021\/07\/1200x630wa-3-300x158.png 300w, https:\/\/projectes.xtec.cat\/secrp\/wp-content\/uploads\/usu2432\/2021\/07\/1200x630wa-3-768x403.png 768w, https:\/\/projectes.xtec.cat\/secrp\/wp-content\/uploads\/usu2432\/2021\/07\/1200x630wa-3.png 1200w\" sizes=\"auto, (max-width: 67px) 100vw, 67px\" \/><\/a><\/td>\n<\/tr>\n<tr style=\"height: 31px;\">\n<td style=\"width: 78.8545%; height: 31px;\">\n<p style=\"text-align: center;\"><strong>La motxilla bioclim\u00e0tica.<\/strong><\/p>\n<p>INS Santa Eug\u00e8nia de Girona. CRP del\u00a0\u00a0Giron\u00e8s<\/td>\n<td style=\"width: 21.1455%; height: 31px;\"><a href=\"https:\/\/drive.google.com\/file\/d\/1BQ3TvHCxP8pqWk84eyAKEvKExrhN3JOT\/view?usp=sharing\"><img loading=\"lazy\" decoding=\"async\" class=\"alignnone wp-image-10186\" src=\"https:\/\/projectes.xtec.cat\/secrp\/wp-content\/uploads\/usu2432\/2021\/07\/1200x630wa-3-1024x538.png\" alt=\"\" width=\"67\" height=\"35\" srcset=\"https:\/\/projectes.xtec.cat\/secrp\/wp-content\/uploads\/usu2432\/2021\/07\/1200x630wa-3-1024x538.png 1024w, https:\/\/projectes.xtec.cat\/secrp\/wp-content\/uploads\/usu2432\/2021\/07\/1200x630wa-3-300x158.png 300w, https:\/\/projectes.xtec.cat\/secrp\/wp-content\/uploads\/usu2432\/2021\/07\/1200x630wa-3-768x403.png 768w, https:\/\/projectes.xtec.cat\/secrp\/wp-content\/uploads\/usu2432\/2021\/07\/1200x630wa-3.png 1200w\" sizes=\"auto, (max-width: 67px) 100vw, 67px\" \/><\/a><a href=\"https:\/\/prezi.com\/amcd2tqxvy4y\/motxilla\/\"><img loading=\"lazy\" decoding=\"async\" class=\"alignnone wp-image-10147\" src=\"https:\/\/projectes.xtec.cat\/secrp\/wp-content\/uploads\/usu2432\/2021\/07\/800px-Prezi_logo_transparent_2012.svg_-e1627298355548.png\" alt=\"\" width=\"71\" height=\"50\" \/><\/a><\/td>\n<\/tr>\n<tr style=\"height: 31px;\">\n<td style=\"width: 78.8545%; height: 31px;\">\n<p style=\"text-align: center;\"><strong>L&#8217;\u00fas de la motxilla bioclim\u00e0tica en el centre.<\/strong><\/p>\n<p>Institut l\u2019Estatut de Rub\u00ed. CRP del Vall\u00e8s Occidental\u00a0\u00a0III (Rub\u00ed)<\/td>\n<td style=\"width: 21.1455%; height: 31px;\">&nbsp;<\/p>\n<p><a href=\"https:\/\/drive.google.com\/file\/d\/1xac3TYMO-DFSfKj9C46ialkO8A1xLoOr\/view?usp=sharing\"><img loading=\"lazy\" decoding=\"async\" class=\"alignnone wp-image-10186\" src=\"https:\/\/projectes.xtec.cat\/secrp\/wp-content\/uploads\/usu2432\/2021\/07\/1200x630wa-3-1024x538.png\" alt=\"\" width=\"67\" height=\"35\" srcset=\"https:\/\/projectes.xtec.cat\/secrp\/wp-content\/uploads\/usu2432\/2021\/07\/1200x630wa-3-1024x538.png 1024w, https:\/\/projectes.xtec.cat\/secrp\/wp-content\/uploads\/usu2432\/2021\/07\/1200x630wa-3-300x158.png 300w, https:\/\/projectes.xtec.cat\/secrp\/wp-content\/uploads\/usu2432\/2021\/07\/1200x630wa-3-768x403.png 768w, https:\/\/projectes.xtec.cat\/secrp\/wp-content\/uploads\/usu2432\/2021\/07\/1200x630wa-3.png 1200w\" sizes=\"auto, (max-width: 67px) 100vw, 67px\" \/><\/a><a href=\"https:\/\/drive.google.com\/file\/d\/1D8iKJu44Nq1RuEl2ubh8UUcrVeiB2ydi\/view?usp=sharing\"><img loading=\"lazy\" decoding=\"async\" class=\"alignnone wp-image-10186\" src=\"https:\/\/projectes.xtec.cat\/secrp\/wp-content\/uploads\/usu2432\/2021\/07\/1200x630wa-3-1024x538.png\" alt=\"\" width=\"67\" height=\"35\" srcset=\"https:\/\/projectes.xtec.cat\/secrp\/wp-content\/uploads\/usu2432\/2021\/07\/1200x630wa-3-1024x538.png 1024w, https:\/\/projectes.xtec.cat\/secrp\/wp-content\/uploads\/usu2432\/2021\/07\/1200x630wa-3-300x158.png 300w, https:\/\/projectes.xtec.cat\/secrp\/wp-content\/uploads\/usu2432\/2021\/07\/1200x630wa-3-768x403.png 768w, https:\/\/projectes.xtec.cat\/secrp\/wp-content\/uploads\/usu2432\/2021\/07\/1200x630wa-3.png 1200w\" sizes=\"auto, (max-width: 67px) 100vw, 67px\" \/><\/a><a href=\"https:\/\/drive.google.com\/file\/d\/1jMo6TFPRnnQjrCAT_0p84TXxtbYoAVKy\/view?usp=sharing\"><img loading=\"lazy\" decoding=\"async\" class=\"alignnone wp-image-10186\" src=\"https:\/\/projectes.xtec.cat\/secrp\/wp-content\/uploads\/usu2432\/2021\/07\/1200x630wa-3-1024x538.png\" alt=\"\" width=\"67\" height=\"35\" srcset=\"https:\/\/projectes.xtec.cat\/secrp\/wp-content\/uploads\/usu2432\/2021\/07\/1200x630wa-3-1024x538.png 1024w, https:\/\/projectes.xtec.cat\/secrp\/wp-content\/uploads\/usu2432\/2021\/07\/1200x630wa-3-300x158.png 300w, https:\/\/projectes.xtec.cat\/secrp\/wp-content\/uploads\/usu2432\/2021\/07\/1200x630wa-3-768x403.png 768w, https:\/\/projectes.xtec.cat\/secrp\/wp-content\/uploads\/usu2432\/2021\/07\/1200x630wa-3.png 1200w\" sizes=\"auto, (max-width: 67px) 100vw, 67px\" \/><\/a><\/td>\n<\/tr>\n<tr style=\"height: 31px;\">\n<td style=\"width: 78.8545%; height: 31px;\">\n<p style=\"text-align: center;\"><strong>Apadrinem la Cova de Can Sadurn\u00ed de Begues.<\/strong><\/p>\n<p>Institut de Begues. CRP del Baix Llobregat II (Gav\u00e0)<\/td>\n<td style=\"width: 21.1455%; height: 31px;\">&nbsp;<\/p>\n<p><a href=\"https:\/\/drive.google.com\/file\/d\/1U8URkBvvXZXSZG-Q7ozoR98a1u27ioJp\/view?usp=sharing\"><img loading=\"lazy\" decoding=\"async\" class=\"alignnone wp-image-10186\" src=\"https:\/\/projectes.xtec.cat\/secrp\/wp-content\/uploads\/usu2432\/2021\/07\/1200x630wa-3-1024x538.png\" alt=\"\" width=\"67\" height=\"35\" srcset=\"https:\/\/projectes.xtec.cat\/secrp\/wp-content\/uploads\/usu2432\/2021\/07\/1200x630wa-3-1024x538.png 1024w, https:\/\/projectes.xtec.cat\/secrp\/wp-content\/uploads\/usu2432\/2021\/07\/1200x630wa-3-300x158.png 300w, https:\/\/projectes.xtec.cat\/secrp\/wp-content\/uploads\/usu2432\/2021\/07\/1200x630wa-3-768x403.png 768w, https:\/\/projectes.xtec.cat\/secrp\/wp-content\/uploads\/usu2432\/2021\/07\/1200x630wa-3.png 1200w\" sizes=\"auto, (max-width: 67px) 100vw, 67px\" \/><\/a><a href=\"https:\/\/drive.google.com\/file\/d\/1wFZKJ_yDOnR3a5Rl23DMGjgKkR7tGq6q\/view?usp=sharing\"><img loading=\"lazy\" decoding=\"async\" class=\"alignnone wp-image-10186\" src=\"https:\/\/projectes.xtec.cat\/secrp\/wp-content\/uploads\/usu2432\/2021\/07\/1200x630wa-3-1024x538.png\" alt=\"\" width=\"67\" height=\"35\" srcset=\"https:\/\/projectes.xtec.cat\/secrp\/wp-content\/uploads\/usu2432\/2021\/07\/1200x630wa-3-1024x538.png 1024w, https:\/\/projectes.xtec.cat\/secrp\/wp-content\/uploads\/usu2432\/2021\/07\/1200x630wa-3-300x158.png 300w, https:\/\/projectes.xtec.cat\/secrp\/wp-content\/uploads\/usu2432\/2021\/07\/1200x630wa-3-768x403.png 768w, https:\/\/projectes.xtec.cat\/secrp\/wp-content\/uploads\/usu2432\/2021\/07\/1200x630wa-3.png 1200w\" sizes=\"auto, (max-width: 67px) 100vw, 67px\" \/><\/a><\/td>\n<\/tr>\n<\/tbody>\n<\/table>\n<p>&nbsp;<\/p>\n<table style=\"border-collapse: collapse; width: 100%; height: 554px;\">\n<tbody>\n<tr style=\"height: 46px;\">\n<td style=\"width: 79.2851%; text-align: center; height: 46px;\"><strong>Activitats de dinamitzaci\u00f3 educativa dels CRP: <\/strong><em>Presentaci\u00f3 d\u2019activitats desenvolupades pels CRP, on es destaquen principalment les tasques de gesti\u00f3, organitzaci\u00f3 i seguiment de l\u2019activitat.<\/em><\/td>\n<td style=\"width: 20.7149%; text-align: center; height: 46px;\"><\/td>\n<\/tr>\n<tr style=\"height: 127px;\">\n<td style=\"width: 79.2851%; height: 127px;\">\n<p style=\"text-align: center;\"><strong>iPAAF<\/strong><strong>. Avaluaci\u00f3 de les activitats de formaci\u00f3 en centre i del seu aprofitament. Del concepte a l\u2019eina.<\/strong><\/p>\n<p>CRP de la Selva I (Santa Coloma de Farners)<\/td>\n<td style=\"width: 20.7149%; height: 127px;\">&nbsp;<\/p>\n<p><a href=\"https:\/\/drive.google.com\/file\/d\/1ovzZkESMwdAoZFhUDp1f3MBY_aWfFYSP\/view?usp=sharing\"><img loading=\"lazy\" decoding=\"async\" class=\"alignnone wp-image-10186\" src=\"https:\/\/projectes.xtec.cat\/secrp\/wp-content\/uploads\/usu2432\/2021\/07\/1200x630wa-3-1024x538.png\" alt=\"\" width=\"67\" height=\"35\" srcset=\"https:\/\/projectes.xtec.cat\/secrp\/wp-content\/uploads\/usu2432\/2021\/07\/1200x630wa-3-1024x538.png 1024w, https:\/\/projectes.xtec.cat\/secrp\/wp-content\/uploads\/usu2432\/2021\/07\/1200x630wa-3-300x158.png 300w, https:\/\/projectes.xtec.cat\/secrp\/wp-content\/uploads\/usu2432\/2021\/07\/1200x630wa-3-768x403.png 768w, https:\/\/projectes.xtec.cat\/secrp\/wp-content\/uploads\/usu2432\/2021\/07\/1200x630wa-3.png 1200w\" sizes=\"auto, (max-width: 67px) 100vw, 67px\" \/><\/a><a href=\"https:\/\/drive.google.com\/file\/d\/1nrhLFfpXgeivXu5VfjQFq_sauxDTHxs-\/view?usp=sharing\"><img loading=\"lazy\" decoding=\"async\" class=\"alignnone wp-image-10186\" src=\"https:\/\/projectes.xtec.cat\/secrp\/wp-content\/uploads\/usu2432\/2021\/07\/1200x630wa-3-1024x538.png\" alt=\"\" width=\"67\" height=\"35\" srcset=\"https:\/\/projectes.xtec.cat\/secrp\/wp-content\/uploads\/usu2432\/2021\/07\/1200x630wa-3-1024x538.png 1024w, https:\/\/projectes.xtec.cat\/secrp\/wp-content\/uploads\/usu2432\/2021\/07\/1200x630wa-3-300x158.png 300w, https:\/\/projectes.xtec.cat\/secrp\/wp-content\/uploads\/usu2432\/2021\/07\/1200x630wa-3-768x403.png 768w, https:\/\/projectes.xtec.cat\/secrp\/wp-content\/uploads\/usu2432\/2021\/07\/1200x630wa-3.png 1200w\" sizes=\"auto, (max-width: 67px) 100vw, 67px\" \/><\/a><\/td>\n<\/tr>\n<tr style=\"height: 127px;\">\n<td style=\"width: 79.2851%; height: 127px;\">\n<p style=\"text-align: center;\"><strong>Programaci\u00f3 i rob\u00f2tica a l\u2019aula<\/strong><strong>.<\/strong><\/p>\n<p>CRP de la Noguera (Balaguer)<\/td>\n<td style=\"width: 20.7149%; height: 127px;\"><a href=\"https:\/\/drive.google.com\/file\/d\/1vT5vZydD_DwvCji9hMLluxQIxu40kKmb\/view?usp=sharing\"><img loading=\"lazy\" decoding=\"async\" class=\"alignnone wp-image-10186\" src=\"https:\/\/projectes.xtec.cat\/secrp\/wp-content\/uploads\/usu2432\/2021\/07\/1200x630wa-3-1024x538.png\" alt=\"\" width=\"67\" height=\"35\" srcset=\"https:\/\/projectes.xtec.cat\/secrp\/wp-content\/uploads\/usu2432\/2021\/07\/1200x630wa-3-1024x538.png 1024w, https:\/\/projectes.xtec.cat\/secrp\/wp-content\/uploads\/usu2432\/2021\/07\/1200x630wa-3-300x158.png 300w, https:\/\/projectes.xtec.cat\/secrp\/wp-content\/uploads\/usu2432\/2021\/07\/1200x630wa-3-768x403.png 768w, https:\/\/projectes.xtec.cat\/secrp\/wp-content\/uploads\/usu2432\/2021\/07\/1200x630wa-3.png 1200w\" sizes=\"auto, (max-width: 67px) 100vw, 67px\" \/><\/a><a href=\"https:\/\/drive.google.com\/file\/d\/1hCwgC25alSZlZf6rvoqM1CPoH6jZjJBA\/view?usp=sharing\"><img loading=\"lazy\" decoding=\"async\" class=\"alignnone wp-image-10186\" src=\"https:\/\/projectes.xtec.cat\/secrp\/wp-content\/uploads\/usu2432\/2021\/07\/1200x630wa-3-1024x538.png\" alt=\"\" width=\"67\" height=\"35\" srcset=\"https:\/\/projectes.xtec.cat\/secrp\/wp-content\/uploads\/usu2432\/2021\/07\/1200x630wa-3-1024x538.png 1024w, https:\/\/projectes.xtec.cat\/secrp\/wp-content\/uploads\/usu2432\/2021\/07\/1200x630wa-3-300x158.png 300w, https:\/\/projectes.xtec.cat\/secrp\/wp-content\/uploads\/usu2432\/2021\/07\/1200x630wa-3-768x403.png 768w, https:\/\/projectes.xtec.cat\/secrp\/wp-content\/uploads\/usu2432\/2021\/07\/1200x630wa-3.png 1200w\" sizes=\"auto, (max-width: 67px) 100vw, 67px\" \/><\/a><\/td>\n<\/tr>\n<tr style=\"height: 127px;\">\n<td style=\"width: 79.2851%; height: 127px;\">\n<p style=\"text-align: center;\"><strong>Activitats dels CRP que relacionen els \u00e0mbits de dinamitzaci\u00f3, formaci\u00f3 i recursos. Un exemple, Contes que roden.<\/strong><\/p>\n<p>Conjunt de CRP de Barcelona Comarques.<\/td>\n<td style=\"width: 20.7149%; height: 127px;\">&nbsp;<\/p>\n<p><a href=\"https:\/\/drive.google.com\/file\/d\/1urRHWHejaVE2bCu8WANRX3gBUaS2EvPp\/view?usp=sharing\"><img loading=\"lazy\" decoding=\"async\" class=\"alignnone wp-image-10186\" src=\"https:\/\/projectes.xtec.cat\/secrp\/wp-content\/uploads\/usu2432\/2021\/07\/1200x630wa-3-1024x538.png\" alt=\"\" width=\"67\" height=\"35\" srcset=\"https:\/\/projectes.xtec.cat\/secrp\/wp-content\/uploads\/usu2432\/2021\/07\/1200x630wa-3-1024x538.png 1024w, https:\/\/projectes.xtec.cat\/secrp\/wp-content\/uploads\/usu2432\/2021\/07\/1200x630wa-3-300x158.png 300w, https:\/\/projectes.xtec.cat\/secrp\/wp-content\/uploads\/usu2432\/2021\/07\/1200x630wa-3-768x403.png 768w, https:\/\/projectes.xtec.cat\/secrp\/wp-content\/uploads\/usu2432\/2021\/07\/1200x630wa-3.png 1200w\" sizes=\"auto, (max-width: 67px) 100vw, 67px\" \/><\/a><a href=\"https:\/\/drive.google.com\/file\/d\/14DxGoXFb9KZnYwDO2L7PDwBnlYTD7yjW\/view?usp=sharing\"><img loading=\"lazy\" decoding=\"async\" class=\"alignnone wp-image-10186\" src=\"https:\/\/projectes.xtec.cat\/secrp\/wp-content\/uploads\/usu2432\/2021\/07\/1200x630wa-3-1024x538.png\" alt=\"\" width=\"67\" height=\"35\" srcset=\"https:\/\/projectes.xtec.cat\/secrp\/wp-content\/uploads\/usu2432\/2021\/07\/1200x630wa-3-1024x538.png 1024w, https:\/\/projectes.xtec.cat\/secrp\/wp-content\/uploads\/usu2432\/2021\/07\/1200x630wa-3-300x158.png 300w, https:\/\/projectes.xtec.cat\/secrp\/wp-content\/uploads\/usu2432\/2021\/07\/1200x630wa-3-768x403.png 768w, https:\/\/projectes.xtec.cat\/secrp\/wp-content\/uploads\/usu2432\/2021\/07\/1200x630wa-3.png 1200w\" sizes=\"auto, (max-width: 67px) 100vw, 67px\" \/><\/a><\/td>\n<\/tr>\n<tr style=\"height: 127px;\">\n<td style=\"width: 79.2851%; height: 127px;\">\n<p style=\"text-align: center;\"><strong>Vols con\u00e8ixer Sant Celoni?\u00a0<\/strong><\/p>\n<p>CRP del Vall\u00e8s Oriental III\u00a0\u00a0(Sant Celoni)<\/td>\n<td style=\"width: 20.7149%; height: 127px;\">&nbsp;<\/p>\n<p><a href=\"https:\/\/drive.google.com\/file\/d\/1fER8QuXMrHxlNDrvFL5Xo074ZT-SpWF2\/view?usp=sharing\"><img loading=\"lazy\" decoding=\"async\" class=\"alignnone wp-image-10186\" src=\"https:\/\/projectes.xtec.cat\/secrp\/wp-content\/uploads\/usu2432\/2021\/07\/1200x630wa-3-1024x538.png\" alt=\"\" width=\"67\" height=\"35\" srcset=\"https:\/\/projectes.xtec.cat\/secrp\/wp-content\/uploads\/usu2432\/2021\/07\/1200x630wa-3-1024x538.png 1024w, https:\/\/projectes.xtec.cat\/secrp\/wp-content\/uploads\/usu2432\/2021\/07\/1200x630wa-3-300x158.png 300w, https:\/\/projectes.xtec.cat\/secrp\/wp-content\/uploads\/usu2432\/2021\/07\/1200x630wa-3-768x403.png 768w, https:\/\/projectes.xtec.cat\/secrp\/wp-content\/uploads\/usu2432\/2021\/07\/1200x630wa-3.png 1200w\" sizes=\"auto, (max-width: 67px) 100vw, 67px\" \/><\/a><a href=\"https:\/\/drive.google.com\/file\/d\/1DTKTPjZtEwSqLvOlrVmlGXr1wE6bfGe7\/view?usp=sharing\"><img loading=\"lazy\" decoding=\"async\" class=\"alignnone wp-image-10186\" src=\"https:\/\/projectes.xtec.cat\/secrp\/wp-content\/uploads\/usu2432\/2021\/07\/1200x630wa-3-1024x538.png\" alt=\"\" width=\"67\" height=\"35\" srcset=\"https:\/\/projectes.xtec.cat\/secrp\/wp-content\/uploads\/usu2432\/2021\/07\/1200x630wa-3-1024x538.png 1024w, https:\/\/projectes.xtec.cat\/secrp\/wp-content\/uploads\/usu2432\/2021\/07\/1200x630wa-3-300x158.png 300w, https:\/\/projectes.xtec.cat\/secrp\/wp-content\/uploads\/usu2432\/2021\/07\/1200x630wa-3-768x403.png 768w, https:\/\/projectes.xtec.cat\/secrp\/wp-content\/uploads\/usu2432\/2021\/07\/1200x630wa-3.png 1200w\" sizes=\"auto, (max-width: 67px) 100vw, 67px\" \/><\/a><\/td>\n<\/tr>\n<\/tbody>\n<\/table>\n<table style=\"border-collapse: collapse; width: 100%;\">\n<tbody>\n<tr>\n<td style=\"width: 79.3712%; text-align: center;\"><strong>L\u00ednies d\u2019actuaci\u00f3 dels CRP i cloenda<\/strong><\/td>\n<td style=\"width: 20.6288%;\"><\/td>\n<\/tr>\n<tr>\n<td style=\"width: 79.3712%;\">Joan\u00a0Gumbert,\u00a0Subdirector general d\u2019Innovaci\u00f3, Formaci\u00f3 Orientaci\u00f3.<\/td>\n<td style=\"width: 20.6288%;\"><a href=\"https:\/\/drive.google.com\/file\/d\/1PaJb6b7DnOyEdn9uD1mFlbkMm93VrUB7\/view?usp=sharing\"><img loading=\"lazy\" decoding=\"async\" class=\"alignnone wp-image-10186\" src=\"https:\/\/projectes.xtec.cat\/secrp\/wp-content\/uploads\/usu2432\/2021\/07\/1200x630wa-3-1024x538.png\" alt=\"\" width=\"67\" height=\"35\" srcset=\"https:\/\/projectes.xtec.cat\/secrp\/wp-content\/uploads\/usu2432\/2021\/07\/1200x630wa-3-1024x538.png 1024w, https:\/\/projectes.xtec.cat\/secrp\/wp-content\/uploads\/usu2432\/2021\/07\/1200x630wa-3-300x158.png 300w, https:\/\/projectes.xtec.cat\/secrp\/wp-content\/uploads\/usu2432\/2021\/07\/1200x630wa-3-768x403.png 768w, https:\/\/projectes.xtec.cat\/secrp\/wp-content\/uploads\/usu2432\/2021\/07\/1200x630wa-3.png 1200w\" sizes=\"auto, (max-width: 67px) 100vw, 67px\" \/><\/a><\/td>\n<\/tr>\n<\/tbody>\n<\/table>\n<p>&nbsp;<\/p>\n<p>&nbsp;<\/p>\n","protected":false},"excerpt":{"rendered":"<p>Jornada d&#8217;Intercanvi d&#8217;Experi\u00e8ncies de 2015, adre\u00e7ada als professionals dels Centres de Recursos Pedag\u00f2gics de Catalunya<\/p>\n","protected":false},"author":1,"featured_media":9997,"comment_status":"closed","ping_status":"closed","sticky":false,"template":"","format":"standard","meta":{"_bbp_topic_count":0,"_bbp_reply_count":0,"_bbp_total_topic_count":0,"_bbp_total_reply_count":0,"_bbp_voice_count":0,"_bbp_anonymous_reply_count":0,"_bbp_topic_count_hidden":0,"_bbp_reply_count_hidden":0,"_bbp_forum_subforum_count":0,"site-sidebar-layout":"default","site-content-layout":"","ast-site-content-layout":"","site-content-style":"default","site-sidebar-style":"default","ast-global-header-display":"","ast-banner-title-visibility":"","ast-main-header-display":"","ast-hfb-above-header-display":"","ast-hfb-below-header-display":"","ast-hfb-mobile-header-display":"","site-post-title":"","ast-breadcrumbs-content":"","ast-featured-img":"","footer-sml-layout":"","theme-transparent-header-meta":"","adv-header-id-meta":"","stick-header-meta":"","header-above-stick-meta":"","header-main-stick-meta":"","header-below-stick-meta":"","astra-migrate-meta-layouts":"default","ast-page-background-enabled":"default","ast-page-background-meta":{"desktop":{"background-color":"var(--ast-global-color-4)","background-image":"","background-repeat":"repeat","background-position":"center center","background-size":"auto","background-attachment":"scroll","background-type":"","background-media":"","overlay-type":"","overlay-color":"","overlay-opacity":"","overlay-gradient":""},"tablet":{"background-color":"","background-image":"","background-repeat":"repeat","background-position":"center center","background-size":"auto","background-attachment":"scroll","background-type":"","background-media":"","overlay-type":"","overlay-color":"","overlay-opacity":"","overlay-gradient":""},"mobile":{"background-color":"","background-image":"","background-repeat":"repeat","background-position":"center center","background-size":"auto","background-attachment":"scroll","background-type":"","background-media":"","overlay-type":"","overlay-color":"","overlay-opacity":"","overlay-gradient":""}},"ast-content-background-meta":{"desktop":{"background-color":"var(--ast-global-color-5)","background-image":"","background-repeat":"repeat","background-position":"center center","background-size":"auto","background-attachment":"scroll","background-type":"","background-media":"","overlay-type":"","overlay-color":"","overlay-opacity":"","overlay-gradient":""},"tablet":{"background-color":"var(--ast-global-color-5)","background-image":"","background-repeat":"repeat","background-position":"center center","background-size":"auto","background-attachment":"scroll","background-type":"","background-media":"","overlay-type":"","overlay-color":"","overlay-opacity":"","overlay-gradient":""},"mobile":{"background-color":"var(--ast-global-color-5)","background-image":"","background-repeat":"repeat","background-position":"center center","background-size":"auto","background-attachment":"scroll","background-type":"","background-media":"","overlay-type":"","overlay-color":"","overlay-opacity":"","overlay-gradient":""}},"footnotes":""},"categories":[384,29],"tags":[383,302,305,301,364,314,381],"class_list":["post-9996","post","type-post","status-publish","format-standard","has-post-thumbnail","hentry","category-jornada-serveis-educatius","category-portada","tag-383","tag-acompanyament","tag-crp","tag-formacio","tag-jornada","tag-serveis-educatius","tag-transformacio-educativa"],"post_mailing_queue_ids":[],"_links":{"self":[{"href":"https:\/\/projectes.xtec.cat\/secrp\/wp-json\/wp\/v2\/posts\/9996","targetHints":{"allow":["GET"]}}],"collection":[{"href":"https:\/\/projectes.xtec.cat\/secrp\/wp-json\/wp\/v2\/posts"}],"about":[{"href":"https:\/\/projectes.xtec.cat\/secrp\/wp-json\/wp\/v2\/types\/post"}],"author":[{"embeddable":true,"href":"https:\/\/projectes.xtec.cat\/secrp\/wp-json\/wp\/v2\/users\/1"}],"replies":[{"embeddable":true,"href":"https:\/\/projectes.xtec.cat\/secrp\/wp-json\/wp\/v2\/comments?post=9996"}],"version-history":[{"count":4,"href":"https:\/\/projectes.xtec.cat\/secrp\/wp-json\/wp\/v2\/posts\/9996\/revisions"}],"predecessor-version":[{"id":10241,"href":"https:\/\/projectes.xtec.cat\/secrp\/wp-json\/wp\/v2\/posts\/9996\/revisions\/10241"}],"wp:featuredmedia":[{"embeddable":true,"href":"https:\/\/projectes.xtec.cat\/secrp\/wp-json\/wp\/v2\/media\/9997"}],"wp:attachment":[{"href":"https:\/\/projectes.xtec.cat\/secrp\/wp-json\/wp\/v2\/media?parent=9996"}],"wp:term":[{"taxonomy":"category","embeddable":true,"href":"https:\/\/projectes.xtec.cat\/secrp\/wp-json\/wp\/v2\/categories?post=9996"},{"taxonomy":"post_tag","embeddable":true,"href":"https:\/\/projectes.xtec.cat\/secrp\/wp-json\/wp\/v2\/tags?post=9996"}],"curies":[{"name":"wp","href":"https:\/\/api.w.org\/{rel}","templated":true}]}}