{"id":13047,"date":"2022-07-05T14:16:42","date_gmt":"2022-07-05T12:16:42","guid":{"rendered":"https:\/\/projectes.xtec.cat\/steamcat\/?p=13047"},"modified":"2026-02-09T12:30:00","modified_gmt":"2026-02-09T11:30:00","slug":"vii-jornada-dinnovacio-a-lensenyament-de-la-tecnologia","status":"publish","type":"post","link":"https:\/\/projectes.xtec.cat\/steamcat\/formacions\/vii-jornada-dinnovacio-a-lensenyament-de-la-tecnologia\/","title":{"rendered":"VII Jornada d\u2019innovaci\u00f3 a l\u2019ensenyament de la Tecnologia."},"content":{"rendered":"<header class=\"entry-header\">\n<h1 class=\"entry-title\"><a style=\"font-family: inherit; font-size: 1em; font-weight: normal;\" href=\"https:\/\/serveiseducatius.xtec.cat\/cesire\/wp-content\/uploads\/usu2650\/2022\/06\/VII_Jornada.png\"><img loading=\"lazy\" decoding=\"async\" class=\"size-large wp-image-20785 aligncenter\" src=\"https:\/\/serveiseducatius.xtec.cat\/cesire\/wp-content\/uploads\/usu2650\/2022\/06\/VII_Jornada-1024x261.png\" sizes=\"auto, (max-width: 1024px) 100vw, 1024px\" srcset=\"https:\/\/serveiseducatius.xtec.cat\/cesire\/wp-content\/uploads\/usu2650\/2022\/06\/VII_Jornada-1024x261.png 1024w, https:\/\/serveiseducatius.xtec.cat\/cesire\/wp-content\/uploads\/usu2650\/2022\/06\/VII_Jornada-300x77.png 300w, https:\/\/serveiseducatius.xtec.cat\/cesire\/wp-content\/uploads\/usu2650\/2022\/06\/VII_Jornada-768x196.png 768w, https:\/\/serveiseducatius.xtec.cat\/cesire\/wp-content\/uploads\/usu2650\/2022\/06\/VII_Jornada.png 1402w\" alt=\"\" width=\"1024\" height=\"261\" \/><\/a><\/h1>\n<\/header>\n<div class=\"entry-content\">\n<p dir=\"ltr\"><span style=\"font-family: arial, sans-serif;\">Com cada juliol, des de fa uns anys, el professorat de Tecnologia afrontem el repte de trobar-nos i parlar de tecnologia, del present i del futur de les nostres mat\u00e8ries i assignatures, de la seva did\u00e0ctica i plantejament pedag\u00f2gic . Aquesta jornada esdev\u00e9 any rere any, un espai per compartir, per debatre, per aprendre plegats i per consolidar la tecnologia, tan necess\u00e0ria per a la (bona) formaci\u00f3 del nostre jovent. <\/span><\/p>\n<p dir=\"ltr\"><span style=\"font-family: arial, sans-serif;\">Enguany celebrarem la <strong>VII<\/strong><strong>a<\/strong><strong> Jornada d&#8217;Innovaci\u00f3 a l&#8217;ensenyament de la Tecnologia<\/strong>, organitzada per la <a href=\"https:\/\/blogs.iec.cat\/sct\/\" target=\"_blank\" rel=\"noopener\" data-saferedirecturl=\"https:\/\/www.google.com\/url?q=https:\/\/www.google.com\/url?q%3Dhttps%253A%252F%252Fblogs.iec.cat%252Fsct%252F%26sa%3DD%26sntz%3D1%26usg%3DAOvVaw247lG89GyMWvrcrhAk2ZfV&amp;source=gmail&amp;ust=1657108794847000&amp;usg=AOvVaw1h2pRs-nfSApU4HUC2xKzO\">Societat Catalana de Tecnologia<\/a> i el <a href=\"https:\/\/serveiseducatius.xtec.cat\/cesire\/\" target=\"_blank\" rel=\"noopener\" data-saferedirecturl=\"https:\/\/www.google.com\/url?q=https:\/\/www.google.com\/url?q%3Dhttps%253A%252F%252Fserveiseducatius.xtec.cat%252Fcesire%252F%26sa%3DD%26sntz%3D1%26usg%3DAOvVaw10gNlNtgavPSTmx5Nmg8mw&amp;source=gmail&amp;ust=1657108794847000&amp;usg=AOvVaw3BbNcKpNuBKKbV4Hu9mBMJ\">CESIRE<\/a>, el proper 8 de juliol, de <strong>9h a14h\u00a0<\/strong> a l&#8217;<a href=\"https:\/\/www.google.com\/maps\/uv?pb=!1s0x12a49850481b287f%3A0xc283c452834315c1!3m1!7e115!4s%2Fmaps%2Fplace%2Fice%2Bupc%2F%4041.3838576%2C2.1124526%2C3a%2C75y%2C7.84h%2C90t%2Fdata%3D*213m4*211e1*213m2*211sGRYuJM-MIcx14nSDFx__Xg*212e0*214m2*213m1*211s0x12a49850481b287f%3A0xc283c452834315c1%3Fsa%3DX!5sice%20upc%20-%20Cerca%20de%20Google!15sCgIgAQ&amp;imagekey=!1e2!2sGRYuJM-MIcx14nSDFx__Xg&amp;hl=ca&amp;sa=X&amp;ved=2ahUKEwiJv6qqs8D4AhWmlf0HHVAzCcQQpx96BAg8EAg\" target=\"_blank\" rel=\"noopener\">Escola d&#8217;Edificaci\u00f3 de Barcelona. UPC<\/a>, amb el tema central &#8220;<strong>Preparem-nos per al nou curr\u00edculum<\/strong>&#8220;<\/span><\/p>\n<p>En el\u00a0<a href=\"https:\/\/sites.google.com\/view\/jiet7\/inici\">web de la jornada<\/a>\u00a0hi trobareu el programa i els\u00a0enlla\u00e7os per a la inscripci\u00f3.<\/p>\n<\/div>\n","protected":false},"excerpt":{"rendered":"<p>Com cada juliol, des de fa uns anys, el professorat de Tecnologia afrontem el repte de trobar-nos i parlar de tecnologia, del present i del futur de les nostres mat\u00e8ries i assignatures, de la seva did\u00e0ctica i plantejament pedag\u00f2gic . Aquesta jornada esdev\u00e9 any rere any, un espai per compartir, per debatre, per aprendre plegats [&hellip;]<\/p>\n","protected":false},"author":24,"featured_media":13048,"comment_status":"closed","ping_status":"closed","sticky":false,"template":"","format":"standard","meta":{"_bbp_topic_count":0,"_bbp_reply_count":0,"_bbp_total_topic_count":0,"_bbp_total_reply_count":0,"_bbp_voice_count":0,"_bbp_anonymous_reply_count":0,"_bbp_topic_count_hidden":0,"_bbp_reply_count_hidden":0,"_bbp_forum_subforum_count":0,"site-sidebar-layout":"default","site-content-layout":"","ast-site-content-layout":"default","site-content-style":"default","site-sidebar-style":"default","ast-global-header-display":"","ast-banner-title-visibility":"","ast-main-header-display":"","ast-hfb-above-header-display":"","ast-hfb-below-header-display":"","ast-hfb-mobile-header-display":"","site-post-title":"","ast-breadcrumbs-content":"","ast-featured-img":"disabled","footer-sml-layout":"","theme-transparent-header-meta":"","adv-header-id-meta":"","stick-header-meta":"","header-above-stick-meta":"","header-main-stick-meta":"","header-below-stick-meta":"","astra-migrate-meta-layouts":"set","ast-page-background-enabled":"default","ast-page-background-meta":{"desktop":{"background-color":"var(--ast-global-color-4)","background-image":"","background-repeat":"repeat","background-position":"center center","background-size":"auto","background-attachment":"scroll","background-type":"","background-media":"","overlay-type":"","overlay-color":"","overlay-opacity":"","overlay-gradient":""},"tablet":{"background-color":"","background-image":"","background-repeat":"repeat","background-position":"center center","background-size":"auto","background-attachment":"scroll","background-type":"","background-media":"","overlay-type":"","overlay-color":"","overlay-opacity":"","overlay-gradient":""},"mobile":{"background-color":"","background-image":"","background-repeat":"repeat","background-position":"center center","background-size":"auto","background-attachment":"scroll","background-type":"","background-media":"","overlay-type":"","overlay-color":"","overlay-opacity":"","overlay-gradient":""}},"ast-content-background-meta":{"desktop":{"background-color":"var(--ast-global-color-5)","background-image":"","background-repeat":"repeat","background-position":"center center","background-size":"auto","background-attachment":"scroll","background-type":"","background-media":"","overlay-type":"","overlay-color":"","overlay-opacity":"","overlay-gradient":""},"tablet":{"background-color":"var(--ast-global-color-5)","background-image":"","background-repeat":"repeat","background-position":"center center","background-size":"auto","background-attachment":"scroll","background-type":"","background-media":"","overlay-type":"","overlay-color":"","overlay-opacity":"","overlay-gradient":""},"mobile":{"background-color":"var(--ast-global-color-5)","background-image":"","background-repeat":"repeat","background-position":"center center","background-size":"auto","background-attachment":"scroll","background-type":"","background-media":"","overlay-type":"","overlay-color":"","overlay-opacity":"","overlay-gradient":""}},"footnotes":""},"categories":[342],"tags":[],"class_list":["post-13047","post","type-post","status-publish","format-standard","has-post-thumbnail","hentry","category-formacions"],"post_mailing_queue_ids":[],"_links":{"self":[{"href":"https:\/\/projectes.xtec.cat\/steamcat\/wp-json\/wp\/v2\/posts\/13047","targetHints":{"allow":["GET"]}}],"collection":[{"href":"https:\/\/projectes.xtec.cat\/steamcat\/wp-json\/wp\/v2\/posts"}],"about":[{"href":"https:\/\/projectes.xtec.cat\/steamcat\/wp-json\/wp\/v2\/types\/post"}],"author":[{"embeddable":true,"href":"https:\/\/projectes.xtec.cat\/steamcat\/wp-json\/wp\/v2\/users\/24"}],"replies":[{"embeddable":true,"href":"https:\/\/projectes.xtec.cat\/steamcat\/wp-json\/wp\/v2\/comments?post=13047"}],"version-history":[{"count":2,"href":"https:\/\/projectes.xtec.cat\/steamcat\/wp-json\/wp\/v2\/posts\/13047\/revisions"}],"predecessor-version":[{"id":20565,"href":"https:\/\/projectes.xtec.cat\/steamcat\/wp-json\/wp\/v2\/posts\/13047\/revisions\/20565"}],"wp:featuredmedia":[{"embeddable":true,"href":"https:\/\/projectes.xtec.cat\/steamcat\/wp-json\/wp\/v2\/media\/13048"}],"wp:attachment":[{"href":"https:\/\/projectes.xtec.cat\/steamcat\/wp-json\/wp\/v2\/media?parent=13047"}],"wp:term":[{"taxonomy":"category","embeddable":true,"href":"https:\/\/projectes.xtec.cat\/steamcat\/wp-json\/wp\/v2\/categories?post=13047"},{"taxonomy":"post_tag","embeddable":true,"href":"https:\/\/projectes.xtec.cat\/steamcat\/wp-json\/wp\/v2\/tags?post=13047"}],"curies":[{"name":"wp","href":"https:\/\/api.w.org\/{rel}","templated":true}]}}