{"id":13537,"date":"2023-02-27T10:04:17","date_gmt":"2023-02-27T09:04:17","guid":{"rendered":"https:\/\/projectes.xtec.cat\/steamcat\/?p=13537"},"modified":"2026-02-03T11:39:23","modified_gmt":"2026-02-03T10:39:23","slug":"formacio-medi-fer-pensar-parlar-i-sentir-des-de-lsteam-3a-edicio","status":"publish","type":"post","link":"https:\/\/projectes.xtec.cat\/steamcat\/formacions\/formacio-medi-fer-pensar-parlar-i-sentir-des-de-lsteam-3a-edicio\/","title":{"rendered":"Formaci\u00f3. Medi: fer, pensar, parlar i sentir des de l&#8217;STEAM (3a edici\u00f3)"},"content":{"rendered":"<p><img loading=\"lazy\" decoding=\"async\" class=\"size-full wp-image-13539 alignleft\" src=\"https:\/\/projectes.xtec.cat\/steamcat\/wp-content\/uploads\/usu1760\/2023\/02\/integration-2031395_640-1.png\" alt=\"\" width=\"600\" height=\"250\" srcset=\"https:\/\/projectes.xtec.cat\/steamcat\/wp-content\/uploads\/usu1760\/2023\/02\/integration-2031395_640-1.png 600w, https:\/\/projectes.xtec.cat\/steamcat\/wp-content\/uploads\/usu1760\/2023\/02\/integration-2031395_640-1-300x125.png 300w\" sizes=\"auto, (max-width: 600px) 100vw, 600px\" \/>L\u2019objectiu \u00e9s ampliar els sabers en la did\u00e0ctica del Coneixement del Medi, aprofundint en les maneres de fer, pensar, parlar i sentir des de les Ci\u00e8ncies Naturals i les Ci\u00e8ncies Socials; tot integrant les matem\u00e0tiques, l\u2019art i la tecnologia per ajudar a desenvolupar persones cr\u00edtiques i implicades.<\/p>\n<p>Dates: del 27 de mar\u00e7 al 27 de maig<\/p>\n<p>Format: Telem\u00e0tic<\/p>\n<p>Persones destinat\u00e0ries: Mestres d&#8217;Ed Infantil i Ed Prim\u00e0ria que HAGIN FET EL CURS MEDI I STEAM PER ENTENDRE EL M\u00d3N<\/p>\n<p><a href=\"https:\/\/aplicacions.gestioeducativa.gencat.cat\/pls\/soloas\/pk_for_mod_ins.p_for_detall_activitat?p_codi=9005100532&amp;p_curs=2022-2023&amp;p_es_inscr=S\" target=\"_blank\" rel=\"noopener\">Inscripcions<\/a><\/p>\n","protected":false},"excerpt":{"rendered":"<p>L\u2019objectiu \u00e9s ampliar els sabers en la did\u00e0ctica del Coneixement del Medi, aprofundint en les maneres de fer, pensar, parlar i sentir des de les Ci\u00e8ncies Naturals i les Ci\u00e8ncies Socials; tot integrant les matem\u00e0tiques, l\u2019art i la tecnologia per ajudar a desenvolupar persones cr\u00edtiques i implicades. Dates: del 27 de mar\u00e7 al 27 de [&hellip;]<\/p>\n","protected":false},"author":24,"featured_media":13539,"comment_status":"closed","ping_status":"closed","sticky":false,"template":"","format":"standard","meta":{"_bbp_topic_count":0,"_bbp_reply_count":0,"_bbp_total_topic_count":0,"_bbp_total_reply_count":0,"_bbp_voice_count":0,"_bbp_anonymous_reply_count":0,"_bbp_topic_count_hidden":0,"_bbp_reply_count_hidden":0,"_bbp_forum_subforum_count":0,"site-sidebar-layout":"default","site-content-layout":"","ast-site-content-layout":"default","site-content-style":"default","site-sidebar-style":"default","ast-global-header-display":"","ast-banner-title-visibility":"","ast-main-header-display":"","ast-hfb-above-header-display":"","ast-hfb-below-header-display":"","ast-hfb-mobile-header-display":"","site-post-title":"","ast-breadcrumbs-content":"","ast-featured-img":"disabled","footer-sml-layout":"","theme-transparent-header-meta":"","adv-header-id-meta":"","stick-header-meta":"","header-above-stick-meta":"","header-main-stick-meta":"","header-below-stick-meta":"","astra-migrate-meta-layouts":"set","ast-page-background-enabled":"default","ast-page-background-meta":{"desktop":{"background-color":"var(--ast-global-color-4)","background-image":"","background-repeat":"repeat","background-position":"center center","background-size":"auto","background-attachment":"scroll","background-type":"","background-media":"","overlay-type":"","overlay-color":"","overlay-opacity":"","overlay-gradient":""},"tablet":{"background-color":"","background-image":"","background-repeat":"repeat","background-position":"center center","background-size":"auto","background-attachment":"scroll","background-type":"","background-media":"","overlay-type":"","overlay-color":"","overlay-opacity":"","overlay-gradient":""},"mobile":{"background-color":"","background-image":"","background-repeat":"repeat","background-position":"center center","background-size":"auto","background-attachment":"scroll","background-type":"","background-media":"","overlay-type":"","overlay-color":"","overlay-opacity":"","overlay-gradient":""}},"ast-content-background-meta":{"desktop":{"background-color":"var(--ast-global-color-5)","background-image":"","background-repeat":"repeat","background-position":"center center","background-size":"auto","background-attachment":"scroll","background-type":"","background-media":"","overlay-type":"","overlay-color":"","overlay-opacity":"","overlay-gradient":""},"tablet":{"background-color":"var(--ast-global-color-5)","background-image":"","background-repeat":"repeat","background-position":"center center","background-size":"auto","background-attachment":"scroll","background-type":"","background-media":"","overlay-type":"","overlay-color":"","overlay-opacity":"","overlay-gradient":""},"mobile":{"background-color":"var(--ast-global-color-5)","background-image":"","background-repeat":"repeat","background-position":"center center","background-size":"auto","background-attachment":"scroll","background-type":"","background-media":"","overlay-type":"","overlay-color":"","overlay-opacity":"","overlay-gradient":""}},"footnotes":""},"categories":[342],"tags":[],"class_list":["post-13537","post","type-post","status-publish","format-standard","has-post-thumbnail","hentry","category-formacions"],"post_mailing_queue_ids":[],"_links":{"self":[{"href":"https:\/\/projectes.xtec.cat\/steamcat\/wp-json\/wp\/v2\/posts\/13537","targetHints":{"allow":["GET"]}}],"collection":[{"href":"https:\/\/projectes.xtec.cat\/steamcat\/wp-json\/wp\/v2\/posts"}],"about":[{"href":"https:\/\/projectes.xtec.cat\/steamcat\/wp-json\/wp\/v2\/types\/post"}],"author":[{"embeddable":true,"href":"https:\/\/projectes.xtec.cat\/steamcat\/wp-json\/wp\/v2\/users\/24"}],"replies":[{"embeddable":true,"href":"https:\/\/projectes.xtec.cat\/steamcat\/wp-json\/wp\/v2\/comments?post=13537"}],"version-history":[{"count":3,"href":"https:\/\/projectes.xtec.cat\/steamcat\/wp-json\/wp\/v2\/posts\/13537\/revisions"}],"predecessor-version":[{"id":20392,"href":"https:\/\/projectes.xtec.cat\/steamcat\/wp-json\/wp\/v2\/posts\/13537\/revisions\/20392"}],"wp:featuredmedia":[{"embeddable":true,"href":"https:\/\/projectes.xtec.cat\/steamcat\/wp-json\/wp\/v2\/media\/13539"}],"wp:attachment":[{"href":"https:\/\/projectes.xtec.cat\/steamcat\/wp-json\/wp\/v2\/media?parent=13537"}],"wp:term":[{"taxonomy":"category","embeddable":true,"href":"https:\/\/projectes.xtec.cat\/steamcat\/wp-json\/wp\/v2\/categories?post=13537"},{"taxonomy":"post_tag","embeddable":true,"href":"https:\/\/projectes.xtec.cat\/steamcat\/wp-json\/wp\/v2\/tags?post=13537"}],"curies":[{"name":"wp","href":"https:\/\/api.w.org\/{rel}","templated":true}]}}