{"id":13648,"date":"2023-03-24T12:04:55","date_gmt":"2023-03-24T11:04:55","guid":{"rendered":"https:\/\/projectes.xtec.cat\/steamcat\/?p=13648"},"modified":"2026-02-09T14:40:46","modified_gmt":"2026-02-09T13:40:46","slug":"xi-premi-escola-agricultura-i-alimentacio-ecologica-2023","status":"publish","type":"post","link":"https:\/\/projectes.xtec.cat\/steamcat\/general\/xi-premi-escola-agricultura-i-alimentacio-ecologica-2023\/","title":{"rendered":"XI Premi Escola, Agricultura i Alimentaci\u00f3 Ecol\u00f2gica 2023"},"content":{"rendered":"\n<div class=\"wp-block-image\"><figure class=\"aligncenter size-large\"><a href=\"https:\/\/projectes.xtec.cat\/steamcat\/wp-content\/uploads\/usu1760\/2020\/10\/premi-escola.png\"><img loading=\"lazy\" decoding=\"async\" width=\"1022\" height=\"307\" src=\"https:\/\/projectes.xtec.cat\/steamcat\/wp-content\/uploads\/usu1760\/2020\/10\/premi-escola.png\" alt=\"\" class=\"wp-image-10579\" srcset=\"https:\/\/projectes.xtec.cat\/steamcat\/wp-content\/uploads\/usu1760\/2020\/10\/premi-escola.png 1022w, https:\/\/projectes.xtec.cat\/steamcat\/wp-content\/uploads\/usu1760\/2020\/10\/premi-escola-300x90.png 300w, https:\/\/projectes.xtec.cat\/steamcat\/wp-content\/uploads\/usu1760\/2020\/10\/premi-escola-768x231.png 768w\" sizes=\"auto, (max-width: 1022px) 100vw, 1022px\" \/><\/a><\/figure><\/div>\n\n\n\n<h4 class=\"has-text-color has-background wp-block-heading\" style=\"background-color:#efe9d2;color:#395b11\"><strong><span style=\"color:#298e69\" class=\"has-inline-color\">Qu\u00e8 \u00e9s el Premi Escola, Agricultura i Alimentaci\u00f3 ecol\u00f2gica?<\/span><\/strong><\/h4>\n\n\n\n<div class=\"wp-block-group\"><div class=\"wp-block-group__inner-container is-layout-flow wp-block-group-is-layout-flow\">\n<p>Es tracta d\u2019un premi creat per la&nbsp;Generalitat de Catalunya&nbsp;(Departaments d\u2019Acci\u00f3 Clim\u00e0tica, Alimentaci\u00f3 i Agenda Rural i Educaci\u00f3) i l\u2019Associaci\u00f3 Vida Sana, amb la col\u00b7laboraci\u00f3 de la&nbsp;Xarxa d\u2019Escoles per a la Sostenibilitat de Catalunya&nbsp;(XESC).<\/p>\n\n\n\n<p>L\u2019<strong>objectiu<\/strong>&nbsp;del&nbsp;Premi Escola, Agricultura i Alimentaci\u00f3 Ecol\u00f2gica&nbsp;\u00e9s el de recon\u00e8ixer i incentivar la realitzaci\u00f3 de projectes i l\u00ednies de treball dels centres educatius de Catalunya, aix\u00ed com l\u2019elaboraci\u00f3 de material pedag\u00f2gic,&nbsp;destinats a promoure el coneixement de l\u2019agricultura, la ramaderia i l\u2019alimentaci\u00f3 ecol\u00f2giques,&nbsp;especialment dels seus valors socials, econ\u00f2mics i ambientals, tant entre el propi alumnat del centre com tamb\u00e9 cap al conjunt de la comunitat educativa&nbsp;i la societat.<\/p>\n<\/div><\/div>\n\n\n\n<h4 class=\"has-text-color has-background wp-block-heading\" style=\"background-color:#efe9d2;color:#395b11\"><strong><span style=\"color:#298e69\" class=\"has-inline-color\">Qui pot optar al premi<\/span><\/strong><\/h4>\n\n\n\n<ul class=\"wp-block-list\"><li><strong>Centres educatius d\u2019educaci\u00f3 infantil, prim\u00e0ria, secund\u00e0ria, batxillerat, formaci\u00f3 professional, educaci\u00f3 especial i llars d\u2019infants de Catalunya<\/strong>&nbsp;que, relacionat amb la producci\u00f3 agr\u00e0ria o l\u2019alimentaci\u00f3 ecol\u00f2giques en l\u2019\u00e0mbit de l\u2019agroecologia escolar que:<\/li><\/ul>\n\n\n\n<div class=\"wp-block-columns is-layout-flex wp-container-core-columns-is-layout-3 wp-block-columns-is-layout-flex\">\n<div class=\"wp-block-column is-layout-flow wp-block-column-is-layout-flow\" style=\"flex-basis:50%\">\n<div class=\"wp-block-columns is-layout-flex wp-container-core-columns-is-layout-1 wp-block-columns-is-layout-flex\">\n<div class=\"wp-block-column is-layout-flow wp-block-column-is-layout-flow\" style=\"flex-basis:100%\">\n<blockquote class=\"wp-block-quote is-layout-flow wp-block-quote-is-layout-flow\"><p><strong>hagin realitzat <\/strong>un projecte o una experi\u00e8ncia pedag\u00f2gica al llarg del curs escolar 2022-2023&nbsp;<\/p><\/blockquote>\n<\/div>\n<\/div>\n<\/div>\n\n\n\n<div class=\"wp-block-column is-layout-flow wp-block-column-is-layout-flow\" style=\"flex-basis:50%\">\n<div class=\"wp-block-columns is-layout-flex wp-container-core-columns-is-layout-2 wp-block-columns-is-layout-flex\">\n<div class=\"wp-block-column is-layout-flow wp-block-column-is-layout-flow\" style=\"flex-basis:100%\">\n<blockquote class=\"wp-block-quote is-layout-flow wp-block-quote-is-layout-flow\"><p>&nbsp;tinguin una proposta&nbsp;de projecte&nbsp;<strong>a desenvolupar<\/strong> durant el curs 2023-24&nbsp;<\/p><\/blockquote>\n<\/div>\n<\/div>\n<\/div>\n<\/div>\n\n\n\n<ul class=\"wp-block-list\"><li><strong>Entitats, universitats i empreses<\/strong> que hagin desenvolupat projectes o material pedag\u00f2gic amb fins educatius relacionats amb la producci\u00f3 i l\u2019alimentaci\u00f3 ecol\u00f2gica o l\u2019agroecologia escolar.<\/li><\/ul>\n\n\n\n<h4 class=\"has-text-color has-background wp-block-heading\" style=\"background-color:#efe9d2;color:#395b11\"><strong><span style=\"color:#298e69\" class=\"has-inline-color\">Terminis<\/span><\/strong><\/h4>\n\n\n\n<p>El termini per a presentar candidatura ser\u00e0 del&nbsp;<strong>6 de juny&nbsp;<\/strong>al<strong>&nbsp;24 de juliol&nbsp;<\/strong>de 2023<strong>.<\/strong><\/p>\n\n\n\n<h4 class=\"has-text-color has-background wp-block-heading\" style=\"background-color:#efe9d2;color:#395b11\"><strong><span style=\"color:#298e69\" class=\"has-inline-color\">Premis<\/span><\/strong><\/h4>\n\n\n\n<div class=\"wp-block-group\"><div class=\"wp-block-group__inner-container is-layout-flow wp-block-group-is-layout-flow\">\n<p>Activitats desenvolupades i finalitzades durant el curs 2022-23dotat amb <strong>1.250 \u20ac<\/strong><\/p>\n\n\n\n<p>Material pedag\u00f2gic amb fins educatius relacionats amb la producci\u00f3 i l\u2019alimentaci\u00f3 ecol\u00f2gica o l\u2019agroecologia escolar dotat amb <strong>1.250 \u20ac<\/strong><\/p>\n\n\n\n<p>Idees d\u2019activitats o projectes a desenvolupar durant el curs 2023-24 dotat amb <strong>750 \u20ac<\/strong><\/p>\n\n\n\n<p>La dotaci\u00f3 del premi anir\u00e0 destinada a donar continu\u00eftat a les actuacions objecte del premi aix\u00ed com a comen\u00e7ar-ne de noves.<\/p>\n\n\n\n<p>El jurat tindr\u00e0 la potestat d\u2019atorgar, si ho creu convenient, un o m\u00e9s acc\u00e8ssits sense dotaci\u00f3 econ\u00f2mica, o de declarar deserts els premis, si considera que les candidatures no tenen el suficient nivell.<\/p>\n<\/div><\/div>\n\n\n\n<div class=\"wp-block-buttons is-content-justification-center is-layout-flex wp-block-buttons-is-layout-flex\">\n<div class=\"wp-block-button has-custom-width wp-block-button__width-25 is-style-fill\"><a class=\"wp-block-button__link has-background\" href=\"https:\/\/setmanabio.cat\/premi-escola\/\" style=\"border-radius:15px;background-color:#298e69\" target=\"_blank\" rel=\"noreferrer noopener\"><strong>+ informaci\u00f3<\/strong><\/a><\/div>\n<\/div>\n","protected":false},"excerpt":{"rendered":"<p>Qu\u00e8 \u00e9s el Premi Escola, Agricultura i Alimentaci\u00f3 ecol\u00f2gica? Es tracta d\u2019un premi creat per la&nbsp;Generalitat de Catalunya&nbsp;(Departaments d\u2019Acci\u00f3 Clim\u00e0tica, Alimentaci\u00f3 i Agenda Rural i Educaci\u00f3) i l\u2019Associaci\u00f3 Vida Sana, amb la col\u00b7laboraci\u00f3 de la&nbsp;Xarxa d\u2019Escoles per a la Sostenibilitat de Catalunya&nbsp;(XESC). L\u2019objectiu&nbsp;del&nbsp;Premi Escola, Agricultura i Alimentaci\u00f3 Ecol\u00f2gica&nbsp;\u00e9s el de recon\u00e8ixer i incentivar la realitzaci\u00f3 [&hellip;]<\/p>\n","protected":false},"author":24,"featured_media":10579,"comment_status":"closed","ping_status":"open","sticky":false,"template":"","format":"standard","meta":{"_bbp_topic_count":0,"_bbp_reply_count":0,"_bbp_total_topic_count":0,"_bbp_total_reply_count":0,"_bbp_voice_count":0,"_bbp_anonymous_reply_count":0,"_bbp_topic_count_hidden":0,"_bbp_reply_count_hidden":0,"_bbp_forum_subforum_count":0,"site-sidebar-layout":"default","site-content-layout":"","ast-site-content-layout":"default","site-content-style":"default","site-sidebar-style":"default","ast-global-header-display":"","ast-banner-title-visibility":"","ast-main-header-display":"","ast-hfb-above-header-display":"","ast-hfb-below-header-display":"","ast-hfb-mobile-header-display":"","site-post-title":"","ast-breadcrumbs-content":"","ast-featured-img":"disabled","footer-sml-layout":"","theme-transparent-header-meta":"","adv-header-id-meta":"","stick-header-meta":"","header-above-stick-meta":"","header-main-stick-meta":"","header-below-stick-meta":"","astra-migrate-meta-layouts":"set","ast-page-background-enabled":"default","ast-page-background-meta":{"desktop":{"background-color":"var(--ast-global-color-4)","background-image":"","background-repeat":"repeat","background-position":"center center","background-size":"auto","background-attachment":"scroll","background-type":"","background-media":"","overlay-type":"","overlay-color":"","overlay-opacity":"","overlay-gradient":""},"tablet":{"background-color":"","background-image":"","background-repeat":"repeat","background-position":"center center","background-size":"auto","background-attachment":"scroll","background-type":"","background-media":"","overlay-type":"","overlay-color":"","overlay-opacity":"","overlay-gradient":""},"mobile":{"background-color":"","background-image":"","background-repeat":"repeat","background-position":"center center","background-size":"auto","background-attachment":"scroll","background-type":"","background-media":"","overlay-type":"","overlay-color":"","overlay-opacity":"","overlay-gradient":""}},"ast-content-background-meta":{"desktop":{"background-color":"var(--ast-global-color-5)","background-image":"","background-repeat":"repeat","background-position":"center center","background-size":"auto","background-attachment":"scroll","background-type":"","background-media":"","overlay-type":"","overlay-color":"","overlay-opacity":"","overlay-gradient":""},"tablet":{"background-color":"var(--ast-global-color-5)","background-image":"","background-repeat":"repeat","background-position":"center center","background-size":"auto","background-attachment":"scroll","background-type":"","background-media":"","overlay-type":"","overlay-color":"","overlay-opacity":"","overlay-gradient":""},"mobile":{"background-color":"var(--ast-global-color-5)","background-image":"","background-repeat":"repeat","background-position":"center center","background-size":"auto","background-attachment":"scroll","background-type":"","background-media":"","overlay-type":"","overlay-color":"","overlay-opacity":"","overlay-gradient":""}},"footnotes":""},"categories":[1,437],"tags":[],"class_list":["post-13648","post","type-post","status-publish","format-standard","has-post-thumbnail","hentry","category-general","category-fires-i-premis"],"post_mailing_queue_ids":[],"_links":{"self":[{"href":"https:\/\/projectes.xtec.cat\/steamcat\/wp-json\/wp\/v2\/posts\/13648","targetHints":{"allow":["GET"]}}],"collection":[{"href":"https:\/\/projectes.xtec.cat\/steamcat\/wp-json\/wp\/v2\/posts"}],"about":[{"href":"https:\/\/projectes.xtec.cat\/steamcat\/wp-json\/wp\/v2\/types\/post"}],"author":[{"embeddable":true,"href":"https:\/\/projectes.xtec.cat\/steamcat\/wp-json\/wp\/v2\/users\/24"}],"replies":[{"embeddable":true,"href":"https:\/\/projectes.xtec.cat\/steamcat\/wp-json\/wp\/v2\/comments?post=13648"}],"version-history":[{"count":4,"href":"https:\/\/projectes.xtec.cat\/steamcat\/wp-json\/wp\/v2\/posts\/13648\/revisions"}],"predecessor-version":[{"id":18480,"href":"https:\/\/projectes.xtec.cat\/steamcat\/wp-json\/wp\/v2\/posts\/13648\/revisions\/18480"}],"wp:featuredmedia":[{"embeddable":true,"href":"https:\/\/projectes.xtec.cat\/steamcat\/wp-json\/wp\/v2\/media\/10579"}],"wp:attachment":[{"href":"https:\/\/projectes.xtec.cat\/steamcat\/wp-json\/wp\/v2\/media?parent=13648"}],"wp:term":[{"taxonomy":"category","embeddable":true,"href":"https:\/\/projectes.xtec.cat\/steamcat\/wp-json\/wp\/v2\/categories?post=13648"},{"taxonomy":"post_tag","embeddable":true,"href":"https:\/\/projectes.xtec.cat\/steamcat\/wp-json\/wp\/v2\/tags?post=13648"}],"curies":[{"name":"wp","href":"https:\/\/api.w.org\/{rel}","templated":true}]}}