{"id":14941,"date":"2023-10-06T14:24:41","date_gmt":"2023-10-06T12:24:41","guid":{"rendered":"https:\/\/projectes.xtec.cat\/steamcat\/?p=14941"},"modified":"2026-02-09T15:03:21","modified_gmt":"2026-02-09T14:03:21","slug":"sc23-dia-de-la-ciencia-a-les-escoles","status":"publish","type":"post","link":"https:\/\/projectes.xtec.cat\/steamcat\/general\/sc23-dia-de-la-ciencia-a-les-escoles\/","title":{"rendered":"SC23 Dia de la Ci\u00e8ncia a les Escoles"},"content":{"rendered":"\n<p>La Fundaci\u00f3 Catalana per a la Recerca i la Innovaci\u00f3 (FCRI), amb el suport del Departament d\u2019Educaci\u00f3, organitza la <a href=\"https:\/\/setmanaciencia.fundaciorecerca.cat\/frontend\/home.asp\" data-type=\"URL\" data-id=\"https:\/\/setmanaciencia.fundaciorecerca.cat\/frontend\/home.asp\" target=\"_blank\" rel=\"noreferrer noopener\">28a edici\u00f3 de la Setmana de la Ci\u00e8ncia,<\/a> que se celebrar\u00e0 del 10 al 19 de novembre, arreu de Catalunya.<\/p>\n\n\n\n<p>El dia de la<strong> Ci\u00e8ncia a les Escoles <\/strong>se celebrar\u00e0 el<strong> 15 de novembre<\/strong> al mat\u00ed amb la finalitat del foment de les vocacions cient\u00edfiques i tecnol\u00f2giques entre l\u2019alumnat del nostre pa\u00eds, pretenent apropar els i les cient\u00edfiques als centres educatius de secund\u00e0ria.<\/p>\n\n\n\n<p>Enguany, l\u2019activitat se celebrar\u00e0 en format virtual, s&#8217;adre\u00e7a a l\u2019alumnat de <strong>3r i 4t d\u2019ESO<\/strong> i va a c\u00e0rrec de cient\u00edfics que es dediquen a la investigaci\u00f3 i que expliquen la seva tasca, tant des del vessant cient\u00edfic com des de l&#8217;hum\u00e0.<\/p>\n\n\n\n<p>Les 4 sessions es celebren a la seu de l\u2019FCRi, transmeses en directe pel <a href=\"https:\/\/www.youtube.com\/user\/fcrivideo\">canal de YouTube<\/a>, en els seg\u00fcents horaris:<\/p>\n\n\n\n<p><strong>9.30 h: Microgravetat<\/strong><\/p>\n\n\n\n<p><strong>&nbsp;Jos\u00e9 Ignacio Rojas<\/strong>, divisi\u00f3 d&#8217;Enginyeria Aeroespacial del Departament de F\u00edsica de la UPC, i investigador de l&#8217;Escola d&#8217;Enginyeria de Telecomunicaci\u00f3 i Aeroespacial de Castelldefels<\/p>\n\n\n\n<p><strong>10.30 h: Nanotecnologia<\/strong><\/p>\n\n\n\n<p><strong>Jordi D\u00edaz<\/strong>, professor de Qu\u00edmica al Departament de Materials, i t\u00e8cnic a la Unitat de T\u00e8cniques Nanom\u00e8triques dels Centres Cient\u00edfics i Tecnol\u00f2gics, de la Universitat de Barcelona<strong>.<\/strong><\/p>\n\n\n\n<p><strong>11.30 h: Espai<\/strong><\/p>\n\n\n\n<p><strong>N\u00faria Jar<\/strong>, periodista especialitzada en ci\u00e8ncia i salut i membre de la tripulaci\u00f3 Hypatia<\/p>\n\n\n\n<p><strong>12.30 h: Meteorologia<\/strong><\/p>\n\n\n\n<p><strong>Eloi Cordom\u00ed<\/strong>, f\u00edsic i meteor\u00f2leg a Televisi\u00f3 de Catalunya<\/p>\n\n\n\n<div class=\"wp-block-columns is-layout-flex wp-container-core-columns-is-layout-1 wp-block-columns-is-layout-flex\">\n<div class=\"wp-block-column is-layout-flow wp-block-column-is-layout-flow\" style=\"flex-basis:100%\">\n<div class=\"wp-block-group\"><div class=\"wp-block-group__inner-container is-layout-flow wp-block-group-is-layout-flow\">\n<center><iframe loading=\"lazy\" src=\"https:\/\/docs.google.com\/presentation\/d\/e\/2PACX-1vSptrRaPz2oc-G8D47p4hyIoGOwn9ehfQNFp6OOF4g8hAnwnDfu5DbmXp4aUK8SqM_UAL0O2zIGCWFr\/embed?start=false&amp;loop=false&amp;delayms=3000\" frameborder=\"0\" width=\"548\" height=\"426\" allowfullscreen=\"true\" mozallowfullscreen=\"true\" webkitallowfullscreen=\"true\"><\/iframe>\n<\/div><\/div>\n<\/div>\n<\/div>\n\n\n\n<p><\/p>\n\n\n\n<p>L\u2019activitat es fonamenta en tres parts:&nbsp;<\/p>\n\n\n\n<ol class=\"wp-block-list\"><li>Difusi\u00f3 d\u2019un v\u00eddeo, d\u2019una durada d\u2019uns 5-10 minuts, on el\/la cient\u00edfic\/a explicar\u00e0 de forma did\u00e0ctica:<\/li><\/ol>\n\n\n\n<ul class=\"wp-block-list\"><li>&nbsp;La seva disciplina cient\u00edfica&nbsp;<\/li><li>&nbsp;Qu\u00e8 investiga&nbsp;<\/li><li>Per qu\u00e8 s\u2019ha dedicat a la recerca&nbsp;<\/li><\/ul>\n\n\n\n<ol class=\"wp-block-list\" start=\"2\"><li>&nbsp;Aquest v\u00eddeo el visualitzar\u00e0 l\u2019alumnat en hores lectives juntament amb els seus professors\/es. L\u2019alumnat ens faran arribar imatge del repte aconseguit (foto o v\u00eddeo) aix\u00ed com les preguntes que volen formular als\/a les cient\u00edfics\/ques. En farem una selecci\u00f3 de tot plegat.&nbsp;Un cop vist el v\u00eddeo, es treballar\u00e0 en com aconseguir el repte i es plantejaran quins dubtes o preguntes volen fer arribar al\/a la cient\u00edfic\/a.&nbsp;<br><a href=\"https:\/\/forms.gle\/duWkFkBXWvtviZA1A\">Formulari d\u2019enviament de reptes i preguntes<\/a><\/li><li>El dia 15 de novembre al mat\u00ed, connexi\u00f3 en l\u00ednia amb cadascun dels\/de les 4 cient\u00edfics\/ques, on els alumnes podran fer les preguntes relacionades amb la seva recerca i amb aspectes m\u00e9s personals.<\/li><\/ol>\n\n\n\n<p>Les connexions de les pon\u00e8ncies es transmetran en directe des del&nbsp;<a rel=\"noreferrer noopener\" href=\"https:\/\/www.youtube.com\/user\/fcrivideo\" target=\"_blank\">canal de Youtube de la FCRI<\/a>&nbsp;el mat\u00ed del dia 15 de novembre.<\/p>\n\n\n\n<p>Aprofitem per falicitar-vos l&#8217;enlla\u00e7 que han d\u2019omplir els centres educatius interessats a participar en l\u2019activitat,&nbsp;<strong>abans del 23 d&#8217;octubre.<\/strong><\/p>\n\n\n\n<p><a rel=\"noreferrer noopener\" href=\"https:\/\/forms.gle\/62CW8ffzG7NLMP3x9\" target=\"_blank\">Formulari d&#8217;inscripci\u00f3 dels centres&nbsp;<\/a><\/p>\n\n\n\n<p>Els centres que ho desitgin podran participar en directe el mateix dia 15 de novembre, podran enviar els reptes i les preguntes als cient\u00edfics per a qu\u00e8 les comentin en directe.<\/p>\n\n\n\n<div class=\"wp-block-getwid-section alignfull alignfull getwid-section-content-custom-width\"><div class=\"wp-block-getwid-section__wrapper getwid-padding-left-medium getwid-padding-right-medium\"><div class=\"wp-block-getwid-section__inner-wrapper\" style=\"max-width:1140px\"><div class=\"wp-block-getwid-section__background-holder\"><div class=\"wp-block-getwid-section__background\"><\/div><div class=\"wp-block-getwid-section__foreground\"><\/div><\/div><div class=\"wp-block-getwid-section__content\"><div class=\"wp-block-getwid-section__inner-content\"><\/div><\/div><\/div><\/div><\/div>\n\n\n\n<p><\/p>\n","protected":false},"excerpt":{"rendered":"<p>La Fundaci\u00f3 Catalana per a la Recerca i la Innovaci\u00f3 (FCRI), amb el suport del Departament d\u2019Educaci\u00f3, organitza la 28a edici\u00f3 de la Setmana de la Ci\u00e8ncia, que se celebrar\u00e0 del 10 al 19 de novembre, arreu de Catalunya. El dia de la Ci\u00e8ncia a les Escoles se celebrar\u00e0 el 15 de novembre al mat\u00ed [&hellip;]<\/p>\n","protected":false},"author":24,"featured_media":14943,"comment_status":"closed","ping_status":"open","sticky":false,"template":"","format":"standard","meta":{"_bbp_topic_count":0,"_bbp_reply_count":0,"_bbp_total_topic_count":0,"_bbp_total_reply_count":0,"_bbp_voice_count":0,"_bbp_anonymous_reply_count":0,"_bbp_topic_count_hidden":0,"_bbp_reply_count_hidden":0,"_bbp_forum_subforum_count":0,"site-sidebar-layout":"default","site-content-layout":"","ast-site-content-layout":"default","site-content-style":"default","site-sidebar-style":"default","ast-global-header-display":"","ast-banner-title-visibility":"","ast-main-header-display":"","ast-hfb-above-header-display":"","ast-hfb-below-header-display":"","ast-hfb-mobile-header-display":"","site-post-title":"","ast-breadcrumbs-content":"","ast-featured-img":"disabled","footer-sml-layout":"","theme-transparent-header-meta":"","adv-header-id-meta":"","stick-header-meta":"","header-above-stick-meta":"","header-main-stick-meta":"","header-below-stick-meta":"","astra-migrate-meta-layouts":"set","ast-page-background-enabled":"default","ast-page-background-meta":{"desktop":{"background-color":"var(--ast-global-color-4)","background-image":"","background-repeat":"repeat","background-position":"center center","background-size":"auto","background-attachment":"scroll","background-type":"","background-media":"","overlay-type":"","overlay-color":"","overlay-opacity":"","overlay-gradient":""},"tablet":{"background-color":"","background-image":"","background-repeat":"repeat","background-position":"center center","background-size":"auto","background-attachment":"scroll","background-type":"","background-media":"","overlay-type":"","overlay-color":"","overlay-opacity":"","overlay-gradient":""},"mobile":{"background-color":"","background-image":"","background-repeat":"repeat","background-position":"center center","background-size":"auto","background-attachment":"scroll","background-type":"","background-media":"","overlay-type":"","overlay-color":"","overlay-opacity":"","overlay-gradient":""}},"ast-content-background-meta":{"desktop":{"background-color":"var(--ast-global-color-5)","background-image":"","background-repeat":"repeat","background-position":"center center","background-size":"auto","background-attachment":"scroll","background-type":"","background-media":"","overlay-type":"","overlay-color":"","overlay-opacity":"","overlay-gradient":""},"tablet":{"background-color":"var(--ast-global-color-5)","background-image":"","background-repeat":"repeat","background-position":"center center","background-size":"auto","background-attachment":"scroll","background-type":"","background-media":"","overlay-type":"","overlay-color":"","overlay-opacity":"","overlay-gradient":""},"mobile":{"background-color":"var(--ast-global-color-5)","background-image":"","background-repeat":"repeat","background-position":"center center","background-size":"auto","background-attachment":"scroll","background-type":"","background-media":"","overlay-type":"","overlay-color":"","overlay-opacity":"","overlay-gradient":""}},"footnotes":""},"categories":[359,1],"tags":[],"class_list":["post-14941","post","type-post","status-publish","format-standard","has-post-thumbnail","hentry","category-esdeveniments","category-general"],"post_mailing_queue_ids":[],"_links":{"self":[{"href":"https:\/\/projectes.xtec.cat\/steamcat\/wp-json\/wp\/v2\/posts\/14941","targetHints":{"allow":["GET"]}}],"collection":[{"href":"https:\/\/projectes.xtec.cat\/steamcat\/wp-json\/wp\/v2\/posts"}],"about":[{"href":"https:\/\/projectes.xtec.cat\/steamcat\/wp-json\/wp\/v2\/types\/post"}],"author":[{"embeddable":true,"href":"https:\/\/projectes.xtec.cat\/steamcat\/wp-json\/wp\/v2\/users\/24"}],"replies":[{"embeddable":true,"href":"https:\/\/projectes.xtec.cat\/steamcat\/wp-json\/wp\/v2\/comments?post=14941"}],"version-history":[{"count":5,"href":"https:\/\/projectes.xtec.cat\/steamcat\/wp-json\/wp\/v2\/posts\/14941\/revisions"}],"predecessor-version":[{"id":20622,"href":"https:\/\/projectes.xtec.cat\/steamcat\/wp-json\/wp\/v2\/posts\/14941\/revisions\/20622"}],"wp:featuredmedia":[{"embeddable":true,"href":"https:\/\/projectes.xtec.cat\/steamcat\/wp-json\/wp\/v2\/media\/14943"}],"wp:attachment":[{"href":"https:\/\/projectes.xtec.cat\/steamcat\/wp-json\/wp\/v2\/media?parent=14941"}],"wp:term":[{"taxonomy":"category","embeddable":true,"href":"https:\/\/projectes.xtec.cat\/steamcat\/wp-json\/wp\/v2\/categories?post=14941"},{"taxonomy":"post_tag","embeddable":true,"href":"https:\/\/projectes.xtec.cat\/steamcat\/wp-json\/wp\/v2\/tags?post=14941"}],"curies":[{"name":"wp","href":"https:\/\/api.w.org\/{rel}","templated":true}]}}