{"id":15792,"date":"2024-01-10T20:00:02","date_gmt":"2024-01-10T19:00:02","guid":{"rendered":"https:\/\/projectes.xtec.cat\/steamcat\/?p=15792"},"modified":"2026-02-09T15:09:44","modified_gmt":"2026-02-09T14:09:44","slug":"formacio-ciencies-12-15-en-la-perspectiva-del-nou-curriculum-2","status":"publish","type":"post","link":"https:\/\/projectes.xtec.cat\/steamcat\/general\/formacio-ciencies-12-15-en-la-perspectiva-del-nou-curriculum-2\/","title":{"rendered":"Formaci\u00f3. Ci\u00e8ncies 12-15 en la perspectiva del nou curr\u00edculum (30h)"},"content":{"rendered":"\n<figure class=\"wp-block-image size-large\"><a href=\"https:\/\/projectes.xtec.cat\/steamcat\/wp-content\/uploads\/usu1760\/2023\/03\/c-12-15-allargat.png\"><img loading=\"lazy\" decoding=\"async\" width=\"1024\" height=\"184\" src=\"https:\/\/projectes.xtec.cat\/steamcat\/wp-content\/uploads\/usu1760\/2023\/03\/c-12-15-allargat-1024x184.png\" alt=\"Compet\u00e8ncies de pensament cient\u00edfic a l'ESI\" class=\"wp-image-13626\" srcset=\"https:\/\/projectes.xtec.cat\/steamcat\/wp-content\/uploads\/usu1760\/2023\/03\/c-12-15-allargat-1024x184.png 1024w, https:\/\/projectes.xtec.cat\/steamcat\/wp-content\/uploads\/usu1760\/2023\/03\/c-12-15-allargat-300x54.png 300w, https:\/\/projectes.xtec.cat\/steamcat\/wp-content\/uploads\/usu1760\/2023\/03\/c-12-15-allargat-768x138.png 768w, https:\/\/projectes.xtec.cat\/steamcat\/wp-content\/uploads\/usu1760\/2023\/03\/c-12-15-allargat-1536x276.png 1536w, https:\/\/projectes.xtec.cat\/steamcat\/wp-content\/uploads\/usu1760\/2023\/03\/c-12-15-allargat.png 2000w\" sizes=\"auto, (max-width: 1024px) 100vw, 1024px\" \/><\/a><\/figure>\n\n\n\n<div style=\"height:17px\" aria-hidden=\"true\" class=\"wp-block-spacer\"><\/div>\n\n\n\n<div class=\"wp-block-buttons has-custom-font-size has-medium-font-size is-content-justification-center is-layout-flex wp-container-core-buttons-is-layout-1 wp-block-buttons-is-layout-flex\" style=\"letter-spacing:20px\">\n<div class=\"wp-block-button has-custom-width wp-block-button__width-50 is-style-outline is-style-outline--1\"><a class=\"wp-block-button__link has-luminous-vivid-orange-color has-text-color wp-element-button\" href=\"https:\/\/ja.cat\/CtLRd\" style=\"border-radius:0px\">inscripci\u00f3<\/a><\/div>\n<\/div>\n\n\n\n<div style=\"height:17px\" aria-hidden=\"true\" class=\"wp-block-spacer\"><\/div>\n\n\n\n<div class=\"wp-block-group is-layout-constrained wp-block-group-is-layout-constrained\">\n<h3 class=\"wp-block-heading\"><strong>Persones destinat\u00e0ries<\/strong><\/h3>\n\n\n\n<p>Professorat de ci\u00e8ncies de l&#8217;ESO<\/p>\n<\/div>\n\n\n\n<!--more-->\n\n\n\n<div class=\"wp-block-group is-layout-constrained wp-block-group-is-layout-constrained\">\n<h3 class=\"wp-block-heading\"><strong>Format<\/strong><\/h3>\n\n\n\n<p>Semipresencial &#8211; Sincronicitat Mixt<\/p>\n<\/div>\n\n\n\n<div class=\"wp-block-group is-layout-constrained wp-block-group-is-layout-constrained\">\n<h3 class=\"wp-block-heading\"><strong>Lloc de la formaci\u00f3<\/strong><\/h3>\n\n\n\n<p>Facultat Ci\u00e8ncies de l&#8217;Educaci\u00f3 UAB. Dep matem\u00e0tica i de les ci\u00e8ncies experimentals. Edifici G (Cerdanyola del Vall\u00e8s). Laboratori de Did\u00e0ctica de les Ci\u00e8ncies<\/p>\n<\/div>\n\n\n\n<div class=\"wp-block-group is-layout-constrained wp-block-group-is-layout-constrained\">\n<h3 class=\"wp-block-heading\"><strong>Calendari de la formaci\u00f3<\/strong><\/h3>\n\n\n\n<p>31\/01; 14\/02; 28\/02; 20\/03; 03\/04; 17\/04 de 17:00h a 20:00h (30h)<\/p>\n<\/div>\n\n\n\n<div class=\"wp-block-group is-layout-constrained wp-block-group-is-layout-constrained\">\n<h3 class=\"wp-block-heading\"><strong>Descripci\u00f3<\/strong><\/h3>\n\n\n\n<p>Es presenta un projecte des de primer a tercer d\u2019ESO, basat en els resultats de la recerca en did\u00e0ctica de les ci\u00e8ncies, alineat amb el nou curr\u00edculum i amb la perspectiva STEM. Est\u00e0 pensat per estimular tant l\u2019aprenentatge com la motivaci\u00f3 intr\u00ednseca de l\u2019alumnat, per la via d\u2019activar les seves emocions i aprofitar el seu raonament de sentit com\u00fa.<\/p>\n<\/div>\n\n\n\n<div class=\"wp-block-group is-vertical is-layout-flex wp-container-core-group-is-layout-6 wp-block-group-is-layout-flex\">\n<h3 class=\"wp-block-heading\"><strong>Objectius<\/strong><\/h3>\n\n\n\n<ul class=\"wp-block-list\">\n<li>Con\u00e8ixer un projecte de \u201cci\u00e8ncia per a tothom\u201d amb el qual, a l\u2019aula o al laboratori, s\u2019experimenta, es discuteix, es modelitza, s\u2019argumenta, s\u2019introdueixen llenguatges cient\u00edfics\u2026 En definitiva, els alumnes realitzen a classe una veritable activitat cient\u00edfica escolar, amb sentit per a ells.<\/li>\n\n\n\n<li>Comprendre les bases did\u00e0ctiques del projecte i les estrat\u00e8gies adequades perqu\u00e8 el professorat pugui ajudar els alumnes de forma efectiva.<\/li>\n\n\n\n<li>Apoderar el professorat participant per comen\u00e7ar a implementar el projecte a les seves classes.<\/li>\n<\/ul>\n<\/div>\n\n\n\n<div class=\"wp-block-group is-vertical is-layout-flex wp-container-core-group-is-layout-7 wp-block-group-is-layout-flex\"><\/div>\n\n\n\n<div class=\"wp-block-group is-vertical is-layout-flex wp-container-core-group-is-layout-8 wp-block-group-is-layout-flex\">\n<h3 class=\"wp-block-heading\"><strong>Continguts<\/strong><\/h3>\n\n\n\n<ul class=\"wp-block-list\">\n<li>Presentaci\u00f3 dels materials d\u2019aula del projecte i les activitats d\u2019aprenentatge que es proposen.<\/li>\n\n\n\n<li>Reflexi\u00f3 sobre les dificultats m\u00e9s corrents a l\u2019hora de motivar l\u2019alumnat perqu\u00e8 s\u2019impliqui activament en l\u2019aprenentatge de les ci\u00e8ncies, i tamb\u00e9 sobre com el professorat hi pot ajudar.<\/li>\n\n\n\n<li>Discussi\u00f3 dels possibles obstacles que podem trobar a cada centre i les caracter\u00edstiques d\u2019una avaluaci\u00f3 que ajudi a aprendre, tots ells aspectes centrals en l\u2019aprenentatge de les ci\u00e8ncies.<\/li>\n<\/ul>\n<\/div>\n\n\n\n<div class=\"wp-block-group is-layout-constrained wp-block-group-is-layout-constrained\">\n<h3 class=\"wp-block-heading\"><strong>Requisits de certificaci\u00f3<\/strong><\/h3>\n\n\n\n<p>Cal l\u2019assist\u00e8ncia a un m\u00ednim del 80% de les sessions, aix\u00ed com la realitzaci\u00f3 de la tasca personal proposada per aplicar alguna de les estrat\u00e8gies o activitats a la seva aula.<\/p>\n<\/div>\n\n\n\n<div style=\"height:21px\" aria-hidden=\"true\" class=\"wp-block-spacer\"><\/div>\n\n\n\n<div class=\"wp-block-buttons has-custom-font-size has-medium-font-size is-content-justification-center is-layout-flex wp-container-core-buttons-is-layout-2 wp-block-buttons-is-layout-flex\" style=\"letter-spacing:20px\">\n<div class=\"wp-block-button has-custom-width wp-block-button__width-50 is-style-outline is-style-outline--2\"><a class=\"wp-block-button__link has-luminous-vivid-orange-color has-text-color wp-element-button\" href=\"https:\/\/ja.cat\/CtLRd\" style=\"border-radius:0px\">inscripci\u00f3<\/a><\/div>\n<\/div>\n\n\n\n<div style=\"height:100px\" aria-hidden=\"true\" class=\"wp-block-spacer\"><\/div>\n","protected":false},"excerpt":{"rendered":"<p>Persones destinat\u00e0ries Professorat de ci\u00e8ncies de l&#8217;ESO<\/p>\n","protected":false},"author":8,"featured_media":13626,"comment_status":"closed","ping_status":"open","sticky":false,"template":"","format":"standard","meta":{"_bbp_topic_count":0,"_bbp_reply_count":0,"_bbp_total_topic_count":0,"_bbp_total_reply_count":0,"_bbp_voice_count":0,"_bbp_anonymous_reply_count":0,"_bbp_topic_count_hidden":0,"_bbp_reply_count_hidden":0,"_bbp_forum_subforum_count":0,"site-sidebar-layout":"default","site-content-layout":"","ast-site-content-layout":"default","site-content-style":"default","site-sidebar-style":"default","ast-global-header-display":"","ast-banner-title-visibility":"","ast-main-header-display":"","ast-hfb-above-header-display":"","ast-hfb-below-header-display":"","ast-hfb-mobile-header-display":"","site-post-title":"","ast-breadcrumbs-content":"","ast-featured-img":"disabled","footer-sml-layout":"","theme-transparent-header-meta":"","adv-header-id-meta":"","stick-header-meta":"","header-above-stick-meta":"","header-main-stick-meta":"","header-below-stick-meta":"","astra-migrate-meta-layouts":"set","ast-page-background-enabled":"default","ast-page-background-meta":{"desktop":{"background-color":"var(--ast-global-color-4)","background-image":"","background-repeat":"repeat","background-position":"center center","background-size":"auto","background-attachment":"scroll","background-type":"","background-media":"","overlay-type":"","overlay-color":"","overlay-opacity":"","overlay-gradient":""},"tablet":{"background-color":"","background-image":"","background-repeat":"repeat","background-position":"center center","background-size":"auto","background-attachment":"scroll","background-type":"","background-media":"","overlay-type":"","overlay-color":"","overlay-opacity":"","overlay-gradient":""},"mobile":{"background-color":"","background-image":"","background-repeat":"repeat","background-position":"center center","background-size":"auto","background-attachment":"scroll","background-type":"","background-media":"","overlay-type":"","overlay-color":"","overlay-opacity":"","overlay-gradient":""}},"ast-content-background-meta":{"desktop":{"background-color":"var(--ast-global-color-5)","background-image":"","background-repeat":"repeat","background-position":"center center","background-size":"auto","background-attachment":"scroll","background-type":"","background-media":"","overlay-type":"","overlay-color":"","overlay-opacity":"","overlay-gradient":""},"tablet":{"background-color":"var(--ast-global-color-5)","background-image":"","background-repeat":"repeat","background-position":"center center","background-size":"auto","background-attachment":"scroll","background-type":"","background-media":"","overlay-type":"","overlay-color":"","overlay-opacity":"","overlay-gradient":""},"mobile":{"background-color":"var(--ast-global-color-5)","background-image":"","background-repeat":"repeat","background-position":"center center","background-size":"auto","background-attachment":"scroll","background-type":"","background-media":"","overlay-type":"","overlay-color":"","overlay-opacity":"","overlay-gradient":""}},"footnotes":""},"categories":[342,1],"tags":[418],"class_list":["post-15792","post","type-post","status-publish","format-standard","has-post-thumbnail","hentry","category-formacions","category-general","tag-ods4"],"post_mailing_queue_ids":[],"_links":{"self":[{"href":"https:\/\/projectes.xtec.cat\/steamcat\/wp-json\/wp\/v2\/posts\/15792","targetHints":{"allow":["GET"]}}],"collection":[{"href":"https:\/\/projectes.xtec.cat\/steamcat\/wp-json\/wp\/v2\/posts"}],"about":[{"href":"https:\/\/projectes.xtec.cat\/steamcat\/wp-json\/wp\/v2\/types\/post"}],"author":[{"embeddable":true,"href":"https:\/\/projectes.xtec.cat\/steamcat\/wp-json\/wp\/v2\/users\/8"}],"replies":[{"embeddable":true,"href":"https:\/\/projectes.xtec.cat\/steamcat\/wp-json\/wp\/v2\/comments?post=15792"}],"version-history":[{"count":6,"href":"https:\/\/projectes.xtec.cat\/steamcat\/wp-json\/wp\/v2\/posts\/15792\/revisions"}],"predecessor-version":[{"id":20631,"href":"https:\/\/projectes.xtec.cat\/steamcat\/wp-json\/wp\/v2\/posts\/15792\/revisions\/20631"}],"wp:featuredmedia":[{"embeddable":true,"href":"https:\/\/projectes.xtec.cat\/steamcat\/wp-json\/wp\/v2\/media\/13626"}],"wp:attachment":[{"href":"https:\/\/projectes.xtec.cat\/steamcat\/wp-json\/wp\/v2\/media?parent=15792"}],"wp:term":[{"taxonomy":"category","embeddable":true,"href":"https:\/\/projectes.xtec.cat\/steamcat\/wp-json\/wp\/v2\/categories?post=15792"},{"taxonomy":"post_tag","embeddable":true,"href":"https:\/\/projectes.xtec.cat\/steamcat\/wp-json\/wp\/v2\/tags?post=15792"}],"curies":[{"name":"wp","href":"https:\/\/api.w.org\/{rel}","templated":true}]}}