{"id":16094,"date":"2024-02-14T15:25:25","date_gmt":"2024-02-14T14:25:25","guid":{"rendered":"https:\/\/projectes.xtec.cat\/steamcat\/?p=16094"},"modified":"2026-02-09T15:17:58","modified_gmt":"2026-02-09T14:17:58","slug":"artemis","status":"publish","type":"post","link":"https:\/\/projectes.xtec.cat\/steamcat\/general\/artemis\/","title":{"rendered":"Retransmissi\u00f3 en l\u00ednia: Artemis, una nova era en l&#8217;exploraci\u00f3 espacial"},"content":{"rendered":"\n<figure class=\"wp-block-image alignleft size-full is-resized\"><a href=\"https:\/\/projectes.xtec.cat\/steamcat\/wp-content\/uploads\/usu1760\/2024\/02\/image-13.png\"><img loading=\"lazy\" decoding=\"async\" width=\"985\" height=\"739\" src=\"https:\/\/projectes.xtec.cat\/steamcat\/wp-content\/uploads\/usu1760\/2024\/02\/image-13.png\" alt=\"\" class=\"wp-image-16095\" style=\"aspect-ratio:1.3328822733423544;width:420px;height:auto\" srcset=\"https:\/\/projectes.xtec.cat\/steamcat\/wp-content\/uploads\/usu1760\/2024\/02\/image-13.png 985w, https:\/\/projectes.xtec.cat\/steamcat\/wp-content\/uploads\/usu1760\/2024\/02\/image-13-300x225.png 300w, https:\/\/projectes.xtec.cat\/steamcat\/wp-content\/uploads\/usu1760\/2024\/02\/image-13-768x576.png 768w, https:\/\/projectes.xtec.cat\/steamcat\/wp-content\/uploads\/usu1760\/2024\/02\/image-13-200x150.png 200w\" sizes=\"auto, (max-width: 985px) 100vw, 985px\" \/><\/a><\/figure>\n\n\n\n<p>Dijous 22 de febrer, l&#8217;enginyer malagueny de la NASA\u00a0<a rel=\"noreferrer noopener\" href=\"https:\/\/www.europapress.es\/andalucia\/noticia-ingeniero-nasa-carlos-garcia-galan-premio-viajero-tiempo-festival-gravite-granada-20240131191248.html\" target=\"_blank\">Carlos Garc\u00eda-Gal\u00e1n<\/a>\u00a0parlar\u00e0 al nostre alumnat sobre la\u00a0<a rel=\"noreferrer noopener\" href=\"https:\/\/www.nationalgeographic.com.es\/ciencia\/todas-claves-artemis-programa-nasa-que-llevara-ser-humano-nuevo-a-luna_18704\" target=\"_blank\">missi\u00f3 Artemis<\/a>, projecte\u00a0dirigit per la NASA en col\u00b7laboraci\u00f3 amb l&#8217;Ag\u00e8ncia Espacial Europea (ESA)\u00a0i altres ag\u00e8ncies espacials. Aquest projecte constitueix l&#8217;inici d&#8217;una nova era d&#8217;exploraci\u00f3 espacial. El futur m\u00e9s pr\u00f2xim \u00e9s el retorn de l&#8217;\u00e9sser hum\u00e0 a la Lluna i la creaci\u00f3 d&#8217;una Estaci\u00f3 Orbital Piga,\u00a0Gateway. I despr\u00e9s, Mart.<br>L&#8217;activitat ser\u00e0 emesa en directe per a tots els centres que vulguin participar. Els grups d&#8217;alumnat podran enviar preguntes, que seran contestades en directe per l&#8217;enginyer.<\/p>\n\n\n\n<p class=\"has-text-align-center has-text-color\" style=\"color:#ff4f04\"><strong>Data i hora: dijous 22 de febrer, de 12:00 h a 13:30 h<br>Nivell educatiu: ESO, Batxillerat i Formaci\u00f3 Professional<\/strong><\/p>\n\n\n\n<p><a href=\"https:\/\/www.parqueciencias.com\/actividad-online-para-centros-escolares-artemis-una-nueva-era-de-exploracion-espacial-por-carlos-garcia-galan-ingeniero-andaluz-en-la-nasa\/\" target=\"_blank\" rel=\"noreferrer noopener\">M\u00e9s informaci\u00f3 i inscripci\u00f3<\/a>&nbsp;(fins al 21 de febrer a les 12:00 h)<br>L&#8217;enlla\u00e7 de retransmissi\u00f3 s&#8217;enviar\u00e0 al correu electr\u00f2nic registrat a partir del 20 de febrer.<\/p>\n\n\n\n<p>Esperem que l&#8217;activitat sigui del grat de tot el professorat que estigui interessat a il\u00b7lusionar al seu alumnat amb l&#8217;exploraci\u00f3 espacial. Els nostres alumnes de secund\u00e0ria seran la futura generaci\u00f3 Artemis, l&#8217;encarregada de portar a l&#8217;\u00e9sser hum\u00e0 a Mart.<\/p>\n","protected":false},"excerpt":{"rendered":"<p>Dijous 22 de febrer, l&#8217;enginyer malagueny de la NASA\u00a0Carlos Garc\u00eda-Gal\u00e1n\u00a0parlar\u00e0 al nostre alumnat sobre la\u00a0missi\u00f3 Artemis, projecte\u00a0dirigit per la NASA en col\u00b7laboraci\u00f3 amb l&#8217;Ag\u00e8ncia Espacial Europea (ESA)\u00a0i altres ag\u00e8ncies espacials. Aquest projecte constitueix l&#8217;inici d&#8217;una nova era d&#8217;exploraci\u00f3 espacial. El futur m\u00e9s pr\u00f2xim \u00e9s el retorn de l&#8217;\u00e9sser hum\u00e0 a la Lluna i la creaci\u00f3 [&hellip;]<\/p>\n","protected":false},"author":8,"featured_media":16095,"comment_status":"closed","ping_status":"open","sticky":false,"template":"","format":"standard","meta":{"_bbp_topic_count":0,"_bbp_reply_count":0,"_bbp_total_topic_count":0,"_bbp_total_reply_count":0,"_bbp_voice_count":0,"_bbp_anonymous_reply_count":0,"_bbp_topic_count_hidden":0,"_bbp_reply_count_hidden":0,"_bbp_forum_subforum_count":0,"site-sidebar-layout":"default","site-content-layout":"","ast-site-content-layout":"default","site-content-style":"default","site-sidebar-style":"default","ast-global-header-display":"","ast-banner-title-visibility":"","ast-main-header-display":"","ast-hfb-above-header-display":"","ast-hfb-below-header-display":"","ast-hfb-mobile-header-display":"","site-post-title":"","ast-breadcrumbs-content":"","ast-featured-img":"disabled","footer-sml-layout":"","theme-transparent-header-meta":"","adv-header-id-meta":"","stick-header-meta":"","header-above-stick-meta":"","header-main-stick-meta":"","header-below-stick-meta":"","astra-migrate-meta-layouts":"set","ast-page-background-enabled":"default","ast-page-background-meta":{"desktop":{"background-color":"var(--ast-global-color-4)","background-image":"","background-repeat":"repeat","background-position":"center center","background-size":"auto","background-attachment":"scroll","background-type":"","background-media":"","overlay-type":"","overlay-color":"","overlay-opacity":"","overlay-gradient":""},"tablet":{"background-color":"","background-image":"","background-repeat":"repeat","background-position":"center center","background-size":"auto","background-attachment":"scroll","background-type":"","background-media":"","overlay-type":"","overlay-color":"","overlay-opacity":"","overlay-gradient":""},"mobile":{"background-color":"","background-image":"","background-repeat":"repeat","background-position":"center center","background-size":"auto","background-attachment":"scroll","background-type":"","background-media":"","overlay-type":"","overlay-color":"","overlay-opacity":"","overlay-gradient":""}},"ast-content-background-meta":{"desktop":{"background-color":"var(--ast-global-color-5)","background-image":"","background-repeat":"repeat","background-position":"center center","background-size":"auto","background-attachment":"scroll","background-type":"","background-media":"","overlay-type":"","overlay-color":"","overlay-opacity":"","overlay-gradient":""},"tablet":{"background-color":"var(--ast-global-color-5)","background-image":"","background-repeat":"repeat","background-position":"center center","background-size":"auto","background-attachment":"scroll","background-type":"","background-media":"","overlay-type":"","overlay-color":"","overlay-opacity":"","overlay-gradient":""},"mobile":{"background-color":"var(--ast-global-color-5)","background-image":"","background-repeat":"repeat","background-position":"center center","background-size":"auto","background-attachment":"scroll","background-type":"","background-media":"","overlay-type":"","overlay-color":"","overlay-opacity":"","overlay-gradient":""}},"footnotes":""},"categories":[450,291,359,1],"tags":[426],"class_list":["post-16094","post","type-post","status-publish","format-standard","has-post-thumbnail","hentry","category-entendre-el-mon","category-entitats","category-esdeveniments","category-general","tag-ods9"],"post_mailing_queue_ids":[],"_links":{"self":[{"href":"https:\/\/projectes.xtec.cat\/steamcat\/wp-json\/wp\/v2\/posts\/16094","targetHints":{"allow":["GET"]}}],"collection":[{"href":"https:\/\/projectes.xtec.cat\/steamcat\/wp-json\/wp\/v2\/posts"}],"about":[{"href":"https:\/\/projectes.xtec.cat\/steamcat\/wp-json\/wp\/v2\/types\/post"}],"author":[{"embeddable":true,"href":"https:\/\/projectes.xtec.cat\/steamcat\/wp-json\/wp\/v2\/users\/8"}],"replies":[{"embeddable":true,"href":"https:\/\/projectes.xtec.cat\/steamcat\/wp-json\/wp\/v2\/comments?post=16094"}],"version-history":[{"count":2,"href":"https:\/\/projectes.xtec.cat\/steamcat\/wp-json\/wp\/v2\/posts\/16094\/revisions"}],"predecessor-version":[{"id":20637,"href":"https:\/\/projectes.xtec.cat\/steamcat\/wp-json\/wp\/v2\/posts\/16094\/revisions\/20637"}],"wp:featuredmedia":[{"embeddable":true,"href":"https:\/\/projectes.xtec.cat\/steamcat\/wp-json\/wp\/v2\/media\/16095"}],"wp:attachment":[{"href":"https:\/\/projectes.xtec.cat\/steamcat\/wp-json\/wp\/v2\/media?parent=16094"}],"wp:term":[{"taxonomy":"category","embeddable":true,"href":"https:\/\/projectes.xtec.cat\/steamcat\/wp-json\/wp\/v2\/categories?post=16094"},{"taxonomy":"post_tag","embeddable":true,"href":"https:\/\/projectes.xtec.cat\/steamcat\/wp-json\/wp\/v2\/tags?post=16094"}],"curies":[{"name":"wp","href":"https:\/\/api.w.org\/{rel}","templated":true}]}}