{"id":16840,"date":"2024-03-11T09:08:08","date_gmt":"2024-03-11T08:08:08","guid":{"rendered":"https:\/\/projectes.xtec.cat\/steamcat\/?p=16840"},"modified":"2025-09-19T16:41:12","modified_gmt":"2025-09-19T14:41:12","slug":"dia-internacional-de-les-matematiques","status":"publish","type":"post","link":"https:\/\/projectes.xtec.cat\/steamcat\/general\/dia-internacional-de-les-matematiques\/","title":{"rendered":"Dia Internacional de les Matem\u00e0tiques"},"content":{"rendered":"\n<div class=\"wp-block-media-text is-stacked-on-mobile\" style=\"grid-template-columns:47% auto\"><figure class=\"wp-block-media-text__media\"><img loading=\"lazy\" decoding=\"async\" width=\"1024\" height=\"722\" src=\"https:\/\/projectes.xtec.cat\/steamcat\/wp-content\/uploads\/usu1760\/2024\/03\/2024-cartell-jornada-SCM-IDM-h-2048x1443-1-1024x722.jpg\" alt=\"\" class=\"wp-image-16841 size-full\" srcset=\"https:\/\/projectes.xtec.cat\/steamcat\/wp-content\/uploads\/usu1760\/2024\/03\/2024-cartell-jornada-SCM-IDM-h-2048x1443-1-1024x722.jpg 1024w, https:\/\/projectes.xtec.cat\/steamcat\/wp-content\/uploads\/usu1760\/2024\/03\/2024-cartell-jornada-SCM-IDM-h-2048x1443-1-300x211.jpg 300w, https:\/\/projectes.xtec.cat\/steamcat\/wp-content\/uploads\/usu1760\/2024\/03\/2024-cartell-jornada-SCM-IDM-h-2048x1443-1-768x541.jpg 768w, https:\/\/projectes.xtec.cat\/steamcat\/wp-content\/uploads\/usu1760\/2024\/03\/2024-cartell-jornada-SCM-IDM-h-2048x1443-1-1536x1082.jpg 1536w, https:\/\/projectes.xtec.cat\/steamcat\/wp-content\/uploads\/usu1760\/2024\/03\/2024-cartell-jornada-SCM-IDM-h-2048x1443-1.jpg 2048w\" sizes=\"auto, (max-width: 1024px) 100vw, 1024px\" \/><\/figure><div class=\"wp-block-media-text__content\">\n<p>La jornada t\u00e9 lloc en el marc de la celebraci\u00f3 del <strong>Dia Internacional de les Matem\u00e0tiques,<\/strong> per compartir matem\u00e0tiques des de diversos punts de vista i aplicacions.\u00a0Es tracta d&#8217;una oportunitat formativa, de reflexi\u00f3 i de debat sobre les aplicacions de les matem\u00e0tiques en diferents \u00e0mbits. \u00c9s un punt de trobada de la comunitat investigadora i la comunitat educativa de matem\u00e0tiques.<\/p>\n\n\n\n<p><strong>Data:&nbsp;<\/strong>16\/03\/2024&nbsp; &nbsp; &nbsp; &nbsp;<\/p>\n\n\n\n<p><strong>Lloc de realitzaci\u00f3:<\/strong>&nbsp;Sala d\u2019actes de la Facultat de Ci\u00e8ncies UAB<\/p>\n\n\n\n<p><strong>Horari:&nbsp;<\/strong>9.30 h &#8211; 14.00 h<\/p>\n\n\n\n<p>Podeu ampliar informaci\u00f3 sobre la jornada i realitzar la vostra inscripci\u00f3 en aquest&nbsp;<a href=\"https:\/\/www.uab.cat\/ca\/ice\/iv-jornada-scm-idm\" target=\"_blank\" rel=\"noreferrer noopener\">enlla\u00e7<\/a><\/p>\n\n\n\n<p><strong>Activitat gratu\u00efta<\/strong>!<\/p>\n<\/div><\/div>\n","protected":false},"excerpt":{"rendered":"<p>La jornada t\u00e9 lloc en el marc de la celebraci\u00f3 del Dia Internacional de les Matem\u00e0tiques, per compartir matem\u00e0tiques des de diversos punts de vista i aplicacions.\u00a0Es tracta d&#8217;una oportunitat formativa, de reflexi\u00f3 i de debat sobre les aplicacions de les matem\u00e0tiques en diferents \u00e0mbits. \u00c9s un punt de trobada de la comunitat investigadora i [&hellip;]<\/p>\n","protected":false},"author":49,"featured_media":16841,"comment_status":"closed","ping_status":"open","sticky":false,"template":"","format":"standard","meta":{"_bbp_topic_count":0,"_bbp_reply_count":0,"_bbp_total_topic_count":0,"_bbp_total_reply_count":0,"_bbp_voice_count":0,"_bbp_anonymous_reply_count":0,"_bbp_topic_count_hidden":0,"_bbp_reply_count_hidden":0,"_bbp_forum_subforum_count":0,"site-sidebar-layout":"default","site-content-layout":"","ast-site-content-layout":"default","site-content-style":"default","site-sidebar-style":"default","ast-global-header-display":"","ast-banner-title-visibility":"","ast-main-header-display":"","ast-hfb-above-header-display":"","ast-hfb-below-header-display":"","ast-hfb-mobile-header-display":"","site-post-title":"","ast-breadcrumbs-content":"","ast-featured-img":"disabled","footer-sml-layout":"","theme-transparent-header-meta":"","adv-header-id-meta":"","stick-header-meta":"","header-above-stick-meta":"","header-main-stick-meta":"","header-below-stick-meta":"","astra-migrate-meta-layouts":"set","ast-page-background-enabled":"default","ast-page-background-meta":{"desktop":{"background-color":"var(--ast-global-color-4)","background-image":"","background-repeat":"repeat","background-position":"center center","background-size":"auto","background-attachment":"scroll","background-type":"","background-media":"","overlay-type":"","overlay-color":"","overlay-opacity":"","overlay-gradient":""},"tablet":{"background-color":"","background-image":"","background-repeat":"repeat","background-position":"center center","background-size":"auto","background-attachment":"scroll","background-type":"","background-media":"","overlay-type":"","overlay-color":"","overlay-opacity":"","overlay-gradient":""},"mobile":{"background-color":"","background-image":"","background-repeat":"repeat","background-position":"center center","background-size":"auto","background-attachment":"scroll","background-type":"","background-media":"","overlay-type":"","overlay-color":"","overlay-opacity":"","overlay-gradient":""}},"ast-content-background-meta":{"desktop":{"background-color":"var(--ast-global-color-5)","background-image":"","background-repeat":"repeat","background-position":"center center","background-size":"auto","background-attachment":"scroll","background-type":"","background-media":"","overlay-type":"","overlay-color":"","overlay-opacity":"","overlay-gradient":""},"tablet":{"background-color":"var(--ast-global-color-5)","background-image":"","background-repeat":"repeat","background-position":"center center","background-size":"auto","background-attachment":"scroll","background-type":"","background-media":"","overlay-type":"","overlay-color":"","overlay-opacity":"","overlay-gradient":""},"mobile":{"background-color":"var(--ast-global-color-5)","background-image":"","background-repeat":"repeat","background-position":"center center","background-size":"auto","background-attachment":"scroll","background-type":"","background-media":"","overlay-type":"","overlay-color":"","overlay-opacity":"","overlay-gradient":""}},"footnotes":""},"categories":[359,1],"tags":[],"class_list":["post-16840","post","type-post","status-publish","format-standard","has-post-thumbnail","hentry","category-esdeveniments","category-general"],"post_mailing_queue_ids":[],"_links":{"self":[{"href":"https:\/\/projectes.xtec.cat\/steamcat\/wp-json\/wp\/v2\/posts\/16840","targetHints":{"allow":["GET"]}}],"collection":[{"href":"https:\/\/projectes.xtec.cat\/steamcat\/wp-json\/wp\/v2\/posts"}],"about":[{"href":"https:\/\/projectes.xtec.cat\/steamcat\/wp-json\/wp\/v2\/types\/post"}],"author":[{"embeddable":true,"href":"https:\/\/projectes.xtec.cat\/steamcat\/wp-json\/wp\/v2\/users\/49"}],"replies":[{"embeddable":true,"href":"https:\/\/projectes.xtec.cat\/steamcat\/wp-json\/wp\/v2\/comments?post=16840"}],"version-history":[{"count":6,"href":"https:\/\/projectes.xtec.cat\/steamcat\/wp-json\/wp\/v2\/posts\/16840\/revisions"}],"predecessor-version":[{"id":19635,"href":"https:\/\/projectes.xtec.cat\/steamcat\/wp-json\/wp\/v2\/posts\/16840\/revisions\/19635"}],"wp:featuredmedia":[{"embeddable":true,"href":"https:\/\/projectes.xtec.cat\/steamcat\/wp-json\/wp\/v2\/media\/16841"}],"wp:attachment":[{"href":"https:\/\/projectes.xtec.cat\/steamcat\/wp-json\/wp\/v2\/media?parent=16840"}],"wp:term":[{"taxonomy":"category","embeddable":true,"href":"https:\/\/projectes.xtec.cat\/steamcat\/wp-json\/wp\/v2\/categories?post=16840"},{"taxonomy":"post_tag","embeddable":true,"href":"https:\/\/projectes.xtec.cat\/steamcat\/wp-json\/wp\/v2\/tags?post=16840"}],"curies":[{"name":"wp","href":"https:\/\/api.w.org\/{rel}","templated":true}]}}