{"id":17158,"date":"2024-05-08T17:24:02","date_gmt":"2024-05-08T15:24:02","guid":{"rendered":"https:\/\/projectes.xtec.cat\/steamcat\/?p=17158"},"modified":"2026-02-16T12:52:08","modified_gmt":"2026-02-16T11:52:08","slug":"la-industria-sobre-a-lescola-amb-perspectiva-de-genere","status":"publish","type":"post","link":"https:\/\/projectes.xtec.cat\/steamcat\/orientacio\/la-industria-sobre-a-lescola-amb-perspectiva-de-genere\/","title":{"rendered":"La ind\u00fastria s&#8217;obre a l&#8217;escola amb perspectiva de g\u00e8nere"},"content":{"rendered":"\n<figure class=\"wp-block-image alignleft size-large is-resized is-style-default\"><a href=\"https:\/\/projectes.xtec.cat\/steamcat\/wp-content\/uploads\/usu1760\/2024\/05\/MicrosoftTeams-image-3.png_62758513-scaled.jpg\"><img loading=\"lazy\" decoding=\"async\" width=\"1024\" height=\"576\" src=\"https:\/\/projectes.xtec.cat\/steamcat\/wp-content\/uploads\/usu1760\/2024\/05\/MicrosoftTeams-image-3.png_62758513-1024x576.jpg\" alt=\"La ind\u00fastria s'obre a l'escola amb perspectiva de g\u00e8nere\" class=\"wp-image-17159\" style=\"aspect-ratio:1.7777777777777777;width:446px;height:auto\" srcset=\"https:\/\/projectes.xtec.cat\/steamcat\/wp-content\/uploads\/usu1760\/2024\/05\/MicrosoftTeams-image-3.png_62758513-1024x576.jpg 1024w, https:\/\/projectes.xtec.cat\/steamcat\/wp-content\/uploads\/usu1760\/2024\/05\/MicrosoftTeams-image-3.png_62758513-300x169.jpg 300w, https:\/\/projectes.xtec.cat\/steamcat\/wp-content\/uploads\/usu1760\/2024\/05\/MicrosoftTeams-image-3.png_62758513-768x432.jpg 768w, https:\/\/projectes.xtec.cat\/steamcat\/wp-content\/uploads\/usu1760\/2024\/05\/MicrosoftTeams-image-3.png_62758513-1536x864.jpg 1536w, https:\/\/projectes.xtec.cat\/steamcat\/wp-content\/uploads\/usu1760\/2024\/05\/MicrosoftTeams-image-3.png_62758513-2048x1152.jpg 2048w\" sizes=\"auto, (max-width: 1024px) 100vw, 1024px\" \/><\/a><\/figure>\n\n\n\n<p><a href=\"https:\/\/igualtat.gencat.cat\/web\/.content\/Ambits\/cures-temps\/equitat-en-els-treballs-raigal\/industria-sobre-a-lescola\/2INFORMACIO-PROJECTE.pdf\" data-type=\"link\" data-id=\"https:\/\/igualtat.gencat.cat\/web\/.content\/Ambits\/cures-temps\/equitat-en-els-treballs\/industria-sobre-a-lescola\/LA-INDUSTRIA-SOBRE-A-LESCOLA_escola.pdf\" target=\"_blank\" rel=\"noreferrer noopener\">Programa <\/a>impulsat pel Departament d\u2019Igualtat i Feminismes en col\u00b7laboraci\u00f3 amb el Departament d&#8217;Educaci\u00f3 que busca connectar l\u2019escola amb la ind\u00fastria catalana de proximitat a trav\u00e9s de <strong>visites escolars<\/strong>, per trencar amb estereotips i fomentar vocacions industrials, especialment entre les nenes i les noies.<\/p>\n\n\n\n<p>El programa es concreta en&nbsp;<strong>sortides escolars<\/strong>&nbsp;de l\u2019alumnat de prim\u00e0ria, secund\u00e0ria, batxillerat i formaci\u00f3 professional&nbsp;<strong>a les<\/strong>&nbsp;<strong>ind\u00fastries de proximitat<\/strong><\/p>\n\n\n\n<p>Entitats benefici\u00e0ries del projecte:<\/p>\n\n\n\n<ul class=\"wp-block-list\">\n<li><strong>Empreses del sector industrial<\/strong>&nbsp;amb seu social a Catalunya que estiguin compromeses amb les pol\u00edtiques d\u2019igualtat de g\u00e8nere.<\/li>\n\n\n\n<li><strong>Escoles, instituts i centres de formaci\u00f3 professional<\/strong>&nbsp;amb seu a Catalunya.<\/li>\n<\/ul>\n\n\n\n<h2 class=\"wp-block-heading\">Qu\u00e8 oferim?<\/h2>\n\n\n\n<ul class=\"wp-block-list\">\n<li><a href=\"https:\/\/igualtat.gencat.cat\/web\/.content\/Ambits\/cures-temps\/equitat-en-els-treballs\/industria-sobre-a-lescola\/Guia-Lindustria-sobre-a-lescola-INDUSTRIA.pdf\" data-type=\"link\" data-id=\"https:\/\/igualtat.gencat.cat\/web\/.content\/Ambits\/cures-temps\/equitat-en-els-treballs\/industria-sobre-a-lescola\/Guia-Lindustria-sobre-a-lescola-INDUSTRIA.pdf\">Guia per a les empre<\/a><a rel=\"noreferrer noopener\" href=\"https:\/\/igualtat.gencat.cat\/web\/.content\/Ambits\/cures-temps\/equitat-en-els-treballs\/industria-sobre-a-lescola\/Guia-Lindustria-sobre-a-lescola-INDUSTRIA.pdf\" data-type=\"link\" data-id=\"https:\/\/igualtat.gencat.cat\/web\/.content\/Ambits\/cures-temps\/equitat-en-els-treballs\/industria-sobre-a-lescola\/Guia-Lindustria-sobre-a-lescola-INDUSTRIA.pdf\" target=\"_blank\">s<\/a><a href=\"https:\/\/igualtat.gencat.cat\/web\/.content\/Ambits\/cures-temps\/equitat-en-els-treballs\/industria-sobre-a-lescola\/Guia-Lindustria-sobre-a-lescola-INDUSTRIA.pdf\" data-type=\"link\" data-id=\"https:\/\/igualtat.gencat.cat\/web\/.content\/Ambits\/cures-temps\/equitat-en-els-treballs\/industria-sobre-a-lescola\/Guia-Lindustria-sobre-a-lescola-INDUSTRIA.pdf\">es<\/a><\/li>\n\n\n\n<li><a href=\"https:\/\/igualtat.gencat.cat\/web\/.content\/Ambits\/cures-temps\/equitat-en-els-treballs\/industria-sobre-a-lescola\/Guia-Lindustria-sobre-a-lescola-ESCOLA.pdf\">Guia per a les e<\/a><a rel=\"noreferrer noopener\" href=\"https:\/\/igualtat.gencat.cat\/web\/.content\/Ambits\/cures-temps\/equitat-en-els-treballs\/industria-sobre-a-lescola\/Guia-Lindustria-sobre-a-lescola-ESCOLA.pdf\" target=\"_blank\">s<\/a><a href=\"https:\/\/igualtat.gencat.cat\/web\/.content\/Ambits\/cures-temps\/equitat-en-els-treballs\/industria-sobre-a-lescola\/Guia-Lindustria-sobre-a-lescola-ESCOLA.pdf\">coles<\/a><\/li>\n\n\n\n<li>Contacte entre l\u2019empresa i l\u2019escola per a la realitzaci\u00f3 de la visita<\/li>\n\n\n\n<li>Formaci\u00f3<\/li>\n\n\n\n<li>Enquesta d\u2019avaluaci\u00f3 de l\u2019activitat<\/li>\n<\/ul>\n\n\n\n<h2 class=\"wp-block-heading\">Termini<\/h2>\n\n\n\n<ul class=\"wp-block-list\">\n<li>Es pot participar durant tot el per\u00edode escolar<\/li>\n<\/ul>\n\n\n\n<p>Cal inscriure\u2019s a trav\u00e9s dels formularis seg\u00fcents:<\/p>\n\n\n\n<div style=\"height:18px\" aria-hidden=\"true\" class=\"wp-block-spacer\"><\/div>\n\n\n\n<div class=\"wp-block-buttons is-content-justification-center is-layout-flex wp-container-core-buttons-is-layout-1 wp-block-buttons-is-layout-flex\">\n<div class=\"wp-block-button is-style-outline is-style-outline--1\"><a class=\"wp-block-button__link wp-element-button\" href=\"https:\/\/igualtat.gencat.cat\/ca\/ambits-dactuacio\/cures-temps-i-treballs\/programa-la-industria-sobre-a-lescola-en-perspectiva-de-genere-inscripcio-al-programa-pels-centres-escolars\/\" target=\"_blank\" rel=\"noreferrer noopener\">inscripci\u00f3 per a les escoles<\/a><\/div>\n\n\n\n<div class=\"wp-block-button is-style-outline is-style-outline--2\"><a class=\"wp-block-button__link wp-element-button\" href=\"https:\/\/igualtat.gencat.cat\/ca\/ambits-dactuacio\/cures-temps-i-treballs\/Programa-lindustria-sobre-a-lescola\" target=\"_blank\" rel=\"noreferrer noopener\">inscripci\u00f3 per a les empreses<\/a><\/div>\n<\/div>\n\n\n\n<div style=\"height:18px\" aria-hidden=\"true\" class=\"wp-block-spacer\"><\/div>\n\n\n\n<p>Un cop formalitzades les inscripcions, la Direcci\u00f3 General de Cures, Organitzaci\u00f3 del Temps i Equitat en els Treballs es posar\u00e0 en contacte amb les escoles i les empreses interessades a rebre les visites per quadrar cadascuna de les propostes.<\/p>\n\n\n\n<div style=\"height:10px\" aria-hidden=\"true\" class=\"wp-block-spacer\"><\/div>\n\n\n\n<div class=\"wp-block-buttons is-content-justification-center is-layout-flex wp-container-core-buttons-is-layout-2 wp-block-buttons-is-layout-flex\">\n<div class=\"wp-block-button is-style-fill\"><a class=\"wp-block-button__link has-white-color has-vivid-purple-background-color has-text-color has-background wp-element-button\" href=\"https:\/\/igualtat.gencat.cat\/ca\/ambits-dactuacio\/cures-temps-i-treballs\/Equitat-en-els-treballs\/Dones-Futur-despertem-vocacions\/\" target=\"_blank\" rel=\"noreferrer noopener\">web del programa<\/a><\/div>\n<\/div>\n\n\n\n<p>M\u00e9s informaci\u00f3 i consultes<\/p>\n\n\n\n<p><a href=\"mailto:curestempstreballs.igualtat@gencat.cat\">curestempstreballs.igualtat@gencat.cat<\/a><\/p>\n","protected":false},"excerpt":{"rendered":"<p>Programa impulsat pel Departament d\u2019Igualtat i Feminismes en col\u00b7laboraci\u00f3 amb el Departament d&#8217;Educaci\u00f3 que busca connectar l\u2019escola amb la ind\u00fastria catalana de proximitat a trav\u00e9s de visites escolars, per trencar amb estereotips i fomentar vocacions industrials, especialment entre les nenes i les noies. El programa es concreta en&nbsp;sortides escolars&nbsp;de l\u2019alumnat de prim\u00e0ria, secund\u00e0ria, batxillerat i [&hellip;]<\/p>\n","protected":false},"author":8,"featured_media":17159,"comment_status":"closed","ping_status":"open","sticky":false,"template":"","format":"standard","meta":{"_bbp_topic_count":0,"_bbp_reply_count":0,"_bbp_total_topic_count":0,"_bbp_total_reply_count":0,"_bbp_voice_count":0,"_bbp_anonymous_reply_count":0,"_bbp_topic_count_hidden":0,"_bbp_reply_count_hidden":0,"_bbp_forum_subforum_count":0,"site-sidebar-layout":"default","site-content-layout":"","ast-site-content-layout":"default","site-content-style":"default","site-sidebar-style":"default","ast-global-header-display":"","ast-banner-title-visibility":"","ast-main-header-display":"","ast-hfb-above-header-display":"","ast-hfb-below-header-display":"","ast-hfb-mobile-header-display":"","site-post-title":"","ast-breadcrumbs-content":"","ast-featured-img":"disabled","footer-sml-layout":"","theme-transparent-header-meta":"","adv-header-id-meta":"","stick-header-meta":"","header-above-stick-meta":"","header-main-stick-meta":"","header-below-stick-meta":"","astra-migrate-meta-layouts":"set","ast-page-background-enabled":"default","ast-page-background-meta":{"desktop":{"background-color":"var(--ast-global-color-4)","background-image":"","background-repeat":"repeat","background-position":"center center","background-size":"auto","background-attachment":"scroll","background-type":"","background-media":"","overlay-type":"","overlay-color":"","overlay-opacity":"","overlay-gradient":""},"tablet":{"background-color":"","background-image":"","background-repeat":"repeat","background-position":"center center","background-size":"auto","background-attachment":"scroll","background-type":"","background-media":"","overlay-type":"","overlay-color":"","overlay-opacity":"","overlay-gradient":""},"mobile":{"background-color":"","background-image":"","background-repeat":"repeat","background-position":"center center","background-size":"auto","background-attachment":"scroll","background-type":"","background-media":"","overlay-type":"","overlay-color":"","overlay-opacity":"","overlay-gradient":""}},"ast-content-background-meta":{"desktop":{"background-color":"var(--ast-global-color-5)","background-image":"","background-repeat":"repeat","background-position":"center center","background-size":"auto","background-attachment":"scroll","background-type":"","background-media":"","overlay-type":"","overlay-color":"","overlay-opacity":"","overlay-gradient":""},"tablet":{"background-color":"var(--ast-global-color-5)","background-image":"","background-repeat":"repeat","background-position":"center center","background-size":"auto","background-attachment":"scroll","background-type":"","background-media":"","overlay-type":"","overlay-color":"","overlay-opacity":"","overlay-gradient":""},"mobile":{"background-color":"var(--ast-global-color-5)","background-image":"","background-repeat":"repeat","background-position":"center center","background-size":"auto","background-attachment":"scroll","background-type":"","background-media":"","overlay-type":"","overlay-color":"","overlay-opacity":"","overlay-gradient":""}},"footnotes":""},"categories":[339,292,449],"tags":[419],"class_list":["post-17158","post","type-post","status-publish","format-standard","has-post-thumbnail","hentry","category-equitat","category-orientacio","category-vocacions","tag-ods5"],"post_mailing_queue_ids":[],"_links":{"self":[{"href":"https:\/\/projectes.xtec.cat\/steamcat\/wp-json\/wp\/v2\/posts\/17158","targetHints":{"allow":["GET"]}}],"collection":[{"href":"https:\/\/projectes.xtec.cat\/steamcat\/wp-json\/wp\/v2\/posts"}],"about":[{"href":"https:\/\/projectes.xtec.cat\/steamcat\/wp-json\/wp\/v2\/types\/post"}],"author":[{"embeddable":true,"href":"https:\/\/projectes.xtec.cat\/steamcat\/wp-json\/wp\/v2\/users\/8"}],"replies":[{"embeddable":true,"href":"https:\/\/projectes.xtec.cat\/steamcat\/wp-json\/wp\/v2\/comments?post=17158"}],"version-history":[{"count":6,"href":"https:\/\/projectes.xtec.cat\/steamcat\/wp-json\/wp\/v2\/posts\/17158\/revisions"}],"predecessor-version":[{"id":20680,"href":"https:\/\/projectes.xtec.cat\/steamcat\/wp-json\/wp\/v2\/posts\/17158\/revisions\/20680"}],"wp:featuredmedia":[{"embeddable":true,"href":"https:\/\/projectes.xtec.cat\/steamcat\/wp-json\/wp\/v2\/media\/17159"}],"wp:attachment":[{"href":"https:\/\/projectes.xtec.cat\/steamcat\/wp-json\/wp\/v2\/media?parent=17158"}],"wp:term":[{"taxonomy":"category","embeddable":true,"href":"https:\/\/projectes.xtec.cat\/steamcat\/wp-json\/wp\/v2\/categories?post=17158"},{"taxonomy":"post_tag","embeddable":true,"href":"https:\/\/projectes.xtec.cat\/steamcat\/wp-json\/wp\/v2\/tags?post=17158"}],"curies":[{"name":"wp","href":"https:\/\/api.w.org\/{rel}","templated":true}]}}