{"id":17232,"date":"2024-05-14T16:48:06","date_gmt":"2024-05-14T14:48:06","guid":{"rendered":"https:\/\/projectes.xtec.cat\/steamcat\/?p=17232"},"modified":"2026-02-09T15:29:49","modified_gmt":"2026-02-09T14:29:49","slug":"9a-edicio-del-forum-de-joves-talents-de-catalunya","status":"publish","type":"post","link":"https:\/\/projectes.xtec.cat\/steamcat\/general\/9a-edicio-del-forum-de-joves-talents-de-catalunya\/","title":{"rendered":"9a edici\u00f3 del F\u00d2RUM de Joves Talents de Catalunya"},"content":{"rendered":"\n<figure class=\"wp-block-image alignleft size-large is-resized\"><a href=\"https:\/\/projectes.xtec.cat\/steamcat\/wp-content\/uploads\/usu1760\/2024\/05\/forum-joves-talents.jpeg\"><img loading=\"lazy\" decoding=\"async\" width=\"827\" height=\"1024\" src=\"https:\/\/projectes.xtec.cat\/steamcat\/wp-content\/uploads\/usu1760\/2024\/05\/forum-joves-talents-827x1024.jpeg\" alt=\"\" class=\"wp-image-17233\" style=\"aspect-ratio:0.8076171875;width:325px;height:auto\" srcset=\"https:\/\/projectes.xtec.cat\/steamcat\/wp-content\/uploads\/usu1760\/2024\/05\/forum-joves-talents-827x1024.jpeg 827w, https:\/\/projectes.xtec.cat\/steamcat\/wp-content\/uploads\/usu1760\/2024\/05\/forum-joves-talents-242x300.jpeg 242w, https:\/\/projectes.xtec.cat\/steamcat\/wp-content\/uploads\/usu1760\/2024\/05\/forum-joves-talents-768x951.jpeg 768w, https:\/\/projectes.xtec.cat\/steamcat\/wp-content\/uploads\/usu1760\/2024\/05\/forum-joves-talents.jpeg 1048w\" sizes=\"auto, (max-width: 827px) 100vw, 827px\" \/><\/a><\/figure>\n\n\n\n<h2 class=\"wp-block-heading\"><strong>Tu i el Canvi clim\u00e0tic<\/strong><\/h2>\n\n\n\n<div class=\"wp-block-group is-layout-constrained wp-block-group-is-layout-constrained\">\n<p><strong>Dates: <\/strong>del 26 al 29 de juny de 2024<\/p>\n\n\n\n<p><strong>Lloc: <\/strong>Berga<\/p>\n\n\n\n<p><strong>Organitza:<\/strong> <a href=\"https:\/\/www.exploratori.org\/ca\">Exploratori de Recursos de la Natura \u2013 UPC<\/a><\/p>\n<\/div>\n\n\n\n<p>Del 26 al 29 de juny de 2024 es celebrar\u00e0 la 9a edici\u00f3 del <a href=\"https:\/\/www.exploratori.org\/ca\/forum-de-joves-talents-de-catalunya\/forum-de-joves-talents-de-catalunya-2024\"><strong>F\u00f2rum de Joves Talents de Catalunya<\/strong><\/a> a l&#8217;Exploratori de Recursos de la Natura de Berga, organitzat per la Universitat Polit\u00e8cnica de Catalunya i que, un any m\u00e9s compta amb el suport del Departament d&#8217;Educaci\u00f3. En aquesta edici\u00f3 el tema central \u00e9s, <strong>Tu i el Canvi clim\u00e0tic<\/strong>.<br>Amb l\u2019objectiu d\u2019incentivar l&#8217;inter\u00e8s per la ci\u00e8ncia i la tecnologia, busquem <strong><mark style=\"background-color:#e7a20d\" class=\"has-inline-color\">40 joves de 4t d&#8217;ESO i 1r de Batxillerat<\/mark><\/strong> de tota Catalunya; els centres,&nbsp; podeu enviar 1 o 2 candidatures de joves amb bon expedient acad\u00e8mic (noi i noia), i tinguin inter\u00e8s per les ci\u00e8ncies i les tecnologies.<\/p>\n\n\n\n<p>La informaci\u00f3 m\u00e9s detallada la trobareu <a href=\"https:\/\/www.exploratori.org\/ca\/forum-de-joves-talents-de-catalunya\/forum-de-joves-talents-de-catalunya-2024\"><strong>aqu\u00ed<\/strong><\/a><em><strong>&nbsp;<\/strong><\/em><\/p>\n\n\n\n<div class=\"wp-block-group is-layout-constrained wp-block-group-is-layout-constrained\">\n<p>Es prioritzar\u00e0:<\/p>\n\n\n\n<ul class=\"wp-block-list\">\n<li>equilibri territorial<\/li>\n\n\n\n<li>diversitat de centres<\/li>\n\n\n\n<li>paritat<\/li>\n<\/ul>\n<\/div>\n\n\n\n<p>La Universitat Polit\u00e8cnica de Catalunya certificar\u00e0 la participaci\u00f3 de l&#8217;alumnat en el F\u00f2rum.<\/p>\n\n\n\n<p>La <strong>UPC paga \u00edntegrament les despeses de l\u2019estada a Berga<\/strong>. El <strong>transport de l&#8217;alumnat fins a Berga el dia d&#8217;arribar i la tornada, \u00e9s a c\u00e0rrec de les fam\u00edlies<\/strong>.&nbsp;&nbsp;<\/p>\n\n\n\n<p style=\"font-size:13px\">Per a qualsevol informaci\u00f3 complement\u00e0ria us podeu adre\u00e7ar a:&nbsp; programasteam@xtec.cat a l&#8217;atenci\u00f3 de Mireia Braup<\/p>\n\n\n\n<div class=\"wp-block-buttons is-content-justification-center is-layout-flex wp-container-core-buttons-is-layout-1 wp-block-buttons-is-layout-flex\">\n<div class=\"wp-block-button\"><a class=\"wp-block-button__link has-white-color has-text-color has-background wp-element-button\" href=\"https:\/\/forms.gle\/3xgJME2nG3JzRR916\" style=\"background-color:#e7a20d\" target=\"_blank\" rel=\"noreferrer noopener\">inscripci\u00f3 abans del 30 de maig<\/a><\/div>\n<\/div>\n\n\n\n<div style=\"height:20px\" aria-hidden=\"true\" class=\"wp-block-spacer\"><\/div>\n\n\n\n<p class=\"has-text-align-center\"><img loading=\"lazy\" decoding=\"async\" width=\"275\" height=\"63\" src=\"https:\/\/lh7-us.googleusercontent.com\/XTR0ofeEOjqhT09x1ii4aPKJfxwST5Va-c4p0UEAa7BvGZONikakKR1X_LPa-c69HToCMYVIGww01nQNmbYHL0Lp3pN_23R4uMnsD_WSonRkyw2B8Lj9c-7zso9DF3xjDYhi1e0cRENe8AM9H8fA1LU\" alt=\"Exploratori dels Recursos de la Natura\"><\/p>\n","protected":false},"excerpt":{"rendered":"<p>Tu i el Canvi clim\u00e0tic Dates: del 26 al 29 de juny de 2024 Lloc: Berga Organitza: Exploratori de Recursos de la Natura \u2013 UPC Del 26 al 29 de juny de 2024 es celebrar\u00e0 la 9a edici\u00f3 del F\u00f2rum de Joves Talents de Catalunya a l&#8217;Exploratori de Recursos de la Natura de Berga, organitzat [&hellip;]<\/p>\n","protected":false},"author":24,"featured_media":17233,"comment_status":"closed","ping_status":"open","sticky":false,"template":"","format":"standard","meta":{"_bbp_topic_count":0,"_bbp_reply_count":0,"_bbp_total_topic_count":0,"_bbp_total_reply_count":0,"_bbp_voice_count":0,"_bbp_anonymous_reply_count":0,"_bbp_topic_count_hidden":0,"_bbp_reply_count_hidden":0,"_bbp_forum_subforum_count":0,"site-sidebar-layout":"default","site-content-layout":"","ast-site-content-layout":"default","site-content-style":"default","site-sidebar-style":"default","ast-global-header-display":"","ast-banner-title-visibility":"","ast-main-header-display":"","ast-hfb-above-header-display":"","ast-hfb-below-header-display":"","ast-hfb-mobile-header-display":"","site-post-title":"","ast-breadcrumbs-content":"","ast-featured-img":"disabled","footer-sml-layout":"","theme-transparent-header-meta":"","adv-header-id-meta":"","stick-header-meta":"","header-above-stick-meta":"","header-main-stick-meta":"","header-below-stick-meta":"","astra-migrate-meta-layouts":"set","ast-page-background-enabled":"default","ast-page-background-meta":{"desktop":{"background-color":"var(--ast-global-color-4)","background-image":"","background-repeat":"repeat","background-position":"center center","background-size":"auto","background-attachment":"scroll","background-type":"","background-media":"","overlay-type":"","overlay-color":"","overlay-opacity":"","overlay-gradient":""},"tablet":{"background-color":"","background-image":"","background-repeat":"repeat","background-position":"center center","background-size":"auto","background-attachment":"scroll","background-type":"","background-media":"","overlay-type":"","overlay-color":"","overlay-opacity":"","overlay-gradient":""},"mobile":{"background-color":"","background-image":"","background-repeat":"repeat","background-position":"center center","background-size":"auto","background-attachment":"scroll","background-type":"","background-media":"","overlay-type":"","overlay-color":"","overlay-opacity":"","overlay-gradient":""}},"ast-content-background-meta":{"desktop":{"background-color":"var(--ast-global-color-5)","background-image":"","background-repeat":"repeat","background-position":"center center","background-size":"auto","background-attachment":"scroll","background-type":"","background-media":"","overlay-type":"","overlay-color":"","overlay-opacity":"","overlay-gradient":""},"tablet":{"background-color":"var(--ast-global-color-5)","background-image":"","background-repeat":"repeat","background-position":"center center","background-size":"auto","background-attachment":"scroll","background-type":"","background-media":"","overlay-type":"","overlay-color":"","overlay-opacity":"","overlay-gradient":""},"mobile":{"background-color":"var(--ast-global-color-5)","background-image":"","background-repeat":"repeat","background-position":"center center","background-size":"auto","background-attachment":"scroll","background-type":"","background-media":"","overlay-type":"","overlay-color":"","overlay-opacity":"","overlay-gradient":""}},"footnotes":""},"categories":[1,473],"tags":[430],"class_list":["post-17232","post","type-post","status-publish","format-standard","has-post-thumbnail","hentry","category-general","category-x-a-lalumnat","tag-ods13"],"post_mailing_queue_ids":[],"_links":{"self":[{"href":"https:\/\/projectes.xtec.cat\/steamcat\/wp-json\/wp\/v2\/posts\/17232","targetHints":{"allow":["GET"]}}],"collection":[{"href":"https:\/\/projectes.xtec.cat\/steamcat\/wp-json\/wp\/v2\/posts"}],"about":[{"href":"https:\/\/projectes.xtec.cat\/steamcat\/wp-json\/wp\/v2\/types\/post"}],"author":[{"embeddable":true,"href":"https:\/\/projectes.xtec.cat\/steamcat\/wp-json\/wp\/v2\/users\/24"}],"replies":[{"embeddable":true,"href":"https:\/\/projectes.xtec.cat\/steamcat\/wp-json\/wp\/v2\/comments?post=17232"}],"version-history":[{"count":5,"href":"https:\/\/projectes.xtec.cat\/steamcat\/wp-json\/wp\/v2\/posts\/17232\/revisions"}],"predecessor-version":[{"id":20650,"href":"https:\/\/projectes.xtec.cat\/steamcat\/wp-json\/wp\/v2\/posts\/17232\/revisions\/20650"}],"wp:featuredmedia":[{"embeddable":true,"href":"https:\/\/projectes.xtec.cat\/steamcat\/wp-json\/wp\/v2\/media\/17233"}],"wp:attachment":[{"href":"https:\/\/projectes.xtec.cat\/steamcat\/wp-json\/wp\/v2\/media?parent=17232"}],"wp:term":[{"taxonomy":"category","embeddable":true,"href":"https:\/\/projectes.xtec.cat\/steamcat\/wp-json\/wp\/v2\/categories?post=17232"},{"taxonomy":"post_tag","embeddable":true,"href":"https:\/\/projectes.xtec.cat\/steamcat\/wp-json\/wp\/v2\/tags?post=17232"}],"curies":[{"name":"wp","href":"https:\/\/api.w.org\/{rel}","templated":true}]}}