{"id":18378,"date":"2025-05-05T14:08:35","date_gmt":"2025-05-05T12:08:35","guid":{"rendered":"https:\/\/projectes.xtec.cat\/steamcat\/?p=18378"},"modified":"2025-10-03T08:37:58","modified_gmt":"2025-10-03T06:37:58","slug":"i-congres-de-professorat-stem-de-secundaria-2-i-3-de-juliol-de-2025","status":"publish","type":"post","link":"https:\/\/projectes.xtec.cat\/steamcat\/general\/i-congres-de-professorat-stem-de-secundaria-2-i-3-de-juliol-de-2025\/","title":{"rendered":"I Congr\u00e9s de Professorat STEM de Secund\u00e0ria, 2 i 3 de juliol de 2025"},"content":{"rendered":"\n<figure class=\"wp-block-image size-large\"><a href=\"https:\/\/projectes.xtec.cat\/steamcat\/wp-content\/uploads\/usu1760\/2025\/03\/191605.png\"><img loading=\"lazy\" decoding=\"async\" width=\"1024\" height=\"222\" src=\"https:\/\/projectes.xtec.cat\/steamcat\/wp-content\/uploads\/usu1760\/2025\/03\/191605-1024x222.png\" alt=\"\" class=\"wp-image-18379\" srcset=\"https:\/\/projectes.xtec.cat\/steamcat\/wp-content\/uploads\/usu1760\/2025\/03\/191605-1024x222.png 1024w, https:\/\/projectes.xtec.cat\/steamcat\/wp-content\/uploads\/usu1760\/2025\/03\/191605-300x65.png 300w, https:\/\/projectes.xtec.cat\/steamcat\/wp-content\/uploads\/usu1760\/2025\/03\/191605-768x166.png 768w, https:\/\/projectes.xtec.cat\/steamcat\/wp-content\/uploads\/usu1760\/2025\/03\/191605-1536x332.png 1536w, https:\/\/projectes.xtec.cat\/steamcat\/wp-content\/uploads\/usu1760\/2025\/03\/191605.png 1849w\" sizes=\"auto, (max-width: 1024px) 100vw, 1024px\" \/><\/a><\/figure>\n\n\n\n<div class=\"wp-block-group has-background is-layout-constrained wp-block-group-is-layout-constrained\" style=\"background-color:#f9edb7\">\n<p>\ud83d\udc69\u200d\ud83c\udfeb <strong>Crida a la participaci\u00f3:<\/strong> Presenta les teves experi\u00e8ncies did\u00e0ctiques en format de comunicaci\u00f3 oral, p\u00f2ster o mostra d\u2019experi\u00e8ncies <strong>fins el 19 de maig (improrrogable)<\/strong>. Ara nom\u00e9s cal presentar un resum de 500 paraules. M\u00e9s informaci\u00f3 a <a href=\"https:\/\/esdeveniments.upc.edu\/127813\/section\/55356\/i-congres-de-professorat-stem-de-secundaria.html\">Enviament contribuci\u00f3<\/a>. Tamb\u00e9 us fem arribar un <a href=\"https:\/\/www.youtube.com\/watch?v=6H29CfW2_jE\">Exemple d&#8217;experi\u00e8ncia<\/a> en format v\u00eddeo.<\/p>\n\n\n\n<p><img loading=\"lazy\" decoding=\"async\" src=\"https:\/\/lh7-qw.googleusercontent.com\/docsz\/AD_4nXdUjBFUuKHP-snLhRNCOH1kDzoE6JbV7c9RgkXEEwlOzcYdUKO3olMa3GHB3JvYqZKYh2DB4i_IU2bK8_vYHI7LjOYk7lFyKXLO2INq9tpxHHHX_sr-WttPFnqcw4yfbtO7MRyReQ?key=8p9dFPv9f-RwQ4LRfhzk0hTO\" width=\"20\" height=\"20\">Les contribucions acceptades formaran part del llibre d\u2019actes amb ISBN. <img loading=\"lazy\" decoding=\"async\" alt=\"\ud83d\udcc4\" src=\"https:\/\/lh7-qw.googleusercontent.com\/docsz\/AD_4nXd8sEh6xJGSP0Y4vEB79VmJcUYT2dhs9ZOrGVrdp-2IpmScFK1bgVG6qNhloVo9_e_rjhymcne8Kf7skmoiLmTO8Yt7gcmt7wUDGuPT7vflQhKpYHEBrPeubtxxwXx4yT5n1AS4_w?key=8p9dFPv9f-RwQ4LRfhzk0hTO\" width=\"17\" height=\"17\"> Es rebr\u00e0 certificat de formador (compatible amb el d\u2019assistent)<\/p>\n\n\n\n<p>\ud83d\udccc <strong>M\u00e9s informaci\u00f3:<\/strong><a href=\"http:\/\/esdeveniments.upc.edu\/go\/congres-professorat-STEM\"> Web del congr\u00e9s<\/a>&nbsp;<\/p>\n<\/div>\n\n\n\n<p>&#8212;-<\/p>\n\n\n\n<p>Aquest <a href=\"https:\/\/esdeveniments.upc.edu\/127813\/detail\/i-congres-de-professorat-stem-de-secundaria.html\" target=\"_blank\" rel=\"noreferrer noopener\">Congr\u00e9s <\/a>es presenta com un espai de trobada per al professorat d\u2019<strong>ESO, batxillerat<\/strong>&nbsp;i&nbsp;<strong>cicles formatius<\/strong>&nbsp;que impulsa iniciatives innovadores en l\u2019aprenentatge de les&nbsp;<strong>ci\u00e8ncies,&nbsp;<\/strong>la<strong>&nbsp;tecnologia,&nbsp;<\/strong>la&nbsp;<strong>digitalitzaci\u00f3&nbsp;<\/strong>i les<strong>&nbsp;matem\u00e0tiques<\/strong>. L\u2019objectiu principal \u00e9s fomentar l\u2019intercanvi d\u2019experi\u00e8ncies, te\u00f2riques i pr\u00e0ctiques, que serveixin d\u2019inspiraci\u00f3 per a la comunitat docent i contribueixin a millorar l\u2019ensenyament en les mat\u00e8ries STEM. Aix\u00ed mateix, el Congr\u00e9s vol promoure la col\u00b7laboraci\u00f3 transversal entre professorat de diferents \u00e0mbits per abordar els reptes educatius de l&#8217;era digital mitjan\u00e7ant el debat, l\u2019enriquiment mutu i la creaci\u00f3 de sinergies.<\/p>\n\n\n\n<p class=\"has-medium-font-size\"><br>Us hi esperem!<\/p>\n\n\n\n<h2 class=\"wp-block-heading\">Destinataris<\/h2>\n\n\n\n<div class=\"wp-block-media-text has-media-on-the-right is-stacked-on-mobile is-vertically-aligned-center\" style=\"grid-template-columns:auto 23%\"><div class=\"wp-block-media-text__content\">\n<p class=\"has-text-align-left\">Professorat de secund\u00e0ria de l&#8217;\u00e0mbit STEM i professorat de les fam\u00edlies&nbsp;industrials de la formaci\u00f3 professional.&nbsp;<\/p>\n\n\n\n<p class=\"has-text-align-left\">Les inscripcions seran gratu\u00eftes i&nbsp;per al professorat del Departament d\u2019Educaci\u00f3 i Formaci\u00f3 Professional el Congr\u00e9s formar\u00e0 part del pla de formaci\u00f3 permanent.<\/p>\n<\/div><figure class=\"wp-block-media-text__media\"><img loading=\"lazy\" decoding=\"async\" width=\"590\" height=\"498\" src=\"https:\/\/projectes.xtec.cat\/steamcat\/wp-content\/uploads\/usu1760\/2025\/03\/biologia.png\" alt=\"\" class=\"wp-image-18389 size-full\" srcset=\"https:\/\/projectes.xtec.cat\/steamcat\/wp-content\/uploads\/usu1760\/2025\/03\/biologia.png 590w, https:\/\/projectes.xtec.cat\/steamcat\/wp-content\/uploads\/usu1760\/2025\/03\/biologia-300x253.png 300w\" sizes=\"auto, (max-width: 590px) 100vw, 590px\" \/><\/figure><\/div>\n\n\n\n<h2 class=\"wp-block-heading\">Dates importants<\/h2>\n\n\n\n<figure class=\"wp-block-table has-medium-font-size\"><table class=\"has-luminous-vivid-amber-color has-white-background-color has-text-color has-background has-link-color\"><tbody><tr><td><a href=\"https:\/\/esdeveniments.upc.edu\/127813\/section\/55356\/i-congres-de-professorat-stem-de-secundaria.html\" data-type=\"link\" data-id=\"https:\/\/esdeveniments.upc.edu\/127813\/upload\/i-congres-de-professorat-stem-de-secundaria.html\" target=\"_blank\" rel=\"noreferrer noopener\"><strong>Primera crida per a la presentaci\u00f3 dels resums de les comunicacions (orals i p\u00f2sters) i mostra d&#8217;experi\u00e8ncies<\/strong><\/a><\/td><td>5 de mar\u00e7<\/td><\/tr><tr><td>Inici del termini d&#8217;inscripci\u00f3<\/td><td>abril<\/td><\/tr><tr><td>Finalitzaci\u00f3 del termini d&#8217;enviament dels resums de les comunicacions<\/td><td>19 de maig<\/td><\/tr><tr><td>Finalitzaci\u00f3 del termini d&#8217;inscripci\u00f3<\/td><td>15 de juny<\/td><\/tr><tr><td>Congr\u00e9s<\/td><td>2 i 3 de juliol<\/td><\/tr><\/tbody><\/table><\/figure>\n\n\n\n<h2 class=\"wp-block-heading\">&nbsp;Com participar-hi?<\/h2>\n\n\n\n<p><strong>COMUNICACIONS ORALS<\/strong><\/p>\n\n\n\n<p>Durada de 10 minuts d\u2019exposici\u00f3 i al final del bloc de comunicacions torn de preguntes de l\u2019audi\u00e8ncia.&nbsp;&nbsp;<\/p>\n\n\n\n<p><strong>COMUNICACIONS DE P\u00d2STERS<\/strong><\/p>\n\n\n\n<p>P\u00f2sters en format DIN A0. Hi haur\u00e0 un espai destinat al p\u00f2ster i una franja destinada a la visita de p\u00f2sters (caf\u00e8 i p\u00f2sters).&nbsp;<\/p>\n\n\n\n<p><strong>MOSTRA D\u2019EXPERI\u00c8NCIES<\/strong><\/p>\n\n\n\n<p>Espai de trobada i intercanvi per mostrar materials d\u2019experi\u00e8ncies a l&#8217;aula. Hi haur\u00e0 un bloc destinat a aquesta mostra (caf\u00e8 i experi\u00e8ncies).&nbsp;<\/p>\n\n\n\n<h3 class=\"wp-block-heading\">Com arribar-hi?<\/h3>\n\n\n\n<p>El Congr\u00e9s se celebrar\u00e0 al Campus del Baix Llobregat (<a href=\"https:\/\/cbl.upc.edu\/\">CBL<\/a>), a Castelldefels. El Campus del Baix Llobregat inclou, entre d\u2019altres, dues escoles de la Universitat Polit\u00e8cnica de Catalunya: l\u2019<a href=\"https:\/\/eetac.upc.edu\/ca\">Escola d&#8217;Enginyeria de Telecomunicaci\u00f3 i Aeroespacial de Castelldefels<\/a><strong> <\/strong>i l\u2019<a href=\"https:\/\/eeabb.upc.edu\/ca\">Escola d&#8217;Enginyeria Agroaliment\u00e0ria i de Biosistemes de Barcelona<\/a>.<\/p>\n\n\n\n<figure class=\"wp-block-image size-large\"><a href=\"https:\/\/projectes.xtec.cat\/steamcat\/wp-content\/uploads\/usu1760\/2025\/03\/organitza-congres.png\"><img loading=\"lazy\" decoding=\"async\" width=\"1024\" height=\"609\" src=\"https:\/\/projectes.xtec.cat\/steamcat\/wp-content\/uploads\/usu1760\/2025\/03\/organitza-congres-1024x609.png\" alt=\"\" class=\"wp-image-18386\" srcset=\"https:\/\/projectes.xtec.cat\/steamcat\/wp-content\/uploads\/usu1760\/2025\/03\/organitza-congres-1024x609.png 1024w, https:\/\/projectes.xtec.cat\/steamcat\/wp-content\/uploads\/usu1760\/2025\/03\/organitza-congres-300x178.png 300w, https:\/\/projectes.xtec.cat\/steamcat\/wp-content\/uploads\/usu1760\/2025\/03\/organitza-congres-768x456.png 768w, https:\/\/projectes.xtec.cat\/steamcat\/wp-content\/uploads\/usu1760\/2025\/03\/organitza-congres-1536x913.png 1536w, https:\/\/projectes.xtec.cat\/steamcat\/wp-content\/uploads\/usu1760\/2025\/03\/organitza-congres.png 1595w\" sizes=\"auto, (max-width: 1024px) 100vw, 1024px\" \/><\/a><\/figure>\n","protected":false},"excerpt":{"rendered":"<p>\ud83d\udc69\u200d\ud83c\udfeb Crida a la participaci\u00f3: Presenta les teves experi\u00e8ncies did\u00e0ctiques en format de comunicaci\u00f3 oral, p\u00f2ster o mostra d\u2019experi\u00e8ncies fins el 19 de maig (improrrogable). <\/p>\n","protected":false},"author":49,"featured_media":18379,"comment_status":"closed","ping_status":"open","sticky":false,"template":"","format":"standard","meta":{"_bbp_topic_count":0,"_bbp_reply_count":0,"_bbp_total_topic_count":0,"_bbp_total_reply_count":0,"_bbp_voice_count":0,"_bbp_anonymous_reply_count":0,"_bbp_topic_count_hidden":0,"_bbp_reply_count_hidden":0,"_bbp_forum_subforum_count":0,"site-sidebar-layout":"default","site-content-layout":"","ast-site-content-layout":"default","site-content-style":"default","site-sidebar-style":"default","ast-global-header-display":"","ast-banner-title-visibility":"","ast-main-header-display":"","ast-hfb-above-header-display":"","ast-hfb-below-header-display":"","ast-hfb-mobile-header-display":"","site-post-title":"","ast-breadcrumbs-content":"","ast-featured-img":"disabled","footer-sml-layout":"","theme-transparent-header-meta":"","adv-header-id-meta":"","stick-header-meta":"","header-above-stick-meta":"","header-main-stick-meta":"","header-below-stick-meta":"","astra-migrate-meta-layouts":"set","ast-page-background-enabled":"default","ast-page-background-meta":{"desktop":{"background-color":"var(--ast-global-color-4)","background-image":"","background-repeat":"repeat","background-position":"center center","background-size":"auto","background-attachment":"scroll","background-type":"","background-media":"","overlay-type":"","overlay-color":"","overlay-opacity":"","overlay-gradient":""},"tablet":{"background-color":"","background-image":"","background-repeat":"repeat","background-position":"center center","background-size":"auto","background-attachment":"scroll","background-type":"","background-media":"","overlay-type":"","overlay-color":"","overlay-opacity":"","overlay-gradient":""},"mobile":{"background-color":"","background-image":"","background-repeat":"repeat","background-position":"center center","background-size":"auto","background-attachment":"scroll","background-type":"","background-media":"","overlay-type":"","overlay-color":"","overlay-opacity":"","overlay-gradient":""}},"ast-content-background-meta":{"desktop":{"background-color":"var(--ast-global-color-5)","background-image":"","background-repeat":"repeat","background-position":"center center","background-size":"auto","background-attachment":"scroll","background-type":"","background-media":"","overlay-type":"","overlay-color":"","overlay-opacity":"","overlay-gradient":""},"tablet":{"background-color":"var(--ast-global-color-5)","background-image":"","background-repeat":"repeat","background-position":"center center","background-size":"auto","background-attachment":"scroll","background-type":"","background-media":"","overlay-type":"","overlay-color":"","overlay-opacity":"","overlay-gradient":""},"mobile":{"background-color":"var(--ast-global-color-5)","background-image":"","background-repeat":"repeat","background-position":"center center","background-size":"auto","background-attachment":"scroll","background-type":"","background-media":"","overlay-type":"","overlay-color":"","overlay-opacity":"","overlay-gradient":""}},"footnotes":""},"categories":[361,1,449],"tags":[418],"class_list":["post-18378","post","type-post","status-publish","format-standard","has-post-thumbnail","hentry","category-portada","category-general","category-vocacions","tag-ods4"],"post_mailing_queue_ids":[],"_links":{"self":[{"href":"https:\/\/projectes.xtec.cat\/steamcat\/wp-json\/wp\/v2\/posts\/18378","targetHints":{"allow":["GET"]}}],"collection":[{"href":"https:\/\/projectes.xtec.cat\/steamcat\/wp-json\/wp\/v2\/posts"}],"about":[{"href":"https:\/\/projectes.xtec.cat\/steamcat\/wp-json\/wp\/v2\/types\/post"}],"author":[{"embeddable":true,"href":"https:\/\/projectes.xtec.cat\/steamcat\/wp-json\/wp\/v2\/users\/49"}],"replies":[{"embeddable":true,"href":"https:\/\/projectes.xtec.cat\/steamcat\/wp-json\/wp\/v2\/comments?post=18378"}],"version-history":[{"count":6,"href":"https:\/\/projectes.xtec.cat\/steamcat\/wp-json\/wp\/v2\/posts\/18378\/revisions"}],"predecessor-version":[{"id":19728,"href":"https:\/\/projectes.xtec.cat\/steamcat\/wp-json\/wp\/v2\/posts\/18378\/revisions\/19728"}],"wp:featuredmedia":[{"embeddable":true,"href":"https:\/\/projectes.xtec.cat\/steamcat\/wp-json\/wp\/v2\/media\/18379"}],"wp:attachment":[{"href":"https:\/\/projectes.xtec.cat\/steamcat\/wp-json\/wp\/v2\/media?parent=18378"}],"wp:term":[{"taxonomy":"category","embeddable":true,"href":"https:\/\/projectes.xtec.cat\/steamcat\/wp-json\/wp\/v2\/categories?post=18378"},{"taxonomy":"post_tag","embeddable":true,"href":"https:\/\/projectes.xtec.cat\/steamcat\/wp-json\/wp\/v2\/tags?post=18378"}],"curies":[{"name":"wp","href":"https:\/\/api.w.org\/{rel}","templated":true}]}}