{"id":18646,"date":"2025-05-08T08:06:00","date_gmt":"2025-05-08T06:06:00","guid":{"rendered":"https:\/\/projectes.xtec.cat\/steamcat\/?p=18646"},"modified":"2025-10-03T08:37:36","modified_gmt":"2025-10-03T06:37:36","slug":"setmana-dimmersio-cientifica-al-pirineu","status":"publish","type":"post","link":"https:\/\/projectes.xtec.cat\/steamcat\/general\/setmana-dimmersio-cientifica-al-pirineu\/","title":{"rendered":"Setmana d&#8217;immersi\u00f3 cient\u00edfica al Pirineu"},"content":{"rendered":"\n<div class=\"wp-block-getwid-section getwid-section-content-full-width\"><div class=\"wp-block-getwid-section__wrapper getwid-align-items-flex-start\"><div class=\"wp-block-getwid-section__inner-wrapper\"><div class=\"wp-block-getwid-section__background-holder\"><div class=\"wp-block-getwid-section__background\"><\/div><div class=\"wp-block-getwid-section__foreground\"><\/div><\/div><div class=\"wp-block-getwid-section__content\"><div class=\"wp-block-getwid-section__inner-content\">\n<figure class=\"wp-block-image aligncenter size-full is-resized\"><a href=\"https:\/\/www.fundaciocatalunya-lapedrera.com\/ca\" target=\"_blank\" rel=\"noreferrer noopener\"><img loading=\"lazy\" decoding=\"async\" width=\"400\" height=\"400\" src=\"https:\/\/projectes.xtec.cat\/steamcat\/wp-content\/uploads\/usu1760\/2022\/06\/Erh3kZO-_400x400.jpg\" alt=\"Fundaci\u00f3 Catalunya la Pedrera\" class=\"wp-image-13007\" style=\"width:161px;height:auto\" srcset=\"https:\/\/projectes.xtec.cat\/steamcat\/wp-content\/uploads\/usu1760\/2022\/06\/Erh3kZO-_400x400.jpg 400w, https:\/\/projectes.xtec.cat\/steamcat\/wp-content\/uploads\/usu1760\/2022\/06\/Erh3kZO-_400x400-300x300.jpg 300w, https:\/\/projectes.xtec.cat\/steamcat\/wp-content\/uploads\/usu1760\/2022\/06\/Erh3kZO-_400x400-150x150.jpg 150w\" sizes=\"auto, (max-width: 400px) 100vw, 400px\" \/><\/a><\/figure>\n\n\n\n<h2 class=\"wp-block-heading has-text-align-center\"><strong>ESTADES CIENT\u00cdFIQUES  del 7 al 12 de juliol<\/strong><\/h2>\n<\/div><\/div><\/div><\/div><\/div>\n\n\n\n<p class=\"has-text-align-center\"><strong>Coneixes estudiants de 4t d&#8217;ESO o Batxillerat que busquin un programa cient\u00edfic d&#8217;estiu?<\/strong><br><br>Del 7 al 12 de juliol poden viure una setmana d&#8217;immersi\u00f3 cient\u00edfica al Pirineu, acompanyats d&#8217;equips d&#8217;investigadors i a l&#8217;entorn excepcional de&nbsp;<strong>M\u00f3nNatura Pirineus<\/strong>. <a href=\"https:\/\/www.fundaciocatalunya-lapedrera.com\/ca\/estades-cientifiques\" target=\"_blank\" rel=\"noreferrer noopener\">+ informaci\u00f3 al web<\/a><\/p>\n\n\n\n<div class=\"wp-block-buttons is-content-justification-center is-layout-flex wp-container-core-buttons-is-layout-1 wp-block-buttons-is-layout-flex\">\n<div class=\"wp-block-button has-custom-font-size is-style-outline has-medium-font-size is-style-outline--1\"><a class=\"wp-block-button__link wp-element-button\" href=\"https:\/\/estades-cientifiques.fundaciocatalunya-lapedrera.com\/\" style=\"border-radius:5px\" target=\"_blank\" rel=\"noreferrer noopener\">Inscripcions fins el 15 de maig<\/a><\/div>\n<\/div>\n\n\n\n<p class=\"has-text-align-center\"><a href=\"https:\/\/www.fundaciocatalunya-lapedrera.com\/ca\/science-academy\/programa-ajuts\" target=\"_blank\" rel=\"noreferrer noopener\"><mark style=\"background-color:#f2fbad\" class=\"has-inline-color\">Amb possibilitats de reducci\u00f3 de quota<\/mark><\/a><\/p>\n\n\n\n<hr class=\"wp-block-separator has-alpha-channel-opacity is-style-dots\"\/>\n\n\n\n<p class=\"has-text-align-center has-medium-font-size\">Tens ganes de&nbsp;viure una&nbsp;<strong>experi\u00e8ncia cient\u00edfica aquest estiu?<\/strong><\/p>\n\n\n\n<p class=\"has-text-align-center\">A les <strong><a href=\"https:\/\/www.fundaciocatalunya-lapedrera.com\/ca\/estades-cientifiques\" target=\"_blank\" rel=\"noreferrer noopener\">Estades Cient\u00edfiques<\/a> <\/strong>tindr\u00e0s l&#8217;oportunitat de treballar en projectes cient\u00edfics, de la m\u00e0 d&#8217;investigadors i investigadores<strong>&nbsp;<\/strong>i a l&#8217;entorn excepcional de&nbsp;<strong><a href=\"https:\/\/monnaturapirineus.com\/ca\/\" target=\"_blank\" rel=\"noreferrer noopener\">M\u00f3nNatura Pirineus<\/a><\/strong>. Durant una setmana immersiva, conviur\u00e0s&nbsp;amb joves de perfils similars, amb qui intercanviar idees, passar-t\u2019ho b\u00e9 i descobrir el teu&nbsp;potencial cient\u00edfic. Una experi\u00e8ncia transformadora per gaudir,&nbsp;aprendre&nbsp;i inspirar-se!<\/p>\n\n\n\n<div class=\"wp-block-getwid-section\"><div class=\"wp-block-getwid-section__wrapper\"><div class=\"wp-block-getwid-section__inner-wrapper\"><div class=\"wp-block-getwid-section__background-holder\"><div class=\"wp-block-getwid-section__background\"><\/div><div class=\"wp-block-getwid-section__foreground\"><\/div><\/div><div class=\"wp-block-getwid-section__content\"><div class=\"wp-block-getwid-section__inner-content\">\n<div class=\"wp-block-columns is-layout-flex wp-container-core-columns-is-layout-1 wp-block-columns-is-layout-flex\">\n<div class=\"wp-block-column is-layout-flow wp-block-column-is-layout-flow\">\n<figure class=\"wp-block-image\"><img loading=\"lazy\" decoding=\"async\" width=\"720\" height=\"400\" src=\"https:\/\/projectes.xtec.cat\/steamcat\/wp-content\/uploads\/usu1760\/2025\/05\/IMG_5760_11zon.jpg\" alt=\"\" class=\"wp-image-18649\" srcset=\"https:\/\/projectes.xtec.cat\/steamcat\/wp-content\/uploads\/usu1760\/2025\/05\/IMG_5760_11zon.jpg 720w, https:\/\/projectes.xtec.cat\/steamcat\/wp-content\/uploads\/usu1760\/2025\/05\/IMG_5760_11zon-300x167.jpg 300w\" sizes=\"auto, (max-width: 720px) 100vw, 720px\" \/><\/figure>\n\n\n\n<h2 class=\"wp-block-heading\"><strong>Ci\u00e8ncia a l&#8217;Alt Pirineu, de la muntanya al laboratori<\/strong><\/h2>\n\n\n\n<p>Tens inter\u00e8s en la recerca de laboratori, la biologia o les ci\u00e8ncies ambientals? Descobreix qu\u00e8 s&#8217;amaga als rius, llacs i boscos del Pirineu, i com es fa recerca tant a l&#8217;entorn natural com al laboratori.<\/p>\n\n\n\n<p>Una combinaci\u00f3 de sortides de camp i an\u00e0lisis al laboratori, que us faran descobrir la ci\u00e8ncia en el seu estat m\u00e9s pur, acompanyats per l&#8217;equip de recerca de l&#8217;<strong>Institut de Diagn\u00f2stic Ambiental i Estudis de l&#8217;Aigua<\/strong>&nbsp;(IDAEA-CSIC).<\/p>\n\n\n\n<p><a href=\"https:\/\/www.fundaciocatalunya-lapedrera.com\/ca\/ciencia-lalt-pirineu-muntanya-al-laboratori\" target=\"_blank\" rel=\"noreferrer noopener\">+ informaci\u00f3<\/a><\/p>\n<\/div>\n\n\n\n<div class=\"wp-block-column is-layout-flow wp-block-column-is-layout-flow\">\n<figure class=\"wp-block-image\"><img loading=\"lazy\" decoding=\"async\" width=\"720\" height=\"400\" src=\"https:\/\/projectes.xtec.cat\/steamcat\/wp-content\/uploads\/usu1760\/2025\/05\/EstadesCientifiquesMNP-3.jpg\" alt=\"\" class=\"wp-image-18650\" srcset=\"https:\/\/projectes.xtec.cat\/steamcat\/wp-content\/uploads\/usu1760\/2025\/05\/EstadesCientifiquesMNP-3.jpg 720w, https:\/\/projectes.xtec.cat\/steamcat\/wp-content\/uploads\/usu1760\/2025\/05\/EstadesCientifiquesMNP-3-300x167.jpg 300w\" sizes=\"auto, (max-width: 720px) 100vw, 720px\" \/><\/figure>\n\n\n\n<h2 class=\"wp-block-heading\"><strong>NewSpace, l&#8217;enginyeria de l&#8217;espai<\/strong><\/h2>\n\n\n\n<p>Ets m\u00e9s de f\u00edsica, matem\u00e0tiques, tecnologia o enginyeria? Descobreix la nova era espacial de la m\u00e0 de l&#8217;equip cient\u00edfic de l&#8217;<strong>Institut d&#8217;Estudis Espacials de Catalunya<\/strong>&nbsp;(IEEC).<\/p>\n\n\n\n<p>Viu l&#8217;experi\u00e8ncia \u00fanica d&#8217;aprendre tecnologies de comunicacions i navegacions espacials, i d&#8217;observaci\u00f3 de la Terra des de l&#8217;espai. Unes eines que ens ajudaran a resoldre problemes globals. Suma&#8217;t al repte!<\/p>\n\n\n\n<p><a href=\"https:\/\/www.fundaciocatalunya-lapedrera.com\/ca\/newspace-lenginyeria-lespai\" target=\"_blank\" rel=\"noreferrer noopener\">+ informaci\u00f3<\/a><\/p>\n<\/div>\n<\/div>\n<\/div><\/div><\/div><\/div><\/div>\n\n\n\n<p class=\"has-small-font-size\">La&nbsp;<strong><a href=\"https:\/\/www.fundaciocatalunya-lapedrera.com\/ca\" target=\"_blank\" rel=\"noreferrer noopener\">Fundaci\u00f3 Catalunya La Pedrera<\/a><\/strong>&nbsp;promou la participaci\u00f3 als seus programes en igualtat de condicions per a tothom i basa els seus processos de selecci\u00f3 en les qualitats i inter\u00e8s de les candidatures, independentment de la seva situaci\u00f3 econ\u00f2mica.&nbsp;Per aix\u00f2, la Fundaci\u00f3 ofereix<strong><a href=\"https:\/\/www.fundaciocatalunya-lapedrera.com\/ca\/science-academy\/programa-ajuts\" target=\"_blank\" rel=\"noreferrer noopener\">&nbsp;reduccions de la quota<\/a><\/strong>&nbsp;per facilitar que els candidats seleccionats que no poden fer-hi front hi puguin participar.<\/p>\n\n\n\n<div class=\"wp-block-getwid-section\"><div class=\"wp-block-getwid-section__wrapper\"><div class=\"wp-block-getwid-section__inner-wrapper\"><div class=\"wp-block-getwid-section__background-holder\"><div class=\"wp-block-getwid-section__background\"><\/div><div class=\"wp-block-getwid-section__foreground\"><\/div><\/div><div class=\"wp-block-getwid-section__content\"><div class=\"wp-block-getwid-section__inner-content\"><\/div><\/div><\/div><\/div><\/div>\n\n\n\n<p><\/p>\n\n\n\n<div class=\"wp-block-buttons is-content-justification-center is-layout-flex wp-container-core-buttons-is-layout-2 wp-block-buttons-is-layout-flex\">\n<div class=\"wp-block-button is-style-outline is-style-outline--2\"><a class=\"wp-block-button__link wp-element-button\" href=\"https:\/\/www.fundaciocatalunya-lapedrera.com\/ca\/estades-cientifiques\" style=\"border-radius:5px\" target=\"_blank\" rel=\"noreferrer noopener\">Inscripcions fins el 15 de maig<\/a><\/div>\n<\/div>\n\n\n\n<div style=\"height:18px\" aria-hidden=\"true\" class=\"wp-block-spacer\"><\/div>\n\n\n\n<div class=\"wp-block-buttons is-content-justification-center is-layout-flex wp-container-core-buttons-is-layout-3 wp-block-buttons-is-layout-flex\">\n<div class=\"wp-block-button is-style-outline is-style-outline--3\"><a class=\"wp-block-button__link wp-element-button\" href=\"https:\/\/estades-cientifiques.fundaciocatalunya-lapedrera.com\/\" style=\"border-radius:5px\" target=\"_blank\" rel=\"noreferrer noopener\">informaci\u00f3 al web<\/a><\/div>\n<\/div>\n","protected":false},"excerpt":{"rendered":"<p>Coneixes estudiants de 4t d&#8217;ESO o Batxillerat que busquin un programa cient\u00edfic d&#8217;estiu? Del 7 al 12 de juliol poden viure una setmana d&#8217;immersi\u00f3 cient\u00edfica al Pirineu, acompanyats d&#8217;equips d&#8217;investigadors i a l&#8217;entorn excepcional de&nbsp;M\u00f3nNatura Pirineus. + informaci\u00f3 al web Amb possibilitats de reducci\u00f3 de quota Tens ganes de&nbsp;viure una&nbsp;experi\u00e8ncia cient\u00edfica aquest estiu? A les [&hellip;]<\/p>\n","protected":false},"author":24,"featured_media":18648,"comment_status":"closed","ping_status":"open","sticky":false,"template":"","format":"standard","meta":{"_bbp_topic_count":0,"_bbp_reply_count":0,"_bbp_total_topic_count":0,"_bbp_total_reply_count":0,"_bbp_voice_count":0,"_bbp_anonymous_reply_count":0,"_bbp_topic_count_hidden":0,"_bbp_reply_count_hidden":0,"_bbp_forum_subforum_count":0,"site-sidebar-layout":"default","site-content-layout":"","ast-site-content-layout":"default","site-content-style":"default","site-sidebar-style":"default","ast-global-header-display":"","ast-banner-title-visibility":"","ast-main-header-display":"","ast-hfb-above-header-display":"","ast-hfb-below-header-display":"","ast-hfb-mobile-header-display":"","site-post-title":"","ast-breadcrumbs-content":"","ast-featured-img":"disabled","footer-sml-layout":"","theme-transparent-header-meta":"","adv-header-id-meta":"","stick-header-meta":"","header-above-stick-meta":"","header-main-stick-meta":"","header-below-stick-meta":"","astra-migrate-meta-layouts":"set","ast-page-background-enabled":"default","ast-page-background-meta":{"desktop":{"background-color":"var(--ast-global-color-4)","background-image":"","background-repeat":"repeat","background-position":"center center","background-size":"auto","background-attachment":"scroll","background-type":"","background-media":"","overlay-type":"","overlay-color":"","overlay-opacity":"","overlay-gradient":""},"tablet":{"background-color":"","background-image":"","background-repeat":"repeat","background-position":"center center","background-size":"auto","background-attachment":"scroll","background-type":"","background-media":"","overlay-type":"","overlay-color":"","overlay-opacity":"","overlay-gradient":""},"mobile":{"background-color":"","background-image":"","background-repeat":"repeat","background-position":"center center","background-size":"auto","background-attachment":"scroll","background-type":"","background-media":"","overlay-type":"","overlay-color":"","overlay-opacity":"","overlay-gradient":""}},"ast-content-background-meta":{"desktop":{"background-color":"var(--ast-global-color-5)","background-image":"","background-repeat":"repeat","background-position":"center center","background-size":"auto","background-attachment":"scroll","background-type":"","background-media":"","overlay-type":"","overlay-color":"","overlay-opacity":"","overlay-gradient":""},"tablet":{"background-color":"var(--ast-global-color-5)","background-image":"","background-repeat":"repeat","background-position":"center center","background-size":"auto","background-attachment":"scroll","background-type":"","background-media":"","overlay-type":"","overlay-color":"","overlay-opacity":"","overlay-gradient":""},"mobile":{"background-color":"var(--ast-global-color-5)","background-image":"","background-repeat":"repeat","background-position":"center center","background-size":"auto","background-attachment":"scroll","background-type":"","background-media":"","overlay-type":"","overlay-color":"","overlay-opacity":"","overlay-gradient":""}},"footnotes":""},"categories":[361,1],"tags":[430,432,418,426],"class_list":["post-18646","post","type-post","status-publish","format-standard","has-post-thumbnail","hentry","category-portada","category-general","tag-ods13","tag-ods15","tag-ods4","tag-ods9"],"post_mailing_queue_ids":[],"_links":{"self":[{"href":"https:\/\/projectes.xtec.cat\/steamcat\/wp-json\/wp\/v2\/posts\/18646","targetHints":{"allow":["GET"]}}],"collection":[{"href":"https:\/\/projectes.xtec.cat\/steamcat\/wp-json\/wp\/v2\/posts"}],"about":[{"href":"https:\/\/projectes.xtec.cat\/steamcat\/wp-json\/wp\/v2\/types\/post"}],"author":[{"embeddable":true,"href":"https:\/\/projectes.xtec.cat\/steamcat\/wp-json\/wp\/v2\/users\/24"}],"replies":[{"embeddable":true,"href":"https:\/\/projectes.xtec.cat\/steamcat\/wp-json\/wp\/v2\/comments?post=18646"}],"version-history":[{"count":6,"href":"https:\/\/projectes.xtec.cat\/steamcat\/wp-json\/wp\/v2\/posts\/18646\/revisions"}],"predecessor-version":[{"id":19727,"href":"https:\/\/projectes.xtec.cat\/steamcat\/wp-json\/wp\/v2\/posts\/18646\/revisions\/19727"}],"wp:featuredmedia":[{"embeddable":true,"href":"https:\/\/projectes.xtec.cat\/steamcat\/wp-json\/wp\/v2\/media\/18648"}],"wp:attachment":[{"href":"https:\/\/projectes.xtec.cat\/steamcat\/wp-json\/wp\/v2\/media?parent=18646"}],"wp:term":[{"taxonomy":"category","embeddable":true,"href":"https:\/\/projectes.xtec.cat\/steamcat\/wp-json\/wp\/v2\/categories?post=18646"},{"taxonomy":"post_tag","embeddable":true,"href":"https:\/\/projectes.xtec.cat\/steamcat\/wp-json\/wp\/v2\/tags?post=18646"}],"curies":[{"name":"wp","href":"https:\/\/api.w.org\/{rel}","templated":true}]}}