{"id":19144,"date":"2025-07-02T11:53:47","date_gmt":"2025-07-02T09:53:47","guid":{"rendered":"https:\/\/projectes.xtec.cat\/steamcat\/?p=19144"},"modified":"2025-09-19T18:02:28","modified_gmt":"2025-09-19T16:02:28","slug":"xiii-premi-escola-agricultura-i-alimentacio-ecologica-2025","status":"publish","type":"post","link":"https:\/\/projectes.xtec.cat\/steamcat\/general\/xiii-premi-escola-agricultura-i-alimentacio-ecologica-2025\/","title":{"rendered":"XIII Premi Escola, Agricultura i Alimentaci\u00f3 Ecol\u00f2gica 2025"},"content":{"rendered":"\n<figure class=\"wp-block-image size-large\" id=\"block-5d5cbe44-7a0a-4026-aa16-09392d4048ae\"><img loading=\"lazy\" decoding=\"async\" width=\"1024\" height=\"253\" src=\"https:\/\/projectes.xtec.cat\/steamcat\/wp-content\/uploads\/usu1760\/2025\/07\/premi-escoles-2025-1024x253.png\" alt=\"\" class=\"wp-image-19146\" srcset=\"https:\/\/projectes.xtec.cat\/steamcat\/wp-content\/uploads\/usu1760\/2025\/07\/premi-escoles-2025-1024x253.png 1024w, https:\/\/projectes.xtec.cat\/steamcat\/wp-content\/uploads\/usu1760\/2025\/07\/premi-escoles-2025-300x74.png 300w, https:\/\/projectes.xtec.cat\/steamcat\/wp-content\/uploads\/usu1760\/2025\/07\/premi-escoles-2025-768x190.png 768w, https:\/\/projectes.xtec.cat\/steamcat\/wp-content\/uploads\/usu1760\/2025\/07\/premi-escoles-2025-1536x379.png 1536w, https:\/\/projectes.xtec.cat\/steamcat\/wp-content\/uploads\/usu1760\/2025\/07\/premi-escoles-2025.png 1823w\" sizes=\"auto, (max-width: 1024px) 100vw, 1024px\" \/><\/figure>\n\n\n\n<h4 class=\"wp-block-heading\" id=\"block-84ab7388-4bae-47a5-972b-31ebafb10019\"><strong>Qu\u00e8 \u00e9s el Premi Escola, Agricultura i Alimentaci\u00f3 ecol\u00f2gica?<\/strong><\/h4>\n\n\n\n<p id=\"block-3e8ffe3a-f3ea-4e60-b622-e306e34e996c\">Es tracta d\u2019un premi creat per la&nbsp;Generalitat de Catalunya&nbsp;(Departaments d\u2019Acci\u00f3 Clim\u00e0tica, Alimentaci\u00f3 i Agenda Rural i Educaci\u00f3) i l\u2019Associaci\u00f3 Vida Sana, amb la col\u00b7laboraci\u00f3 de la&nbsp;Xarxa d\u2019Escoles per a la Sostenibilitat de Catalunya&nbsp;(XESC).<\/p>\n\n\n\n<p id=\"block-1d9f0dc1-8125-49a6-997c-42ddf37e5a91\">L\u2019<strong>objectiu<\/strong>&nbsp;del&nbsp;Premi Escola, Agricultura i Alimentaci\u00f3 Ecol\u00f2gica&nbsp;\u00e9s el de recon\u00e8ixer i incentivar la realitzaci\u00f3 de projectes i l\u00ednies de treball dels centres educatius de Catalunya, aix\u00ed com l\u2019elaboraci\u00f3 de material pedag\u00f2gic,&nbsp;destinats a promoure el coneixement de l\u2019agricultura, la ramaderia i l\u2019alimentaci\u00f3 ecol\u00f2giques,&nbsp;especialment dels seus valors socials, econ\u00f2mics i ambientals, tant entre el propi alumnat del centre com tamb\u00e9 cap al conjunt de la comunitat educativa&nbsp;i la societat.<\/p>\n\n\n\n<h4 class=\"wp-block-heading\" id=\"block-d7684285-8e13-48f4-aa9c-7cdcb942d22c\"><strong>Qui pot optar al premi<\/strong><\/h4>\n\n\n\n<ul id=\"block-bc958bbb-50d3-438d-a0a4-0992bb35f2da\" class=\"wp-block-list\">\n<li><strong>Centres educatius d\u2019educaci\u00f3 infantil, prim\u00e0ria, secund\u00e0ria, batxillerat, formaci\u00f3 professional, educaci\u00f3 especial i llars d\u2019infants de Catalunya<\/strong>\u00a0que, relacionat amb la producci\u00f3 agr\u00e0ria o l\u2019alimentaci\u00f3 ecol\u00f2giques en l\u2019\u00e0mbit de l\u2019agroecologia escolar que:<\/li>\n<\/ul>\n\n\n\n<blockquote class=\"wp-block-quote is-layout-flow wp-block-quote-is-layout-flow\">\n<p id=\"block-a520286a-d590-4ebe-8486-dfc847c61da8\"><strong>hagin realitzat <\/strong>un projecte o una experi\u00e8ncia pedag\u00f2gica al llarg del curs escolar 2024-2025\u00a0<\/p>\n<\/blockquote>\n\n\n\n<blockquote class=\"wp-block-quote is-layout-flow wp-block-quote-is-layout-flow\">\n<p id=\"block-32cdc68b-88ee-4614-93c4-3a2a9f3e3671\">\u00a0tinguin una proposta\u00a0de projecte\u00a0<strong>a desenvolupar<\/strong> durant el curs 2025-26\u00a0<\/p>\n<\/blockquote>\n\n\n\n<ul id=\"block-8e4e61e7-f8fd-4eb1-bb41-be48ae219a2c\" class=\"wp-block-list\">\n<li><strong>Entitats, universitats i empreses<\/strong> que hagin desenvolupat projectes o material pedag\u00f2gic amb fins educatius relacionats amb la producci\u00f3 i l\u2019alimentaci\u00f3 ecol\u00f2gica o l\u2019agroecologia escolar.<\/li>\n<\/ul>\n\n\n\n<h4 class=\"wp-block-heading\" id=\"block-0c2a1fcc-e244-41f6-beec-fedb9483b032\"><strong>Terminis<\/strong><\/h4>\n\n\n\n<p id=\"block-4ce80974-2273-4b4a-b5f1-a2141001dc8a\">El termini per a presentar candidatura ser\u00e0 del\u00a0<strong>2 de juny\u00a0<\/strong>al<strong>\u00a021 de juliol\u00a0<\/strong>de 2025<strong>.<\/strong><\/p>\n\n\n\n<h4 class=\"wp-block-heading\" id=\"block-7fdf0509-addc-4458-ba8a-e2ac6a381a7b\"><strong>Premis<\/strong><\/h4>\n\n\n\n<p>Activitats desenvolupades i finalitzades durant el curs 2024-25 dotat amb <strong>1.250 \u20ac<\/strong>.<\/p>\n\n\n\n<div class=\"wp-block-group is-layout-flow wp-block-group-is-layout-flow\">\n<p>Material pedag\u00f2gic amb fins educatius relacionats amb la producci\u00f3 i l\u2019alimentaci\u00f3 ecol\u00f2gica o l\u2019agroecologia escolar dotat amb <strong>1.250 \u20ac<\/strong>.<\/p>\n\n\n\n<p>Idees d\u2019activitats o projectes a desenvolupar durant el curs 2025-26 dotat amb <strong>750 \u20ac.<\/strong><\/p>\n\n\n\n<p>La dotaci\u00f3 del premi anir\u00e0 destinada a donar continu\u00eftat a les actuacions objecte del premi aix\u00ed com a comen\u00e7ar-ne de noves.<\/p>\n\n\n\n<p class=\"has-small-font-size\">Nota: El jurat tindr\u00e0 la potestat d\u2019atorgar, si ho creu convenient, un o m\u00e9s acc\u00e8ssits sense dotaci\u00f3 econ\u00f2mica, o de declarar deserts els premis, si considera que les candidatures no tenen el suficient nivell. En aquest cas, la dotaci\u00f3 dels premis es podr\u00e0 repartir de manera proporcional entre la resta de premiats.<\/p>\n<\/div>\n\n\n\n<div class=\"wp-block-buttons is-horizontal is-content-justification-center is-layout-flex wp-container-core-buttons-is-layout-1 wp-block-buttons-is-layout-flex\">\n<div class=\"wp-block-button has-custom-width wp-block-button__width-25 is-style-fill\"><a class=\"wp-block-button__link has-background wp-element-button\" href=\"https:\/\/setmanabio.cat\/premi-escola\/\" style=\"border-radius:15px;background-color:#298e69\" target=\"_blank\" rel=\"noreferrer noopener\"><strong>+ informaci\u00f3<\/strong><\/a><\/div>\n<\/div>\n","protected":false},"excerpt":{"rendered":"<p> XIII Premi Escola que reconeix projectes educatius sobre agricultura i alimentaci\u00f3 ecol\u00f2giques. El termini per presentar candidatures \u00e9s del 2 de juny al 21 de juliol de 2025.<\/p>\n","protected":false},"author":49,"featured_media":19146,"comment_status":"closed","ping_status":"open","sticky":false,"template":"","format":"standard","meta":{"_bbp_topic_count":0,"_bbp_reply_count":0,"_bbp_total_topic_count":0,"_bbp_total_reply_count":0,"_bbp_voice_count":0,"_bbp_anonymous_reply_count":0,"_bbp_topic_count_hidden":0,"_bbp_reply_count_hidden":0,"_bbp_forum_subforum_count":0,"site-sidebar-layout":"default","site-content-layout":"","ast-site-content-layout":"default","site-content-style":"default","site-sidebar-style":"default","ast-global-header-display":"","ast-banner-title-visibility":"","ast-main-header-display":"","ast-hfb-above-header-display":"","ast-hfb-below-header-display":"","ast-hfb-mobile-header-display":"","site-post-title":"","ast-breadcrumbs-content":"","ast-featured-img":"disabled","footer-sml-layout":"","theme-transparent-header-meta":"","adv-header-id-meta":"","stick-header-meta":"","header-above-stick-meta":"","header-main-stick-meta":"","header-below-stick-meta":"","astra-migrate-meta-layouts":"set","ast-page-background-enabled":"default","ast-page-background-meta":{"desktop":{"background-color":"var(--ast-global-color-4)","background-image":"","background-repeat":"repeat","background-position":"center center","background-size":"auto","background-attachment":"scroll","background-type":"","background-media":"","overlay-type":"","overlay-color":"","overlay-opacity":"","overlay-gradient":""},"tablet":{"background-color":"","background-image":"","background-repeat":"repeat","background-position":"center center","background-size":"auto","background-attachment":"scroll","background-type":"","background-media":"","overlay-type":"","overlay-color":"","overlay-opacity":"","overlay-gradient":""},"mobile":{"background-color":"","background-image":"","background-repeat":"repeat","background-position":"center center","background-size":"auto","background-attachment":"scroll","background-type":"","background-media":"","overlay-type":"","overlay-color":"","overlay-opacity":"","overlay-gradient":""}},"ast-content-background-meta":{"desktop":{"background-color":"var(--ast-global-color-5)","background-image":"","background-repeat":"repeat","background-position":"center center","background-size":"auto","background-attachment":"scroll","background-type":"","background-media":"","overlay-type":"","overlay-color":"","overlay-opacity":"","overlay-gradient":""},"tablet":{"background-color":"var(--ast-global-color-5)","background-image":"","background-repeat":"repeat","background-position":"center center","background-size":"auto","background-attachment":"scroll","background-type":"","background-media":"","overlay-type":"","overlay-color":"","overlay-opacity":"","overlay-gradient":""},"mobile":{"background-color":"var(--ast-global-color-5)","background-image":"","background-repeat":"repeat","background-position":"center center","background-size":"auto","background-attachment":"scroll","background-type":"","background-media":"","overlay-type":"","overlay-color":"","overlay-opacity":"","overlay-gradient":""}},"footnotes":""},"categories":[361,1,437],"tags":[417,418],"class_list":["post-19144","post","type-post","status-publish","format-standard","has-post-thumbnail","hentry","category-portada","category-general","category-fires-i-premis","tag-ods3","tag-ods4"],"post_mailing_queue_ids":[],"_links":{"self":[{"href":"https:\/\/projectes.xtec.cat\/steamcat\/wp-json\/wp\/v2\/posts\/19144","targetHints":{"allow":["GET"]}}],"collection":[{"href":"https:\/\/projectes.xtec.cat\/steamcat\/wp-json\/wp\/v2\/posts"}],"about":[{"href":"https:\/\/projectes.xtec.cat\/steamcat\/wp-json\/wp\/v2\/types\/post"}],"author":[{"embeddable":true,"href":"https:\/\/projectes.xtec.cat\/steamcat\/wp-json\/wp\/v2\/users\/49"}],"replies":[{"embeddable":true,"href":"https:\/\/projectes.xtec.cat\/steamcat\/wp-json\/wp\/v2\/comments?post=19144"}],"version-history":[{"count":3,"href":"https:\/\/projectes.xtec.cat\/steamcat\/wp-json\/wp\/v2\/posts\/19144\/revisions"}],"predecessor-version":[{"id":19177,"href":"https:\/\/projectes.xtec.cat\/steamcat\/wp-json\/wp\/v2\/posts\/19144\/revisions\/19177"}],"wp:featuredmedia":[{"embeddable":true,"href":"https:\/\/projectes.xtec.cat\/steamcat\/wp-json\/wp\/v2\/media\/19146"}],"wp:attachment":[{"href":"https:\/\/projectes.xtec.cat\/steamcat\/wp-json\/wp\/v2\/media?parent=19144"}],"wp:term":[{"taxonomy":"category","embeddable":true,"href":"https:\/\/projectes.xtec.cat\/steamcat\/wp-json\/wp\/v2\/categories?post=19144"},{"taxonomy":"post_tag","embeddable":true,"href":"https:\/\/projectes.xtec.cat\/steamcat\/wp-json\/wp\/v2\/tags?post=19144"}],"curies":[{"name":"wp","href":"https:\/\/api.w.org\/{rel}","templated":true}]}}