{"id":20539,"date":"2026-02-05T11:07:46","date_gmt":"2026-02-05T10:07:46","guid":{"rendered":"https:\/\/projectes.xtec.cat\/steamcat\/?p=20539"},"modified":"2026-04-20T12:04:40","modified_gmt":"2026-04-20T10:04:40","slug":"la-ciencia-de-lhivern-lhora-verda-connectem-amb-la-natura-2026-feb-24","status":"publish","type":"post","link":"https:\/\/projectes.xtec.cat\/steamcat\/general\/la-ciencia-de-lhivern-lhora-verda-connectem-amb-la-natura-2026-feb-24\/","title":{"rendered":"La ci\u00e8ncia del bon temps &#8211; L&#8217;hora verda: connectem amb la natura 2026\u00a0|\u00a0MAY\u00a019"},"content":{"rendered":"\n<div class=\"wp-block-media-text is-stacked-on-mobile\" style=\"grid-template-columns:27% auto\"><figure class=\"wp-block-media-text__media\"><img loading=\"lazy\" decoding=\"async\" width=\"396\" height=\"227\" src=\"https:\/\/projectes.xtec.cat\/steamcat\/wp-content\/uploads\/usu1760\/2026\/02\/Targeta-LHora-Verda-del-Bon-Temps.webp\" alt=\"\" class=\"wp-image-21804 size-full\" srcset=\"https:\/\/projectes.xtec.cat\/steamcat\/wp-content\/uploads\/usu1760\/2026\/02\/Targeta-LHora-Verda-del-Bon-Temps.webp 396w, https:\/\/projectes.xtec.cat\/steamcat\/wp-content\/uploads\/usu1760\/2026\/02\/Targeta-LHora-Verda-del-Bon-Temps-300x172.webp 300w\" sizes=\"auto, (max-width: 396px) 100vw, 396px\" \/><\/figure><div class=\"wp-block-media-text__content\">\n<p><strong>Vols portar a l&#8217;aula contingut cient\u00edfic actualitzat sobre la natura de bracet de persones cient\u00edfiques?<\/strong><\/p>\n\n\n\n<p>L\u2019Hora Verda, el projecte d\u2019Escoles Verdes i el CREAF per connectar amb la natura i tenir una finestra oberta a la ci\u00e8ncia, presenta la tercera edici\u00f3 i l&#8217;\u00faltima d&#8217;aquest curs: la ci\u00e8ncia del bon temps!<\/p>\n<\/div><\/div>\n\n\n\n<p><\/p>\n\n\n\n<p>L\u2019Hora Verda est\u00e0 adre\u00e7ada a professorat de prim\u00e0ria i secund\u00e0ria. Consta de 3 webinars online que es fan un cop al trimestre i tenen com a tema transversal el canvi clim\u00e0tic i la biodiversitat. Aquest tercer i \u00faltim ser\u00e0 sobre la&nbsp;<strong>ci\u00e8ncia del bon temps (primavera i estiu)<\/strong>. Cada trobada compta amb micro-xerrades en directe de persones cient\u00edfiques de diferents centres de recerca de Catalunya que expliquen aspectes nous, curiosos i rellevants sobre cada estaci\u00f3 de l\u2019any. Tamb\u00e9 resolen dubtes, fan propostes educatives i posen a prova tot el que sabem.<\/p>\n\n\n\n<p>Aquesta tercera edici\u00f3, del bon temps de primavera i estiu, tindr\u00e0 com a protagonistes la&nbsp;<strong>reproducci\u00f3 de les plantes amb flor<\/strong>, l&#8217;<strong>estr\u00e8s h\u00eddric o sequera<\/strong>&nbsp;i les&nbsp;<strong>migracions animals<\/strong>, tot seguint les tem\u00e0tiques transversals del canvi clim\u00e0tic i la biodiversitat. Ponents:<\/p>\n\n\n\n<ul class=\"wp-block-list\">\n<li><strong>Jordina Belmonte<\/strong>, investigadora de l&#8217;ICTA-UAB, ens parlar\u00e0 de la reproducci\u00f3 de les plantes amb flor, el pol\u00b7len i les al\u00b7l\u00e8rgies que genera.<\/li>\n\n\n\n<li><strong>Mireia Banqu\u00e9<\/strong>, t\u00e8cnica del CREAF i coordinadora de DeBosCat i AlertaForestal, ens parlar\u00e0 de l&#8217;estr\u00e8s h\u00eddric i la sequera.<\/li>\n\n\n\n<li><strong>Xavier Riera<\/strong>, investigador de l&#8217;Institut Catal\u00e0 d&#8217;Ornitologia (ICO), ens parlar\u00e0 de les diferents migracions animals.&nbsp;<\/li>\n<\/ul>\n\n\n\n<h3 class=\"wp-block-heading\"><a href=\"https:\/\/docs.google.com\/forms\/d\/e\/1FAIpQLScneyk59qcIkcwHWaog6dUQnmAfJLR7S4HATdDel0jIDt1MNw\/viewform?usp=publish-editor\" target=\"_blank\" rel=\"noreferrer noopener\"><strong>INSCRIU-T&#8217;HI<\/strong><\/a><\/h3>\n\n\n\n<p>Organized by<\/p>\n\n\n\n<p><a href=\"http:\/\/www.creaf.cat\/\" target=\"_blank\" rel=\"noreferrer noopener\">CREAF<\/a><\/p>\n\n\n\n<p><a href=\"https:\/\/xtec.gencat.cat\/ca\/projectes\/escoles-verdes\/\" target=\"_blank\" rel=\"noreferrer noopener\">Escoles Verdes<\/a><\/p>\n\n\n\n<p><\/p>\n","protected":false},"excerpt":{"rendered":"<p>L\u2019Hora Verda, el projecte d\u2019Escoles Verdes i el CREAF per connectar amb la natura i tenir una finestra oberta a la ci\u00e8ncia, presenta la tercera edici\u00f3 i l&#8217;\u00faltima d&#8217;aquest curs: la ci\u00e8ncia del bon temps!<\/p>\n","protected":false},"author":49,"featured_media":21804,"comment_status":"closed","ping_status":"open","sticky":false,"template":"","format":"standard","meta":{"_bbp_topic_count":0,"_bbp_reply_count":0,"_bbp_total_topic_count":0,"_bbp_total_reply_count":0,"_bbp_voice_count":0,"_bbp_anonymous_reply_count":0,"_bbp_topic_count_hidden":0,"_bbp_reply_count_hidden":0,"_bbp_forum_subforum_count":0,"site-sidebar-layout":"default","site-content-layout":"","ast-site-content-layout":"default","site-content-style":"default","site-sidebar-style":"default","ast-global-header-display":"","ast-banner-title-visibility":"","ast-main-header-display":"","ast-hfb-above-header-display":"","ast-hfb-below-header-display":"","ast-hfb-mobile-header-display":"","site-post-title":"","ast-breadcrumbs-content":"","ast-featured-img":"disabled","footer-sml-layout":"","theme-transparent-header-meta":"","adv-header-id-meta":"","stick-header-meta":"","header-above-stick-meta":"","header-main-stick-meta":"","header-below-stick-meta":"","astra-migrate-meta-layouts":"set","ast-page-background-enabled":"default","ast-page-background-meta":{"desktop":{"background-color":"var(--ast-global-color-4)","background-image":"","background-repeat":"repeat","background-position":"center center","background-size":"auto","background-attachment":"scroll","background-type":"","background-media":"","overlay-type":"","overlay-color":"","overlay-opacity":"","overlay-gradient":""},"tablet":{"background-color":"","background-image":"","background-repeat":"repeat","background-position":"center center","background-size":"auto","background-attachment":"scroll","background-type":"","background-media":"","overlay-type":"","overlay-color":"","overlay-opacity":"","overlay-gradient":""},"mobile":{"background-color":"","background-image":"","background-repeat":"repeat","background-position":"center center","background-size":"auto","background-attachment":"scroll","background-type":"","background-media":"","overlay-type":"","overlay-color":"","overlay-opacity":"","overlay-gradient":""}},"ast-content-background-meta":{"desktop":{"background-color":"var(--ast-global-color-5)","background-image":"","background-repeat":"repeat","background-position":"center center","background-size":"auto","background-attachment":"scroll","background-type":"","background-media":"","overlay-type":"","overlay-color":"","overlay-opacity":"","overlay-gradient":""},"tablet":{"background-color":"var(--ast-global-color-5)","background-image":"","background-repeat":"repeat","background-position":"center center","background-size":"auto","background-attachment":"scroll","background-type":"","background-media":"","overlay-type":"","overlay-color":"","overlay-opacity":"","overlay-gradient":""},"mobile":{"background-color":"var(--ast-global-color-5)","background-image":"","background-repeat":"repeat","background-position":"center center","background-size":"auto","background-attachment":"scroll","background-type":"","background-media":"","overlay-type":"","overlay-color":"","overlay-opacity":"","overlay-gradient":""}},"footnotes":""},"categories":[361,1],"tags":[430,432,418],"class_list":["post-20539","post","type-post","status-publish","format-standard","has-post-thumbnail","hentry","category-portada","category-general","tag-ods13","tag-ods15","tag-ods4"],"post_mailing_queue_ids":[],"_links":{"self":[{"href":"https:\/\/projectes.xtec.cat\/steamcat\/wp-json\/wp\/v2\/posts\/20539","targetHints":{"allow":["GET"]}}],"collection":[{"href":"https:\/\/projectes.xtec.cat\/steamcat\/wp-json\/wp\/v2\/posts"}],"about":[{"href":"https:\/\/projectes.xtec.cat\/steamcat\/wp-json\/wp\/v2\/types\/post"}],"author":[{"embeddable":true,"href":"https:\/\/projectes.xtec.cat\/steamcat\/wp-json\/wp\/v2\/users\/49"}],"replies":[{"embeddable":true,"href":"https:\/\/projectes.xtec.cat\/steamcat\/wp-json\/wp\/v2\/comments?post=20539"}],"version-history":[{"count":6,"href":"https:\/\/projectes.xtec.cat\/steamcat\/wp-json\/wp\/v2\/posts\/20539\/revisions"}],"predecessor-version":[{"id":21812,"href":"https:\/\/projectes.xtec.cat\/steamcat\/wp-json\/wp\/v2\/posts\/20539\/revisions\/21812"}],"wp:featuredmedia":[{"embeddable":true,"href":"https:\/\/projectes.xtec.cat\/steamcat\/wp-json\/wp\/v2\/media\/21804"}],"wp:attachment":[{"href":"https:\/\/projectes.xtec.cat\/steamcat\/wp-json\/wp\/v2\/media?parent=20539"}],"wp:term":[{"taxonomy":"category","embeddable":true,"href":"https:\/\/projectes.xtec.cat\/steamcat\/wp-json\/wp\/v2\/categories?post=20539"},{"taxonomy":"post_tag","embeddable":true,"href":"https:\/\/projectes.xtec.cat\/steamcat\/wp-json\/wp\/v2\/tags?post=20539"}],"curies":[{"name":"wp","href":"https:\/\/api.w.org\/{rel}","templated":true}]}}