{"id":8318,"date":"2018-07-10T20:29:04","date_gmt":"2018-07-10T18:29:04","guid":{"rendered":"http:\/\/projectes.xtec.cat\/steamcat\/?p=8318"},"modified":"2026-02-03T13:30:01","modified_gmt":"2026-02-03T12:30:01","slug":"portem-la-ciencia-al-carrer-al-vendrell","status":"publish","type":"post","link":"https:\/\/projectes.xtec.cat\/steamcat\/esdeveniments\/portem-la-ciencia-al-carrer-al-vendrell\/","title":{"rendered":"Portem la Ci\u00e8ncia al Carrer al Vendrell"},"content":{"rendered":"<p><span style=\"font-weight: 400;\">El passat dissabte 12 de maig de 2018, es va celebrar a El Vendrell la 2a edici\u00f3 (va haver-hi una pr\u00e8via per\u00f2 va ser nom\u00e9s a nivell intern de l\u2019Escola Pau Casals) del programa \u201c<\/span><i><span style=\"font-weight: 400;\">Portem la ci\u00e8ncia al carrer<\/span><\/i><span style=\"font-weight: 400;\">\u201d ,una fira on s\u2019estimula la participaci\u00f3 de l\u2019alumnat i el professorat \u00a0a mostrar i compartir activitats STEM. Tamb\u00e9 estan convidades entitats divulgadores com el MMACA (Museu de matem\u00e0tiques de Catalunya) i diversos divulgadors sobre ci\u00e8ncia i tecnologia.<\/span><\/p>\n<p><a href=\"http:\/\/projectes.xtec.cat\/steamcat\/wp-content\/uploads\/usu1760\/2018\/06\/000-firavendrell-Mobile.jpg\"><img loading=\"lazy\" decoding=\"async\" class=\"size-full wp-image-8319 alignright\" src=\"http:\/\/projectes.xtec.cat\/steamcat\/wp-content\/uploads\/usu1760\/2018\/06\/000-firavendrell-Mobile.jpg\" alt=\"\" width=\"320\" height=\"212\" srcset=\"https:\/\/projectes.xtec.cat\/steamcat\/wp-content\/uploads\/usu1760\/2018\/06\/000-firavendrell-Mobile.jpg 320w, https:\/\/projectes.xtec.cat\/steamcat\/wp-content\/uploads\/usu1760\/2018\/06\/000-firavendrell-Mobile-300x199.jpg 300w\" sizes=\"auto, (max-width: 320px) 100vw, 320px\" \/><\/a><\/p>\n<p><span style=\"font-weight: 400;\">La proposta va sortir de l\u2019Escola Pau Casals del Vendrell aprofitant la seva experi\u00e8ncia en la organitzaci\u00f3 d\u2019activitats STEM. De seguida, l\u2019Ajuntament del Vendrell i el Centre de Recursos Pedag\u00f2gics del Baix Pened\u00e8s van donar suport a la iniciativa i es va fer una fira oberta a tothom.<\/span><\/p>\n<p><span style=\"font-weight: 400;\">La idea \u00e9s b\u00e0sicament muntar una fira on l\u2019alumnat i el professorat porten una mostra de les activitats STEM que han portat a terme al seu centre. A m\u00e9s a m\u00e9s s\u2019ofereixen tallers als assistents, sempre sobre temes cient\u00edfico-tecnol\u00f2gics com la rob\u00f2tica, la programaci\u00f3, la impressi\u00f3 3D, la resoluci\u00f3 de problemes, el proc\u00e9s tecnol\u00f2gic, etc.<\/span><\/p>\n<p>Amb una participaci\u00f3 de una vintena de centres de prim\u00e0ria i secund\u00e0ria i casi un centenar de participants, la fira pret\u00e9n donar visibilitat al treball STEM que es fa als centres escolars, aix\u00ed com potenciar i despertar les vocacions en l\u2019\u00e0mbit cient\u00edfic. La participaci\u00f3 com a expositors est\u00e0 oberta a tots els centres que vulguin participar i els tallers proposats estan supervisats per el Centre de Recursos Pedag\u00f2gics del Baix Pened\u00e8s que fa la tria dels divulgadors i les entitats.<\/p>\n<p><span style=\"font-weight: 400;\"><a href=\"http:\/\/projectes.xtec.cat\/steamcat\/wp-content\/uploads\/usu1760\/2018\/06\/000-cupules_leonardo-Mobile.jpg\"><img loading=\"lazy\" decoding=\"async\" class=\"size-full wp-image-8320 alignleft\" src=\"http:\/\/projectes.xtec.cat\/steamcat\/wp-content\/uploads\/usu1760\/2018\/06\/000-cupules_leonardo-Mobile.jpg\" alt=\"\" width=\"320\" height=\"180\" srcset=\"https:\/\/projectes.xtec.cat\/steamcat\/wp-content\/uploads\/usu1760\/2018\/06\/000-cupules_leonardo-Mobile.jpg 320w, https:\/\/projectes.xtec.cat\/steamcat\/wp-content\/uploads\/usu1760\/2018\/06\/000-cupules_leonardo-Mobile-300x169.jpg 300w\" sizes=\"auto, (max-width: 320px) 100vw, 320px\" \/><\/a>El lloc no pot ser millor, ja que es fa a la Pla\u00e7a Nova al centre del Vendrell i es munten diversos stands que reben als assistents amb diferents experi\u00e8ncies cient\u00edfiques aix\u00ed com una exposici\u00f3 d\u2019activitats i recursos. L\u2019horari de tarda de 17h a 20h d\u2019un dissabte, facilita molt l\u2019assist\u00e8ncia del p\u00fablic a la jornada.<\/span><\/p>\n<p><span style=\"font-weight: 400;\">Les \u00faltimes dues edicions van tenir un \u00e8xit de p\u00fablic creixent i enguany s\u2019esperava un altre \u00e8xit, per\u00f2 malauradament aquesta jornada va estar suspesa a \u00faltima hora per causa de la pluja.<\/span><\/p>\n<p><span style=\"font-weight: 400;\">L\u2019any vinent, est\u00e0 prevista la jornada per a l\u201911 de maig, sempre dissabte. Si voleu m\u00e9s informaci\u00f3, la podeu trobar al seg\u00fcent enlla\u00e7: <\/span><a href=\"http:\/\/blocs.xtec.cat\/portemlacienciaalcarrer\/\"><span style=\"font-weight: 400;\">http:\/\/blocs.xtec.cat\/portemlacienciaalcarrer\/<\/span><\/a><\/p>\n<p><span style=\"font-weight: 400;\">Us hi esperem!<\/span><\/p>\n","protected":false},"excerpt":{"rendered":"<p>El passat dissabte 12 de maig de 2018, es va celebrar a El Vendrell la 2a edici\u00f3 (va haver-hi una pr\u00e8via per\u00f2 va ser nom\u00e9s a nivell intern de l\u2019Escola Pau Casals) del programa \u201cPortem la ci\u00e8ncia al carrer\u201d ,una fira on s\u2019estimula la participaci\u00f3 de l\u2019alumnat i el professorat \u00a0a mostrar i compartir activitats [&hellip;]<\/p>\n","protected":false},"author":24,"featured_media":0,"comment_status":"closed","ping_status":"closed","sticky":false,"template":"","format":"standard","meta":{"_bbp_topic_count":0,"_bbp_reply_count":0,"_bbp_total_topic_count":0,"_bbp_total_reply_count":0,"_bbp_voice_count":0,"_bbp_anonymous_reply_count":0,"_bbp_topic_count_hidden":0,"_bbp_reply_count_hidden":0,"_bbp_forum_subforum_count":0,"site-sidebar-layout":"default","site-content-layout":"","ast-site-content-layout":"default","site-content-style":"default","site-sidebar-style":"default","ast-global-header-display":"","ast-banner-title-visibility":"","ast-main-header-display":"","ast-hfb-above-header-display":"","ast-hfb-below-header-display":"","ast-hfb-mobile-header-display":"","site-post-title":"","ast-breadcrumbs-content":"","ast-featured-img":"disabled","footer-sml-layout":"","theme-transparent-header-meta":"","adv-header-id-meta":"","stick-header-meta":"","header-above-stick-meta":"","header-main-stick-meta":"","header-below-stick-meta":"","astra-migrate-meta-layouts":"set","ast-page-background-enabled":"default","ast-page-background-meta":{"desktop":{"background-color":"var(--ast-global-color-4)","background-image":"","background-repeat":"repeat","background-position":"center center","background-size":"auto","background-attachment":"scroll","background-type":"","background-media":"","overlay-type":"","overlay-color":"","overlay-opacity":"","overlay-gradient":""},"tablet":{"background-color":"","background-image":"","background-repeat":"repeat","background-position":"center center","background-size":"auto","background-attachment":"scroll","background-type":"","background-media":"","overlay-type":"","overlay-color":"","overlay-opacity":"","overlay-gradient":""},"mobile":{"background-color":"","background-image":"","background-repeat":"repeat","background-position":"center center","background-size":"auto","background-attachment":"scroll","background-type":"","background-media":"","overlay-type":"","overlay-color":"","overlay-opacity":"","overlay-gradient":""}},"ast-content-background-meta":{"desktop":{"background-color":"var(--ast-global-color-5)","background-image":"","background-repeat":"repeat","background-position":"center center","background-size":"auto","background-attachment":"scroll","background-type":"","background-media":"","overlay-type":"","overlay-color":"","overlay-opacity":"","overlay-gradient":""},"tablet":{"background-color":"var(--ast-global-color-5)","background-image":"","background-repeat":"repeat","background-position":"center center","background-size":"auto","background-attachment":"scroll","background-type":"","background-media":"","overlay-type":"","overlay-color":"","overlay-opacity":"","overlay-gradient":""},"mobile":{"background-color":"var(--ast-global-color-5)","background-image":"","background-repeat":"repeat","background-position":"center center","background-size":"auto","background-attachment":"scroll","background-type":"","background-media":"","overlay-type":"","overlay-color":"","overlay-opacity":"","overlay-gradient":""}},"footnotes":""},"categories":[359],"tags":[],"class_list":["post-8318","post","type-post","status-publish","format-standard","hentry","category-esdeveniments"],"post_mailing_queue_ids":[],"_links":{"self":[{"href":"https:\/\/projectes.xtec.cat\/steamcat\/wp-json\/wp\/v2\/posts\/8318","targetHints":{"allow":["GET"]}}],"collection":[{"href":"https:\/\/projectes.xtec.cat\/steamcat\/wp-json\/wp\/v2\/posts"}],"about":[{"href":"https:\/\/projectes.xtec.cat\/steamcat\/wp-json\/wp\/v2\/types\/post"}],"author":[{"embeddable":true,"href":"https:\/\/projectes.xtec.cat\/steamcat\/wp-json\/wp\/v2\/users\/24"}],"replies":[{"embeddable":true,"href":"https:\/\/projectes.xtec.cat\/steamcat\/wp-json\/wp\/v2\/comments?post=8318"}],"version-history":[{"count":3,"href":"https:\/\/projectes.xtec.cat\/steamcat\/wp-json\/wp\/v2\/posts\/8318\/revisions"}],"predecessor-version":[{"id":20405,"href":"https:\/\/projectes.xtec.cat\/steamcat\/wp-json\/wp\/v2\/posts\/8318\/revisions\/20405"}],"wp:attachment":[{"href":"https:\/\/projectes.xtec.cat\/steamcat\/wp-json\/wp\/v2\/media?parent=8318"}],"wp:term":[{"taxonomy":"category","embeddable":true,"href":"https:\/\/projectes.xtec.cat\/steamcat\/wp-json\/wp\/v2\/categories?post=8318"},{"taxonomy":"post_tag","embeddable":true,"href":"https:\/\/projectes.xtec.cat\/steamcat\/wp-json\/wp\/v2\/tags?post=8318"}],"curies":[{"name":"wp","href":"https:\/\/api.w.org\/{rel}","templated":true}]}}