{"id":8376,"date":"2018-07-10T20:17:01","date_gmt":"2018-07-10T18:17:01","guid":{"rendered":"http:\/\/projectes.xtec.cat\/steamcat\/?p=8376"},"modified":"2026-02-03T13:16:04","modified_gmt":"2026-02-03T12:16:04","slug":"i-jornada-steam-a-la-noguera","status":"publish","type":"post","link":"https:\/\/projectes.xtec.cat\/steamcat\/esdeveniments\/i-jornada-steam-a-la-noguera\/","title":{"rendered":"I Jornada STEAM a la Noguera"},"content":{"rendered":"<p><span style=\"font-family: 'Open Sans',sans-serif; color: #444444;\">El dissabte 17 de febrer va tenir lloc la primera jornada de presentaci\u00f3 d\u2019experi\u00e8ncies <strong><span style=\"font-family: 'Open Sans',sans-serif;\">en l\u2019\u00e0mbit de les STEAM<\/span><\/strong>\u00a0a la comarca de la Noguera, en la qual es van aplegar\u00a0m\u00e9s de 50 assistents a la Sala d\u2019Actes del Consell Comarcal.<a href=\"http:\/\/projectes.xtec.cat\/steamcat\/wp-content\/uploads\/usu1760\/2018\/06\/as.jpg\"><img loading=\"lazy\" decoding=\"async\" class=\"wp-image-8380 size-medium alignright\" src=\"http:\/\/projectes.xtec.cat\/steamcat\/wp-content\/uploads\/usu1760\/2018\/06\/as-300x200.jpg\" alt=\"\" width=\"300\" height=\"200\" srcset=\"https:\/\/projectes.xtec.cat\/steamcat\/wp-content\/uploads\/usu1760\/2018\/06\/as-300x200.jpg 300w, https:\/\/projectes.xtec.cat\/steamcat\/wp-content\/uploads\/usu1760\/2018\/06\/as-768x511.jpg 768w, https:\/\/projectes.xtec.cat\/steamcat\/wp-content\/uploads\/usu1760\/2018\/06\/as.jpg 1024w\" sizes=\"auto, (max-width: 300px) 100vw, 300px\" \/><\/a><\/span><\/p>\n<p><span style=\"font-family: 'Open Sans',sans-serif; color: #444444;\">L\u2019objectiu principal de la jornada era donar suport i ajudar a visibilitzar les activitats que en aquest marc s\u2019estan duent a terme als centres educatius de la comarca, en un moment de m\u00e0xim impuls, difusi\u00f3 i formaci\u00f3 en STEAM per part del Departament d\u2019Ensenyament.<\/span><\/p>\n<p><span style=\"font-family: 'Open Sans',sans-serif; color: #444444;\">La confer\u00e8ncia inaugural:\u00a0\u201c<strong><span style=\"font-family: 'Open Sans',sans-serif;\">STEAM com a oportunitat d\u2019aprenentatge actiu integrat<\/span><\/strong>\u00a0\u201d va anar a a c\u00e0rrec de Julio P\u00e9rez, del CESIRE\u00a0(Centre de Recursos Pedag\u00f2gics Espec\u00edfics de Suport a la Innovaci\u00f3 i la Recerca Educativa).<\/span><\/p>\n<p style=\"text-align: justify; background: white; margin: 0cm 0cm 15.0pt 0cm;\"><span style=\"font-family: 'Open Sans',sans-serif; color: #444444;\">Tot seguit 5 docents de la comarca van presentar les seves experi\u00e8ncies en l\u2019\u00e0mbit de les STEAM.<\/span><\/p>\n<p style=\"text-align: justify; background: white; margin: 0cm 0cm 15.0pt 0cm;\"><strong><span style=\"font-family: 'Open Sans',sans-serif; color: #444444;\">Motxilla bioclim\u00e0tica<\/span><\/strong><span style=\"font-family: 'Open Sans',sans-serif; color: #444444;\">. Marta Llovera (Escola Pia Balaguer).\u00a0La motxilla bioclim\u00e0tica \u00e9s una maleta pedag\u00f2gica constitu\u00efda per un conjunt d\u2019aparells de mesura professionals que permeten la mesura de variables ambientals.<\/span><\/p>\n<p style=\"text-align: justify; background: white; margin: 0cm 0cm 15.0pt 0cm;\"><strong><span style=\"font-family: 'Open Sans',sans-serif; color: #444444;\">Gesti\u00f3 de l\u2019aula amb ClassDojo<\/span><\/strong><span style=\"font-family: 'Open Sans',sans-serif; color: #444444;\">. Ver\u00f2nica Oliva (ESC Salvador Espriu \u2013 Vallfogona). Construir una comunitat educativa que connecta professors amb alumnes i pares permet crear una cultura positiva en la qual els professors poden incentivar qualsevol habilitat o valor donant veu a l\u2019alumnat, el qual hi pot mostrar i evidenciar el seu aprenentatge i, finalment, compartir-ho amb les fam\u00edlies.<\/span><\/p>\n<p style=\"text-align: justify; background: white; margin: 0cm 0cm 15.0pt 0cm;\"><strong><span style=\"font-family: 'Open Sans',sans-serif; color: #444444;\">L\u2019Aula Tecnol\u00f2gica una aposta segura<\/span><\/strong><span style=\"font-family: 'Open Sans',sans-serif; color: #444444;\">. Bel\u00e9n L\u00f3pez (ESC Alfred Potrony \u2013 T\u00e9rmens).\u00a0L\u2019objectiu de l\u2019aula tecnol\u00f2gica \u00e9s integrar les noves tecnologies en els processos d\u2019ensenyament aprenentatge i donar a con\u00e8ixer a la comunitat educativa les tasques escolars a trav\u00e9s del bloc i la r\u00e0dio.<\/span><\/p>\n<p style=\"text-align: justify; background: white; margin: 0cm 0cm 15.0pt 0cm;\"><strong><span style=\"font-family: 'Open Sans',sans-serif; color: #444444;\">Booktrailer, treballem els audiovisuals a l\u2019aula<\/span><\/strong><span style=\"font-family: 'Open Sans',sans-serif; color: #444444;\">. Montse Vidal (INS Almat\u00e0 \u2013 Balaguer).\u00a0Amb el booktrailer es vol promoure i estimular la lectura associant-la a processos creatius i de disseny.<\/span><\/p>\n<p style=\"text-align: justify; background: white; margin: 0cm 0cm 15.0pt 0cm;\"><strong><span style=\"font-family: 'Open Sans',sans-serif; color: #444444;\">Voronoi, un dels grans aliats STEAM<\/span><\/strong><span style=\"font-family: 'Open Sans',sans-serif; color: #444444;\">. Alberto V\u00e9lez (INS Ciutat de Balaguer).\u00a0Els diagrames de Voronoi s\u00f3n una eina matem\u00e0tica de la branca de la programaci\u00f3 computacional que facilita la integraci\u00f3 de la mateixa amb un ampli ventall de contextos.<\/span><\/p>\n<p style=\"text-align: justify; background: white; margin: 0cm 0cm 15.0pt 0cm;\"><span style=\"font-family: 'Open Sans',sans-serif; color: #444444;\">Podeu accedir a les presentacions de la Jornada accedint a l\u2019<\/span><strong><span style=\"font-family: 'Open Sans',sans-serif; color: #087eb6;\"><a href=\"http:\/\/serveiseducatius.xtec.cat\/noguera\/categoria\/formacio\/materials-de-formacio\/\" target=\"_blank\" rel=\"noopener noreferrer\"><span style=\"color: #087eb6; text-decoration: none;\">enlla\u00e7<\/span><\/a><\/span><\/strong><span style=\"font-family: 'Open Sans',sans-serif; color: #444444;\">.<\/span><\/p>\n","protected":false},"excerpt":{"rendered":"<p>El dissabte 17 de febrer va tenir lloc la primera jornada de presentaci\u00f3 d\u2019experi\u00e8ncies en l\u2019\u00e0mbit de les STEAM\u00a0a la comarca de la Noguera, en la qual es van aplegar\u00a0m\u00e9s de 50 assistents a la Sala d\u2019Actes del Consell Comarcal. L\u2019objectiu principal de la jornada era donar suport i ajudar a visibilitzar les activitats que [&hellip;]<\/p>\n","protected":false},"author":24,"featured_media":8380,"comment_status":"closed","ping_status":"closed","sticky":false,"template":"","format":"standard","meta":{"_bbp_topic_count":0,"_bbp_reply_count":0,"_bbp_total_topic_count":0,"_bbp_total_reply_count":0,"_bbp_voice_count":0,"_bbp_anonymous_reply_count":0,"_bbp_topic_count_hidden":0,"_bbp_reply_count_hidden":0,"_bbp_forum_subforum_count":0,"site-sidebar-layout":"default","site-content-layout":"","ast-site-content-layout":"default","site-content-style":"default","site-sidebar-style":"default","ast-global-header-display":"","ast-banner-title-visibility":"","ast-main-header-display":"","ast-hfb-above-header-display":"","ast-hfb-below-header-display":"","ast-hfb-mobile-header-display":"","site-post-title":"","ast-breadcrumbs-content":"","ast-featured-img":"disabled","footer-sml-layout":"","theme-transparent-header-meta":"","adv-header-id-meta":"","stick-header-meta":"","header-above-stick-meta":"","header-main-stick-meta":"","header-below-stick-meta":"","astra-migrate-meta-layouts":"set","ast-page-background-enabled":"default","ast-page-background-meta":{"desktop":{"background-color":"var(--ast-global-color-4)","background-image":"","background-repeat":"repeat","background-position":"center center","background-size":"auto","background-attachment":"scroll","background-type":"","background-media":"","overlay-type":"","overlay-color":"","overlay-opacity":"","overlay-gradient":""},"tablet":{"background-color":"","background-image":"","background-repeat":"repeat","background-position":"center center","background-size":"auto","background-attachment":"scroll","background-type":"","background-media":"","overlay-type":"","overlay-color":"","overlay-opacity":"","overlay-gradient":""},"mobile":{"background-color":"","background-image":"","background-repeat":"repeat","background-position":"center center","background-size":"auto","background-attachment":"scroll","background-type":"","background-media":"","overlay-type":"","overlay-color":"","overlay-opacity":"","overlay-gradient":""}},"ast-content-background-meta":{"desktop":{"background-color":"var(--ast-global-color-5)","background-image":"","background-repeat":"repeat","background-position":"center center","background-size":"auto","background-attachment":"scroll","background-type":"","background-media":"","overlay-type":"","overlay-color":"","overlay-opacity":"","overlay-gradient":""},"tablet":{"background-color":"var(--ast-global-color-5)","background-image":"","background-repeat":"repeat","background-position":"center center","background-size":"auto","background-attachment":"scroll","background-type":"","background-media":"","overlay-type":"","overlay-color":"","overlay-opacity":"","overlay-gradient":""},"mobile":{"background-color":"var(--ast-global-color-5)","background-image":"","background-repeat":"repeat","background-position":"center center","background-size":"auto","background-attachment":"scroll","background-type":"","background-media":"","overlay-type":"","overlay-color":"","overlay-opacity":"","overlay-gradient":""}},"footnotes":""},"categories":[359],"tags":[],"class_list":["post-8376","post","type-post","status-publish","format-standard","has-post-thumbnail","hentry","category-esdeveniments"],"post_mailing_queue_ids":[],"_links":{"self":[{"href":"https:\/\/projectes.xtec.cat\/steamcat\/wp-json\/wp\/v2\/posts\/8376","targetHints":{"allow":["GET"]}}],"collection":[{"href":"https:\/\/projectes.xtec.cat\/steamcat\/wp-json\/wp\/v2\/posts"}],"about":[{"href":"https:\/\/projectes.xtec.cat\/steamcat\/wp-json\/wp\/v2\/types\/post"}],"author":[{"embeddable":true,"href":"https:\/\/projectes.xtec.cat\/steamcat\/wp-json\/wp\/v2\/users\/24"}],"replies":[{"embeddable":true,"href":"https:\/\/projectes.xtec.cat\/steamcat\/wp-json\/wp\/v2\/comments?post=8376"}],"version-history":[{"count":4,"href":"https:\/\/projectes.xtec.cat\/steamcat\/wp-json\/wp\/v2\/posts\/8376\/revisions"}],"predecessor-version":[{"id":20400,"href":"https:\/\/projectes.xtec.cat\/steamcat\/wp-json\/wp\/v2\/posts\/8376\/revisions\/20400"}],"wp:featuredmedia":[{"embeddable":true,"href":"https:\/\/projectes.xtec.cat\/steamcat\/wp-json\/wp\/v2\/media\/8380"}],"wp:attachment":[{"href":"https:\/\/projectes.xtec.cat\/steamcat\/wp-json\/wp\/v2\/media?parent=8376"}],"wp:term":[{"taxonomy":"category","embeddable":true,"href":"https:\/\/projectes.xtec.cat\/steamcat\/wp-json\/wp\/v2\/categories?post=8376"},{"taxonomy":"post_tag","embeddable":true,"href":"https:\/\/projectes.xtec.cat\/steamcat\/wp-json\/wp\/v2\/tags?post=8376"}],"curies":[{"name":"wp","href":"https:\/\/api.w.org\/{rel}","templated":true}]}}