{"id":8775,"date":"2019-11-04T10:59:03","date_gmt":"2019-11-04T09:59:03","guid":{"rendered":"https:\/\/projectes.xtec.cat\/steamcat\/?p=8775"},"modified":"2021-05-15T19:42:05","modified_gmt":"2021-05-15T17:42:05","slug":"contes-de-la-laura-i-en-joan-sobre-ecologia","status":"publish","type":"post","link":"https:\/\/projectes.xtec.cat\/steamcat\/general\/contes-de-la-laura-i-en-joan-sobre-ecologia\/","title":{"rendered":"Contes de la Laura i en Joan sobre ecologia"},"content":{"rendered":"<table class=\" alignleft\" style=\"height: 683px; width: 777px;\" width=\"219\">\n<tbody>\n<tr style=\"height: 93px;\">\n<td style=\"width: 260px; height: 93px;\">\n<h4><a href=\"http:\/\/contes.csuc.cat\/guies\/documents\/19_aquicultura.pdf\">La Laura i en Joan i l&#8217;amena\u00e7a de l&#8217;esp\u00e8cie perduda<\/a><\/h4>\n<\/td>\n<td style=\"width: 255.2px; height: 93px;\">\n<h4><a href=\"http:\/\/contes.csuc.cat\/guies\/documents\/07_biologia_conservacio.pdf\">La Laura i en Joan en missi\u00f3 de rescat<\/a><\/h4>\n<\/td>\n<td style=\"width: 253.6px; height: 93px;\">\n<h4 class=\"info_col2\"><strong><a href=\"http:\/\/contes.csuc.cat\/guies\/documents\/04_biologia.pdf\">La Laura i en Joan es capbussen a les Illes Medes<\/a><\/strong><\/h4>\n<\/td>\n<\/tr>\n<tr style=\"height: 211px;\">\n<td style=\"width: 260px; height: 211px;\"><img loading=\"lazy\" decoding=\"async\" class=\"size-full wp-image-8778 aligncenter\" src=\"https:\/\/projectes.xtec.cat\/steamcat\/wp-content\/uploads\/usu1760\/2019\/11\/18_aquicultura.gif\" alt=\"\" width=\"234\" height=\"233\" \/><\/td>\n<td style=\"width: 255.2px; height: 211px;\"><img loading=\"lazy\" decoding=\"async\" class=\"size-full wp-image-8777 aligncenter\" src=\"https:\/\/projectes.xtec.cat\/steamcat\/wp-content\/uploads\/usu1760\/2019\/11\/07_biologia_conservacio.gif\" alt=\"\" width=\"232\" height=\"233\" \/><\/td>\n<td style=\"width: 253.6px; height: 211px;\"><img loading=\"lazy\" decoding=\"async\" class=\"wp-image-8776 aligncenter\" src=\"https:\/\/projectes.xtec.cat\/steamcat\/wp-content\/uploads\/usu1760\/2019\/11\/04_Biologia.gif\" alt=\"\" width=\"231\" height=\"230\" \/><\/td>\n<\/tr>\n<tr style=\"height: 430px;\">\n<td style=\"width: 260px; height: 379px; vertical-align: top;\">\n<h2 class=\"portfolio-entry-title entry-title\">Aq\u00fcicultura<\/h2>\n<div class=\"portfolio-entry-excerpt entry-excerpt wpex-clr\">\n<p>With activities in English!<\/p>\n<p>La Laura i en Joan es desplacen a les illes Medes per atrapar un mero, esp\u00e8cie en greu perill d\u2019extinci\u00f3. Des de la Xarxa de Refer\u00e8ncia d\u2019R+D en Aq\u00fcicultura tenien la hip\u00f2tesi que, si aconseguien reproduir el mero, el podrien reintroduir.<\/p>\n<div class=\"info_col1\"><img loading=\"lazy\" decoding=\"async\" class=\"alignnone size-full wp-image-531\" src=\"http:\/\/contes.csuc.cat\/wp-content\/uploads\/2016\/11\/icos_17.gif\" alt=\"\" width=\"14\" height=\"13\" \/>\u00a0<strong><a href=\"http:\/\/contes.csuc.cat\/guies\/aquicultura\/index.html\">Activitats interactives<\/a><\/strong><\/div>\n<div class=\"info_col2\"><img loading=\"lazy\" decoding=\"async\" class=\"alignnone size-full wp-image-532\" src=\"http:\/\/contes.csuc.cat\/wp-content\/uploads\/2016\/11\/icos_09.gif\" alt=\"\" width=\"14\" height=\"13\" \/>\u00a0<strong><a href=\"http:\/\/contes.csuc.cat\/guies\/documents\/19_aquicultura.pdf\" target=\"_blank\" rel=\"noopener noreferrer\">Conte en pdf<\/a><\/strong><\/div>\n<div><strong><a href=\"http:\/\/contes.csuc.cat\/index.php\/maleta-pedagogica\/\">maleta pedag\u00f2gica<\/a><\/strong><\/div>\n<\/div>\n<\/td>\n<td style=\"width: 255.2px; height: 379px; vertical-align: top;\">\n<h2 class=\"portfolio-entry-title entry-title\">Biologia de conservaci\u00f3<\/h2>\n<div class=\"portfolio-entry-excerpt entry-excerpt wpex-clr\">\n<p>Els dos protagonistes participen en la recerca que desenvolupa el Centre Tecnol\u00f2gic Forestal de Catalunya. Amb els investigadors, observen en el seu entorn natural una esp\u00e8cie d\u2019esparvers que est\u00e0 en perill d\u2019extinci\u00f3.<\/p>\n<div class=\"info_col1\"><a href=\"http:\/\/universitatsirecerca.gencat.cat\/web\/ca\/03_ambits_dactuacio\/ciencia_i_societat\/.content\/ciencia_i_societat\/divulgacio_cientifica\/la_ciencia_a_les_escoles\/conteslauraijoan\/pdf_contes\/guies_didacticas_6_a_11.pdf\"><img loading=\"lazy\" decoding=\"async\" class=\"alignnone size-full wp-image-531\" src=\"http:\/\/contes.csuc.cat\/wp-content\/uploads\/2016\/11\/icos_17.gif\" alt=\"\" width=\"14\" height=\"13\" \/><\/a>\u00a0<strong><a href=\"http:\/\/contes.csuc.cat\/guies\/documents\/guies_didacticas_6_a_11.pdf\" target=\"_blank\" rel=\"noopener noreferrer\">Gu\u00eda did\u00e0ctica<\/a><\/strong><\/div>\n<div class=\"info_col1\"><strong><img loading=\"lazy\" decoding=\"async\" class=\"alignnone size-full wp-image-532\" src=\"http:\/\/contes.csuc.cat\/wp-content\/uploads\/2016\/11\/icos_09.gif\" alt=\"\" width=\"14\" height=\"13\" \/>\u00a0<a href=\"http:\/\/contes.csuc.cat\/guies\/documents\/07_biologia_conservacio.pdf\" target=\"_blank\" rel=\"noopener noreferrer\">Conte en pdf<\/a><\/strong><\/div>\n<\/div>\n<\/td>\n<td style=\"width: 253.6px; height: 379px; vertical-align: top;\">\n<h2 class=\"portfolio-entry-title entry-title\">Biologia<\/h2>\n<div class=\"portfolio-entry-excerpt entry-excerpt wpex-clr\">\n<p>La hist\u00f2ria que narra aquest conte porta els dos protagonistes fins el fons del mar, a les Illes Medes. En col\u00b7laboraci\u00f3 amb l\u2019Institut de Ci\u00e8ncies del Mar, la Laura i en Joan s\u2019endinsen en el camp de la biologia marina.<\/p>\n<div class=\"info_col1\"><img loading=\"lazy\" decoding=\"async\" class=\"alignnone size-full wp-image-531\" src=\"http:\/\/contes.csuc.cat\/wp-content\/uploads\/2016\/11\/icos_17.gif\" alt=\"\" width=\"14\" height=\"13\" \/>\u00a0<strong><a href=\"http:\/\/contes.csuc.cat\/guies\/documents\/guia_didactica_contes_recerca_1_a_5.pdf\" target=\"_blank\" rel=\"noopener noreferrer\">Gu\u00eda did\u00e0ctica<\/a><\/strong><\/div>\n<div class=\"info_col2\"><strong><img loading=\"lazy\" decoding=\"async\" class=\"alignnone size-full wp-image-532\" src=\"http:\/\/contes.csuc.cat\/wp-content\/uploads\/2016\/11\/icos_09.gif\" alt=\"\" width=\"14\" height=\"13\" \/>\u00a0<a href=\"http:\/\/contes.csuc.cat\/guies\/documents\/04_biologia.pdf\" target=\"_blank\" rel=\"noopener noreferrer\">Conte en pdf<\/a><\/strong><\/div>\n<\/div>\n<\/td>\n<\/tr>\n<\/tbody>\n<\/table>\n","protected":false},"excerpt":{"rendered":"<p>La Laura i en Joan i l&#8217;amena\u00e7a de l&#8217;esp\u00e8cie perduda La Laura i en Joan en missi\u00f3 de rescat La Laura i en Joan es capbussen a les Illes Medes Aq\u00fcicultura With activities in English! La Laura i en Joan es desplacen a les illes Medes per atrapar un mero, esp\u00e8cie en greu perill d\u2019extinci\u00f3. [&hellip;]<\/p>\n","protected":false},"author":8,"featured_media":8778,"comment_status":"closed","ping_status":"closed","sticky":false,"template":"","format":"standard","meta":{"_bbp_topic_count":0,"_bbp_reply_count":0,"_bbp_total_topic_count":0,"_bbp_total_reply_count":0,"_bbp_voice_count":0,"_bbp_anonymous_reply_count":0,"_bbp_topic_count_hidden":0,"_bbp_reply_count_hidden":0,"_bbp_forum_subforum_count":0,"site-sidebar-layout":"default","site-content-layout":"","ast-site-content-layout":"","site-content-style":"default","site-sidebar-style":"default","ast-global-header-display":"","ast-banner-title-visibility":"","ast-main-header-display":"","ast-hfb-above-header-display":"","ast-hfb-below-header-display":"","ast-hfb-mobile-header-display":"","site-post-title":"","ast-breadcrumbs-content":"","ast-featured-img":"","footer-sml-layout":"","theme-transparent-header-meta":"","adv-header-id-meta":"","stick-header-meta":"","header-above-stick-meta":"","header-main-stick-meta":"","header-below-stick-meta":"","astra-migrate-meta-layouts":"default","ast-page-background-enabled":"default","ast-page-background-meta":{"desktop":{"background-color":"var(--ast-global-color-4)","background-image":"","background-repeat":"repeat","background-position":"center center","background-size":"auto","background-attachment":"scroll","background-type":"","background-media":"","overlay-type":"","overlay-color":"","overlay-opacity":"","overlay-gradient":""},"tablet":{"background-color":"","background-image":"","background-repeat":"repeat","background-position":"center center","background-size":"auto","background-attachment":"scroll","background-type":"","background-media":"","overlay-type":"","overlay-color":"","overlay-opacity":"","overlay-gradient":""},"mobile":{"background-color":"","background-image":"","background-repeat":"repeat","background-position":"center center","background-size":"auto","background-attachment":"scroll","background-type":"","background-media":"","overlay-type":"","overlay-color":"","overlay-opacity":"","overlay-gradient":""}},"ast-content-background-meta":{"desktop":{"background-color":"var(--ast-global-color-5)","background-image":"","background-repeat":"repeat","background-position":"center center","background-size":"auto","background-attachment":"scroll","background-type":"","background-media":"","overlay-type":"","overlay-color":"","overlay-opacity":"","overlay-gradient":""},"tablet":{"background-color":"var(--ast-global-color-5)","background-image":"","background-repeat":"repeat","background-position":"center center","background-size":"auto","background-attachment":"scroll","background-type":"","background-media":"","overlay-type":"","overlay-color":"","overlay-opacity":"","overlay-gradient":""},"mobile":{"background-color":"var(--ast-global-color-5)","background-image":"","background-repeat":"repeat","background-position":"center center","background-size":"auto","background-attachment":"scroll","background-type":"","background-media":"","overlay-type":"","overlay-color":"","overlay-opacity":"","overlay-gradient":""}},"footnotes":""},"categories":[1],"tags":[401,405],"class_list":["post-8775","post","type-post","status-publish","format-standard","has-post-thumbnail","hentry","category-general","tag-margalef","tag-sc19"],"post_mailing_queue_ids":[],"_links":{"self":[{"href":"https:\/\/projectes.xtec.cat\/steamcat\/wp-json\/wp\/v2\/posts\/8775","targetHints":{"allow":["GET"]}}],"collection":[{"href":"https:\/\/projectes.xtec.cat\/steamcat\/wp-json\/wp\/v2\/posts"}],"about":[{"href":"https:\/\/projectes.xtec.cat\/steamcat\/wp-json\/wp\/v2\/types\/post"}],"author":[{"embeddable":true,"href":"https:\/\/projectes.xtec.cat\/steamcat\/wp-json\/wp\/v2\/users\/8"}],"replies":[{"embeddable":true,"href":"https:\/\/projectes.xtec.cat\/steamcat\/wp-json\/wp\/v2\/comments?post=8775"}],"version-history":[{"count":3,"href":"https:\/\/projectes.xtec.cat\/steamcat\/wp-json\/wp\/v2\/posts\/8775\/revisions"}],"predecessor-version":[{"id":8920,"href":"https:\/\/projectes.xtec.cat\/steamcat\/wp-json\/wp\/v2\/posts\/8775\/revisions\/8920"}],"wp:featuredmedia":[{"embeddable":true,"href":"https:\/\/projectes.xtec.cat\/steamcat\/wp-json\/wp\/v2\/media\/8778"}],"wp:attachment":[{"href":"https:\/\/projectes.xtec.cat\/steamcat\/wp-json\/wp\/v2\/media?parent=8775"}],"wp:term":[{"taxonomy":"category","embeddable":true,"href":"https:\/\/projectes.xtec.cat\/steamcat\/wp-json\/wp\/v2\/categories?post=8775"},{"taxonomy":"post_tag","embeddable":true,"href":"https:\/\/projectes.xtec.cat\/steamcat\/wp-json\/wp\/v2\/tags?post=8775"}],"curies":[{"name":"wp","href":"https:\/\/api.w.org\/{rel}","templated":true}]}}