{"id":10027,"date":"2021-02-24T09:41:36","date_gmt":"2021-02-24T08:41:36","guid":{"rendered":"https:\/\/projectes.xtec.cat\/tilc\/?p=10027"},"modified":"2023-05-26T16:20:32","modified_gmt":"2023-05-26T14:20:32","slug":"ponencia-virtual-sobre-la-llengua-a-classe-de-ciencies","status":"publish","type":"post","link":"https:\/\/projectes.xtec.cat\/tilc\/novetats\/ponencia-virtual-sobre-la-llengua-a-classe-de-ciencies\/","title":{"rendered":"Pon\u00e8ncia virtual sobre la llengua a classe de ci\u00e8ncies"},"content":{"rendered":"<p data-adtags-visited=\"true\"><img loading=\"lazy\" decoding=\"async\" class=\"alignright wp-image-3217\" src=\"https:\/\/jordidomenechportfolio.files.wordpress.com\/2021\/02\/imatgelogo2.jpg?w=313&amp;h=156\" sizes=\"auto, (max-width: 313px) 100vw, 313px\" srcset=\"https:\/\/jordidomenechportfolio.files.wordpress.com\/2021\/02\/imatgelogo2.jpg?w=313&amp;h=156 313w, https:\/\/jordidomenechportfolio.files.wordpress.com\/2021\/02\/imatgelogo2.jpg?w=624&amp;h=312 624w, https:\/\/jordidomenechportfolio.files.wordpress.com\/2021\/02\/imatgelogo2.jpg?w=150&amp;h=75 150w, https:\/\/jordidomenechportfolio.files.wordpress.com\/2021\/02\/imatgelogo2.jpg?w=300&amp;h=150 300w\" alt=\"\" width=\"313\" height=\"156\" data-attachment-id=\"3217\" data-permalink=\"https:\/\/jordidomenechportfolio.wordpress.com\/2021\/02\/16\/eines-linguistiques-per-ensenyar-a-pensar-cientificament\/imatgelogo2\/\" data-orig-file=\"https:\/\/jordidomenechportfolio.files.wordpress.com\/2021\/02\/imatgelogo2.jpg\" data-orig-size=\"900,450\" data-comments-opened=\"0\" data-image-meta=\"{&quot;aperture&quot;:&quot;0&quot;,&quot;credit&quot;:&quot;&quot;,&quot;camera&quot;:&quot;&quot;,&quot;caption&quot;:&quot;&quot;,&quot;created_timestamp&quot;:&quot;0&quot;,&quot;copyright&quot;:&quot;&quot;,&quot;focal_length&quot;:&quot;0&quot;,&quot;iso&quot;:&quot;0&quot;,&quot;shutter_speed&quot;:&quot;0&quot;,&quot;title&quot;:&quot;&quot;,&quot;orientation&quot;:&quot;0&quot;}\" data-image-title=\"imatgelogo2\" data-image-description=\"\" data-medium-file=\"https:\/\/jordidomenechportfolio.files.wordpress.com\/2021\/02\/imatgelogo2.jpg?w=300\" data-large-file=\"https:\/\/jordidomenechportfolio.files.wordpress.com\/2021\/02\/imatgelogo2.jpg?w=547\" \/>Dins de les <a href=\"https:\/\/www.cdl.cat\/cursos-i-activitats?of=1333#JDom%C3%A8nech\" target=\"_blank\" rel=\"noopener noreferrer\">Jornades sobre l\u2019ensenyament de les Ci\u00e8ncies: nous reptes davant nous escenaris <\/a>organitzada per el Col\u00b7legi Oficial de Llicenciats, Jordi Dom\u00e8nech-Casal far\u00e0 una pon\u00e8ncia amb el t\u00edtol <a href=\"https:\/\/www.cdl.cat\/cursos-i-activitats?of=1333#JDom%C3%A8nech\"><em><strong>Eines ling\u00fc\u00edstiques per ensenyar a pensar cient\u00edficament<\/strong><\/em><\/a>.<\/p>\n<p data-adtags-visited=\"true\">La pon\u00e8ncia treballa la idea que ensenyar Ci\u00e8ncia no vol dir nom\u00e9s ensenyar els conceptes de la Ci\u00e8ncia, sin\u00f3 tamb\u00e9 ensenyar la manera com la Ci\u00e8ncia pensa i construeix coneixement. Per\u00f2 els nostres alumnes no aprenen a pensar cient\u00edficament si no tenen les eines ling\u00fc\u00edstiques per fer-ho. Es discutiran diverses eines i suports ling\u00fc\u00edstics per desenvolupar la compet\u00e8ncia cient\u00edfica en diversos contextos (pr\u00e0ctiques de laboratori, seminaris socr\u00e0tics, aprenentatge basat en problemes\u2026).<\/p>\n<p data-adtags-visited=\"true\">El mateix dia de l&#8217;acte, el ponent publicar\u00e0 els materials al seu <a href=\"https:\/\/jordidomenechportfolio.wordpress.com\/\">Portolio<\/a>; al seu bloc,\u00a0<a href=\"https:\/\/jordidomenechportfolio.wordpress.com\/2021\/02\/16\/eines-linguistiques-per-ensenyar-a-pensar-cientificament\/\"><em>Pupitrel\u00e0ndia, <\/em><\/a>ja hi podeu veure la bibliografia que ha consultat.<\/p>\n<p data-adtags-visited=\"true\">L&#8217;acte ser\u00e0 el proper dimecres 17 de mar\u00e7, de 17:45 a 18:30. Trobareu el formulari d&#8217;inscripci\u00f3 i m\u00e9s informaci\u00f3 sobre les jornades <a href=\"https:\/\/www.cdl.cat\/cursos-i-activitats?of=1333\">aqu\u00ed<\/a>.<\/p>\n","protected":false},"excerpt":{"rendered":"<p>Pon\u00e8ncia de J.Dom\u00e8nech-Casal sobre &#8220;Eines ling\u00fc\u00edstiques per aprendre a pensar cient\u00edficament&#8221;, el 17\/3\/2021.&hellip;  <a href=\"https:\/\/projectes.xtec.cat\/tilc\/novetats\/ponencia-virtual-sobre-la-llengua-a-classe-de-ciencies\/\" title=\"Read Pon\u00e8ncia virtual sobre la llengua a classe de ci\u00e8ncies\">Llegeix m\u00e9s\u00bb<\/a><\/p>\n","protected":false},"author":9,"featured_media":10029,"comment_status":"open","ping_status":"closed","sticky":false,"template":"","format":"standard","meta":{"_bbp_topic_count":0,"_bbp_reply_count":0,"_bbp_total_topic_count":0,"_bbp_total_reply_count":0,"_bbp_voice_count":0,"_bbp_anonymous_reply_count":0,"_bbp_topic_count_hidden":0,"_bbp_reply_count_hidden":0,"_bbp_forum_subforum_count":0,"footnotes":""},"categories":[313],"tags":[309,303,369,368,307],"class_list":["post-10027","post","type-post","status-publish","format-standard","has-post-thumbnail","hentry","category-novetats","tag-ambit-cientificotecnologic","tag-bastides-de-suport","tag-conferencies","tag-jordi-domenech-casal","tag-vocabulari-academic"],"post_mailing_queue_ids":[],"_links":{"self":[{"href":"https:\/\/projectes.xtec.cat\/tilc\/wp-json\/wp\/v2\/posts\/10027","targetHints":{"allow":["GET"]}}],"collection":[{"href":"https:\/\/projectes.xtec.cat\/tilc\/wp-json\/wp\/v2\/posts"}],"about":[{"href":"https:\/\/projectes.xtec.cat\/tilc\/wp-json\/wp\/v2\/types\/post"}],"author":[{"embeddable":true,"href":"https:\/\/projectes.xtec.cat\/tilc\/wp-json\/wp\/v2\/users\/9"}],"replies":[{"embeddable":true,"href":"https:\/\/projectes.xtec.cat\/tilc\/wp-json\/wp\/v2\/comments?post=10027"}],"version-history":[{"count":3,"href":"https:\/\/projectes.xtec.cat\/tilc\/wp-json\/wp\/v2\/posts\/10027\/revisions"}],"predecessor-version":[{"id":10031,"href":"https:\/\/projectes.xtec.cat\/tilc\/wp-json\/wp\/v2\/posts\/10027\/revisions\/10031"}],"wp:featuredmedia":[{"embeddable":true,"href":"https:\/\/projectes.xtec.cat\/tilc\/wp-json\/wp\/v2\/media\/10029"}],"wp:attachment":[{"href":"https:\/\/projectes.xtec.cat\/tilc\/wp-json\/wp\/v2\/media?parent=10027"}],"wp:term":[{"taxonomy":"category","embeddable":true,"href":"https:\/\/projectes.xtec.cat\/tilc\/wp-json\/wp\/v2\/categories?post=10027"},{"taxonomy":"post_tag","embeddable":true,"href":"https:\/\/projectes.xtec.cat\/tilc\/wp-json\/wp\/v2\/tags?post=10027"}],"curies":[{"name":"wp","href":"https:\/\/api.w.org\/{rel}","templated":true}]}}