{"id":10072,"date":"2021-03-01T17:41:20","date_gmt":"2021-03-01T16:41:20","guid":{"rendered":"https:\/\/projectes.xtec.cat\/tilc\/?p=10072"},"modified":"2021-03-12T17:30:28","modified_gmt":"2021-03-12T16:30:28","slug":"planificant-en-el-tilc-lalimentacio-i-la-nutricio","status":"publish","type":"post","link":"https:\/\/projectes.xtec.cat\/tilc\/act-ex-com-planificar\/planificant-en-el-tilc-lalimentacio-i-la-nutricio\/","title":{"rendered":"Planificant en el TILC: L&#8217;alimentaci\u00f3 i la nutrici\u00f3"},"content":{"rendered":"<p>La Conselleria d&#8217;Educaci\u00f3 de la Generalitat Valenciana publica aquesta unitat did\u00e0ctica integrada, en qu\u00e8 es desenvolupen continguts de l&#8217;\u00e0mbit cient\u00edfic. La unitat porta per t\u00edtol <em>L&#8217;alimentaci\u00f3 i la nutrici\u00f3<\/em>\u00a0i articula la intervenci\u00f3 al voltant dels elements TILC.<\/p>\n<p>Atenent als components did\u00e0ctics i pedag\u00f2gics TILC, la unitat es caracteritza per:<\/p>\n<ul>\n<li>La integraci\u00f3 del component intercultural, com a eina d&#8217;enriquiment de l&#8217;activitat i la interacci\u00f3 a l&#8217;aula<\/li>\n<li>La presentaci\u00f3 d&#8217;un model de planificaci\u00f3 estructurat, centrat en les decisions que pren el docent<\/li>\n<li>El desenvolupament d&#8217;objectius i continguts disciplinars, en concret, de la mat\u00e8ria de Biologia i Geologia de 3r d&#8217;ESO.<\/li>\n<li>L&#8217;enfocament d&#8217;immersi\u00f3 ling\u00fc\u00edstica, ja que s&#8217;adre\u00e7a a alumnat amb un baix nivell de compet\u00e8ncia comunicativa en llengua valenciana.<\/li>\n<\/ul>\n<p>Presentem aquesta proposta com un model d&#8217;unitat multiseq\u00fc\u00e8ncia, en que cada &#8220;llic\u00f3&#8221; cont\u00e9 diverses activitats que es treballen de manera estructurada:<\/p>\n<ul>\n<li>Cadascuna d&#8217;elles integra continguts disciplinars, ling\u00fc\u00edstics, cognitius i culturals.<\/li>\n<li>Cada activitat es desenvolupa a trav\u00e9s de tres fases: presentaci\u00f3 (introducci\u00f3, motivaci\u00f3 i treball dels coneixement previs), focalitzaci\u00f3 en l&#8217;aprenentatge (introducci\u00f3 de coneixements nous) i fase d&#8217;extensi\u00f3 (d&#8217;ampliaci\u00f3).<\/li>\n<li>S&#8217;inclouen altres activitats per complementar les necessitats educatives: d&#8217;avaluaci\u00f3, de l\u00e8xic i de refor\u00e7.<\/li>\n<li>Es proposa avaluaci\u00f3 del professorat i auto i coavaluaci\u00f3 de l&#8217;alumnat.<\/li>\n<\/ul>\n<p>Us facilitem l&#8217;enlla\u00e7 a la unitat per tal que en continueu explorant el format de programaci\u00f3 i el contingut:<\/p>\n<ul>\n<li><a href=\"https:\/\/recmestreacasa.gva.es\/webzip\/63efef2a-0b80-4a0e-82c7-a9939f9993dd\/pdf\/secundaria\/alimentacio\/ALIMENTACIO_professorat.pdf\">Guia del professorat<\/a><\/li>\n<li><a href=\"https:\/\/recmestreacasa.gva.es\/webzip\/63efef2a-0b80-4a0e-82c7-a9939f9993dd\/pdf\/secundaria\/alimentacio\/ALIMENTACIO_alumnat.pdf\">Quadern per a l&#8217;alumnat<\/a><\/li>\n<\/ul>\n<p>Tamb\u00e9 us deixem l&#8217;enlla\u00e7 a la p\u00e0gina web on trobareu m\u00e9s propostes: <a href=\"https:\/\/mestreacasa.gva.es\/web\/plurilingues\/4?p_p_id=101_INSTANCE_yi9B&amp;p_p_action=0&amp;p_p_state=maximized&amp;p_p_mode=view&amp;p_p_col_id=column-2&amp;p_p_col_count=1&amp;_101_INSTANCE_yi9B_struts_action=%2Ftagged_content%2Fview_content&amp;_101_INSTANCE_yi9B_redirect=%2Fweb%2Fplurilingues%2F4&amp;_101_INSTANCE_yi9B_assetId=500002327316\">PROJECTE TILC. Unitats integrades de Llengua i Continguts<\/a><\/p>\n<p><a href=\"https:\/\/projectes.xtec.cat\/tilc\/wp-content\/uploads\/usu2098\/2021\/03\/Projecte-TILC-Comunitat-Valenciana.png\"><img loading=\"lazy\" decoding=\"async\" class=\"alignleft wp-image-10073\" src=\"https:\/\/projectes.xtec.cat\/tilc\/wp-content\/uploads\/usu2098\/2021\/03\/Projecte-TILC-Comunitat-Valenciana.png\" alt=\"\" width=\"700\" height=\"207\" srcset=\"https:\/\/projectes.xtec.cat\/tilc\/wp-content\/uploads\/usu2098\/2021\/03\/Projecte-TILC-Comunitat-Valenciana.png 449w, https:\/\/projectes.xtec.cat\/tilc\/wp-content\/uploads\/usu2098\/2021\/03\/Projecte-TILC-Comunitat-Valenciana-300x89.png 300w\" sizes=\"auto, (max-width: 700px) 100vw, 700px\" \/><\/a><\/p>\n","protected":false},"excerpt":{"rendered":"<p>Unitat integrada de llengua i contingut, adre\u00e7ada a alumnat de 3r d&#8217;ESO, publicada per la Conselleria d&#8217;Educaci\u00f3 de la Generalitat Valenciana. Desenvolupa continguts de l&#8217;\u00e0mbit cient\u00edfic.&hellip;  <a href=\"https:\/\/projectes.xtec.cat\/tilc\/act-ex-com-planificar\/planificant-en-el-tilc-lalimentacio-i-la-nutricio\/\" title=\"Read Planificant en el TILC: L&#8217;alimentaci\u00f3 i la nutrici\u00f3\">Llegeix m\u00e9s\u00bb<\/a><\/p>\n","protected":false},"author":5,"featured_media":10073,"comment_status":"open","ping_status":"closed","sticky":false,"template":"","format":"standard","meta":{"_bbp_topic_count":0,"_bbp_reply_count":0,"_bbp_total_topic_count":0,"_bbp_total_reply_count":0,"_bbp_voice_count":0,"_bbp_anonymous_reply_count":0,"_bbp_topic_count_hidden":0,"_bbp_reply_count_hidden":0,"_bbp_forum_subforum_count":0,"footnotes":""},"categories":[340],"tags":[353,318,346,354],"class_list":["post-10072","post","type-post","status-publish","format-standard","has-post-thumbnail","hentry","category-act-ex-com-planificar","tag-les-4c","tag-multiculturalitat","tag-multisequencia","tag-vicent-pascual"],"post_mailing_queue_ids":[],"_links":{"self":[{"href":"https:\/\/projectes.xtec.cat\/tilc\/wp-json\/wp\/v2\/posts\/10072","targetHints":{"allow":["GET"]}}],"collection":[{"href":"https:\/\/projectes.xtec.cat\/tilc\/wp-json\/wp\/v2\/posts"}],"about":[{"href":"https:\/\/projectes.xtec.cat\/tilc\/wp-json\/wp\/v2\/types\/post"}],"author":[{"embeddable":true,"href":"https:\/\/projectes.xtec.cat\/tilc\/wp-json\/wp\/v2\/users\/5"}],"replies":[{"embeddable":true,"href":"https:\/\/projectes.xtec.cat\/tilc\/wp-json\/wp\/v2\/comments?post=10072"}],"version-history":[{"count":3,"href":"https:\/\/projectes.xtec.cat\/tilc\/wp-json\/wp\/v2\/posts\/10072\/revisions"}],"predecessor-version":[{"id":10086,"href":"https:\/\/projectes.xtec.cat\/tilc\/wp-json\/wp\/v2\/posts\/10072\/revisions\/10086"}],"wp:featuredmedia":[{"embeddable":true,"href":"https:\/\/projectes.xtec.cat\/tilc\/wp-json\/wp\/v2\/media\/10073"}],"wp:attachment":[{"href":"https:\/\/projectes.xtec.cat\/tilc\/wp-json\/wp\/v2\/media?parent=10072"}],"wp:term":[{"taxonomy":"category","embeddable":true,"href":"https:\/\/projectes.xtec.cat\/tilc\/wp-json\/wp\/v2\/categories?post=10072"},{"taxonomy":"post_tag","embeddable":true,"href":"https:\/\/projectes.xtec.cat\/tilc\/wp-json\/wp\/v2\/tags?post=10072"}],"curies":[{"name":"wp","href":"https:\/\/api.w.org\/{rel}","templated":true}]}}