{"id":10105,"date":"2021-03-08T16:10:00","date_gmt":"2021-03-08T15:10:00","guid":{"rendered":"https:\/\/projectes.xtec.cat\/tilc\/?p=10105"},"modified":"2021-05-31T15:44:47","modified_gmt":"2021-05-31T13:44:47","slug":"un-material-del-tot-vigent","status":"publish","type":"post","link":"https:\/\/projectes.xtec.cat\/tilc\/recursos\/un-material-del-tot-vigent\/","title":{"rendered":"Un material del tot vigent: les compet\u00e8ncies comunicatives aplicades a les \u00e0rees curriculars"},"content":{"rendered":"<p>El curs 2009, un grup d&#8217;experts de l&#8217;ICE de la UAB i del grup de recerca LIEC, van elaborar uns materials de formaci\u00f3 sobre <a href=\"http:\/\/ateneu.xtec.cat\/wikiform\/wikiexport\/cursos\/curriculum\/eso_btx\/dcs1\/index\">Les compet\u00e8ncies comunicatives aplicades a les \u00e0rees curriculars (educaci\u00f3 secund\u00e0ria)<\/a>, que el curs 2012 van actualitzar i, des de llavors, \u00e9s de consulta lliure a <a href=\"http:\/\/ateneu.xtec.cat\/wikiform\/wikiexport\/cursos\/index\">Ateneu<\/a>.<\/p>\n<p>Es tracta d&#8217;un material idoni per fer formaci\u00f3 interna de centre sobre les estrat\u00e8gies TILC. El contingut d&#8217;aquesta formaci\u00f3 i el d&#8217;aquest Nodes es complementen a la perfecci\u00f3.<\/p>\n<p>Us recomanem que hi feu un cop d&#8217;ull!<\/p>\n<p><a href=\"https:\/\/projectes.xtec.cat\/tilc\/wp-content\/uploads\/usu2098\/2021\/03\/compateneu2.png\"><img loading=\"lazy\" decoding=\"async\" class=\"alignnone size-full wp-image-10106\" src=\"https:\/\/projectes.xtec.cat\/tilc\/wp-content\/uploads\/usu2098\/2021\/03\/compateneu2.png\" alt=\"\" width=\"334\" height=\"84\" srcset=\"https:\/\/projectes.xtec.cat\/tilc\/wp-content\/uploads\/usu2098\/2021\/03\/compateneu2.png 334w, https:\/\/projectes.xtec.cat\/tilc\/wp-content\/uploads\/usu2098\/2021\/03\/compateneu2-300x75.png 300w\" sizes=\"auto, (max-width: 334px) 100vw, 334px\" \/><\/a><\/p>\n","protected":false},"excerpt":{"rendered":"<p>Materials d&#8217;autoformaci\u00f3 sobre el TILC elaborats per M. Blanes, J. Cortada, E.Custodio i D.Quinquer.&hellip;  <a href=\"https:\/\/projectes.xtec.cat\/tilc\/recursos\/un-material-del-tot-vigent\/\" title=\"Read Un material del tot vigent: les compet\u00e8ncies comunicatives aplicades a les \u00e0rees curriculars\">Llegeix m\u00e9s\u00bb<\/a><\/p>\n","protected":false},"author":9,"featured_media":10106,"comment_status":"open","ping_status":"closed","sticky":false,"template":"","format":"standard","meta":{"_bbp_topic_count":0,"_bbp_reply_count":0,"_bbp_total_topic_count":0,"_bbp_total_reply_count":0,"_bbp_voice_count":0,"_bbp_anonymous_reply_count":0,"_bbp_topic_count_hidden":0,"_bbp_reply_count_hidden":0,"_bbp_forum_subforum_count":0,"footnotes":""},"categories":[76],"tags":[348,320],"class_list":["post-10105","post","type-post","status-publish","format-standard","has-post-thumbnail","hentry","category-recursos","tag-fic","tag-tilc"],"post_mailing_queue_ids":[],"_links":{"self":[{"href":"https:\/\/projectes.xtec.cat\/tilc\/wp-json\/wp\/v2\/posts\/10105","targetHints":{"allow":["GET"]}}],"collection":[{"href":"https:\/\/projectes.xtec.cat\/tilc\/wp-json\/wp\/v2\/posts"}],"about":[{"href":"https:\/\/projectes.xtec.cat\/tilc\/wp-json\/wp\/v2\/types\/post"}],"author":[{"embeddable":true,"href":"https:\/\/projectes.xtec.cat\/tilc\/wp-json\/wp\/v2\/users\/9"}],"replies":[{"embeddable":true,"href":"https:\/\/projectes.xtec.cat\/tilc\/wp-json\/wp\/v2\/comments?post=10105"}],"version-history":[{"count":3,"href":"https:\/\/projectes.xtec.cat\/tilc\/wp-json\/wp\/v2\/posts\/10105\/revisions"}],"predecessor-version":[{"id":10113,"href":"https:\/\/projectes.xtec.cat\/tilc\/wp-json\/wp\/v2\/posts\/10105\/revisions\/10113"}],"wp:featuredmedia":[{"embeddable":true,"href":"https:\/\/projectes.xtec.cat\/tilc\/wp-json\/wp\/v2\/media\/10106"}],"wp:attachment":[{"href":"https:\/\/projectes.xtec.cat\/tilc\/wp-json\/wp\/v2\/media?parent=10105"}],"wp:term":[{"taxonomy":"category","embeddable":true,"href":"https:\/\/projectes.xtec.cat\/tilc\/wp-json\/wp\/v2\/categories?post=10105"},{"taxonomy":"post_tag","embeddable":true,"href":"https:\/\/projectes.xtec.cat\/tilc\/wp-json\/wp\/v2\/tags?post=10105"}],"curies":[{"name":"wp","href":"https:\/\/api.w.org\/{rel}","templated":true}]}}