{"id":10109,"date":"2021-03-08T17:15:18","date_gmt":"2021-03-08T16:15:18","guid":{"rendered":"https:\/\/projectes.xtec.cat\/tilc\/?p=10109"},"modified":"2021-04-28T15:50:12","modified_gmt":"2021-04-28T13:50:12","slug":"laprenentatge-cientific-i-el-linguistic-vasos-comunicants-conversa-entre-digna-couso-i-carme-duran","status":"publish","type":"post","link":"https:\/\/projectes.xtec.cat\/tilc\/novetats\/laprenentatge-cientific-i-el-linguistic-vasos-comunicants-conversa-entre-digna-couso-i-carme-duran\/","title":{"rendered":"&#8220;L\u2019aprenentatge cient\u00edfic i el ling\u00fc\u00edstic: vasos comunicants&#8221;. Conversa entre Digna Couso i Carme Duran"},"content":{"rendered":"<p>El dia 11 de mar\u00e7, al Servei Educatiu de Santa Coloma de Gramenet hi va haver una conversa sobre el TILC aplicat a les ci\u00e8ncies, en el marc d&#8217;un cicle de confer\u00e8ncies anomenat &#8220;La meva \u00e0rea necessita de les altres&#8221;.<\/p>\n<p>Us la recomanem pel domini del tema que tenen les dues conferenciants, Digna Couso i Carme Duran. La podeu veure <a href=\"https:\/\/www.youtube.com\/watch?v=l6Jcx-4DslI\" target=\"_blank\" rel=\"noopener noreferrer\">en aquest enlla\u00e7<\/a>.<\/p>\n<p>Trobareu m\u00e9s informaci\u00f3 sobre el cicle <a href=\"https:\/\/drive.google.com\/file\/d\/1RnXVlifA4AQWeZf20g8pHWkK6N2W5nvA\/view\">en aquest tr\u00edptic<\/a> . Les confer\u00e8ncies es poden seguir en el <a href=\"https:\/\/www.youtube.com\/channel\/UCN17adrb5l-wrTzQda7Es9Q\">canal Youtube del Servei Educatiu<\/a>.<\/p>\n<p><a href=\"https:\/\/projectes.xtec.cat\/tilc\/wp-content\/uploads\/usu2098\/2021\/03\/Pont_can_peixauet.jpg\"><img loading=\"lazy\" decoding=\"async\" class=\"alignnone wp-image-10110\" src=\"https:\/\/projectes.xtec.cat\/tilc\/wp-content\/uploads\/usu2098\/2021\/03\/Pont_can_peixauet-1024x768.jpg\" alt=\"\" width=\"512\" height=\"384\" srcset=\"https:\/\/projectes.xtec.cat\/tilc\/wp-content\/uploads\/usu2098\/2021\/03\/Pont_can_peixauet-1024x768.jpg 1024w, https:\/\/projectes.xtec.cat\/tilc\/wp-content\/uploads\/usu2098\/2021\/03\/Pont_can_peixauet-300x225.jpg 300w, https:\/\/projectes.xtec.cat\/tilc\/wp-content\/uploads\/usu2098\/2021\/03\/Pont_can_peixauet-768x576.jpg 768w, https:\/\/projectes.xtec.cat\/tilc\/wp-content\/uploads\/usu2098\/2021\/03\/Pont_can_peixauet-200x150.jpg 200w, https:\/\/projectes.xtec.cat\/tilc\/wp-content\/uploads\/usu2098\/2021\/03\/Pont_can_peixauet.jpg 1200w\" sizes=\"auto, (max-width: 512px) 100vw, 512px\" \/><\/a><\/p>\n<p>Santa Coloma, pont de Can Peixauet. Font de la imatge: <a href=\"https:\/\/commons.wikimedia.org\/wiki\/File:Pont_sobre_el_Besos_(Can_Peixauet).JPG\">Wikimedia Commons<\/a><\/p>\n","protected":false},"excerpt":{"rendered":"<p>V\u00eddeo de la confer\u00e8ncia &#8220;L&#8217;aprenentatge cient\u00edfic i el ling\u00fc\u00edstic, vasos comunicants&#8221;, de D. Couso i C. Duran.&hellip;  <a href=\"https:\/\/projectes.xtec.cat\/tilc\/novetats\/laprenentatge-cientific-i-el-linguistic-vasos-comunicants-conversa-entre-digna-couso-i-carme-duran\/\" title=\"Read &#8220;L\u2019aprenentatge cient\u00edfic i el ling\u00fc\u00edstic: vasos comunicants&#8221;. Conversa entre Digna Couso i Carme Duran\">Llegeix m\u00e9s\u00bb<\/a><\/p>\n","protected":false},"author":9,"featured_media":10110,"comment_status":"open","ping_status":"closed","sticky":false,"template":"","format":"standard","meta":{"_bbp_topic_count":0,"_bbp_reply_count":0,"_bbp_total_topic_count":0,"_bbp_total_reply_count":0,"_bbp_voice_count":0,"_bbp_anonymous_reply_count":0,"_bbp_topic_count_hidden":0,"_bbp_reply_count_hidden":0,"_bbp_forum_subforum_count":0,"footnotes":""},"categories":[313],"tags":[309,369,351,320],"class_list":["post-10109","post","type-post","status-publish","format-standard","has-post-thumbnail","hentry","category-novetats","tag-ambit-cientificotecnologic","tag-conferencies","tag-servei-educatiu-santa-coloma-de-gramenet","tag-tilc"],"post_mailing_queue_ids":[],"_links":{"self":[{"href":"https:\/\/projectes.xtec.cat\/tilc\/wp-json\/wp\/v2\/posts\/10109","targetHints":{"allow":["GET"]}}],"collection":[{"href":"https:\/\/projectes.xtec.cat\/tilc\/wp-json\/wp\/v2\/posts"}],"about":[{"href":"https:\/\/projectes.xtec.cat\/tilc\/wp-json\/wp\/v2\/types\/post"}],"author":[{"embeddable":true,"href":"https:\/\/projectes.xtec.cat\/tilc\/wp-json\/wp\/v2\/users\/9"}],"replies":[{"embeddable":true,"href":"https:\/\/projectes.xtec.cat\/tilc\/wp-json\/wp\/v2\/comments?post=10109"}],"version-history":[{"count":3,"href":"https:\/\/projectes.xtec.cat\/tilc\/wp-json\/wp\/v2\/posts\/10109\/revisions"}],"predecessor-version":[{"id":10253,"href":"https:\/\/projectes.xtec.cat\/tilc\/wp-json\/wp\/v2\/posts\/10109\/revisions\/10253"}],"wp:featuredmedia":[{"embeddable":true,"href":"https:\/\/projectes.xtec.cat\/tilc\/wp-json\/wp\/v2\/media\/10110"}],"wp:attachment":[{"href":"https:\/\/projectes.xtec.cat\/tilc\/wp-json\/wp\/v2\/media?parent=10109"}],"wp:term":[{"taxonomy":"category","embeddable":true,"href":"https:\/\/projectes.xtec.cat\/tilc\/wp-json\/wp\/v2\/categories?post=10109"},{"taxonomy":"post_tag","embeddable":true,"href":"https:\/\/projectes.xtec.cat\/tilc\/wp-json\/wp\/v2\/tags?post=10109"}],"curies":[{"name":"wp","href":"https:\/\/api.w.org\/{rel}","templated":true}]}}