{"id":10182,"date":"2021-03-12T17:26:39","date_gmt":"2021-03-12T16:26:39","guid":{"rendered":"https:\/\/projectes.xtec.cat\/tilc\/?p=10182"},"modified":"2021-03-12T17:26:39","modified_gmt":"2021-03-12T16:26:39","slug":"planifiquem-les-4c-les-musiques-del-mon","status":"publish","type":"post","link":"https:\/\/projectes.xtec.cat\/tilc\/act-ex-com-planificar\/planifiquem-les-4c-les-musiques-del-mon\/","title":{"rendered":"Planifiquem les 4C: Les m\u00fasiques del m\u00f3n"},"content":{"rendered":"<p>En <a href=\"https:\/\/taulafilologiavalenciana.files.wordpress.com\/2015\/07\/03-aula-de-lletres-2.pdf\">l&#8217;article que enllacem<\/a> es presenta una experi\u00e8ncia de disseny i experimentaci\u00f3 d\u2019una unitat tem\u00e0tica TILC sobre m\u00fasiques del m\u00f3n per a segon d&#8217;ESO.<\/p>\n<p>L&#8217;activitat es va dissenyar en el marc d\u2019un seminari dirigit per Vicent Pascual Granell i organitzat per la Unitat per l\u2019Educaci\u00f3 Multiling\u00fce (UEM) de la Universitat d\u2019Alacant. La unitat tem\u00e0tica resultant va ser experimentada a l\u2019IES Andreu Sempere d\u2019Alcoi amb alumnat de 2n d\u2019ESO del Programa d\u2019Incorporaci\u00f3 Progressiva durant els cursos 2007-2008 i 2008-2009.<\/p>\n<p>El t\u00edtol de la unitat \u00e9s <em>M\u00fasiques del m\u00f3n: Alg\u00e8ria.\u00a0<\/em>Es tracta d&#8217;una activitat interdisciplin\u00e0ria sobre la m\u00fasica comercial que s&#8217;escolta a Alg\u00e8ria, un pa\u00eds de proced\u00e8ncia d&#8217;una part de la immigraci\u00f3 que rep el Pa\u00eds Valenci\u00e0. Els \u00e0mbits curriculars implicats s\u00f3n M\u00fasica, Ci\u00e8ncies socials i Llengua valenciana. A m\u00e9s d&#8217;integrar continguts d&#8217;aquestes disciplines, la planificaci\u00f3 presta atenci\u00f3 al component cognitiu i als elements culturals, a banda del vessant comunicatiu de la llengua. Per tant, \u00e9s una unitat TILC que integra les 4C.<\/p>\n<p><a href=\"https:\/\/projectes.xtec.cat\/tilc\/wp-content\/uploads\/usu2098\/2021\/03\/Ra\u00ef_ann\u00e9es_80_Alg\u00e9rie.jpg\"><img loading=\"lazy\" decoding=\"async\" class=\"alignnone size-large wp-image-10183\" src=\"https:\/\/projectes.xtec.cat\/tilc\/wp-content\/uploads\/usu2098\/2021\/03\/Ra\u00ef_ann\u00e9es_80_Alg\u00e9rie-696x1024.jpg\" alt=\"\" width=\"696\" height=\"1024\" srcset=\"https:\/\/projectes.xtec.cat\/tilc\/wp-content\/uploads\/usu2098\/2021\/03\/Ra\u00ef_ann\u00e9es_80_Alg\u00e9rie-696x1024.jpg 696w, https:\/\/projectes.xtec.cat\/tilc\/wp-content\/uploads\/usu2098\/2021\/03\/Ra\u00ef_ann\u00e9es_80_Alg\u00e9rie-204x300.jpg 204w, https:\/\/projectes.xtec.cat\/tilc\/wp-content\/uploads\/usu2098\/2021\/03\/Ra\u00ef_ann\u00e9es_80_Alg\u00e9rie-768x1131.jpg 768w, https:\/\/projectes.xtec.cat\/tilc\/wp-content\/uploads\/usu2098\/2021\/03\/Ra\u00ef_ann\u00e9es_80_Alg\u00e9rie.jpg 1459w\" sizes=\"auto, (max-width: 696px) 100vw, 696px\" \/><\/a><\/p>\n<p>Font de la imatge: <a href=\"https:\/\/en.wikipedia.org\/wiki\/Ra%C3%AF#\/media\/File:Ra%C3%AF_ann%C3%A9es_80_(Alg%C3%A9rie).jpg\">Wikipedia<\/a><\/p>\n<p>&nbsp;<\/p>\n<p>&nbsp;<\/p>\n<p>&nbsp;<\/p>\n","protected":false},"excerpt":{"rendered":"<p>Enlla\u00e7 a l&#8217;article de J. Mart\u00ednez Vargas (IES Andreu Sempre) i R. Valls Campillo (C.P. Miguel Hern\u00e1ndez), que descriu una activitat TILC sobre el ra\u00ef algeri\u00e0.&hellip;  <a href=\"https:\/\/projectes.xtec.cat\/tilc\/act-ex-com-planificar\/planifiquem-les-4c-les-musiques-del-mon\/\" title=\"Read Planifiquem les 4C: Les m\u00fasiques del m\u00f3n\">Llegeix m\u00e9s\u00bb<\/a><\/p>\n","protected":false},"author":9,"featured_media":10183,"comment_status":"open","ping_status":"closed","sticky":false,"template":"","format":"standard","meta":{"_bbp_topic_count":0,"_bbp_reply_count":0,"_bbp_total_topic_count":0,"_bbp_total_reply_count":0,"_bbp_voice_count":0,"_bbp_anonymous_reply_count":0,"_bbp_topic_count_hidden":0,"_bbp_reply_count_hidden":0,"_bbp_forum_subforum_count":0,"footnotes":""},"categories":[340],"tags":[323,352,353,354],"class_list":["post-10182","post","type-post","status-publish","format-standard","has-post-thumbnail","hentry","category-act-ex-com-planificar","tag-ambit-artistic","tag-educacio-musical","tag-les-4c","tag-vicent-pascual"],"post_mailing_queue_ids":[],"_links":{"self":[{"href":"https:\/\/projectes.xtec.cat\/tilc\/wp-json\/wp\/v2\/posts\/10182","targetHints":{"allow":["GET"]}}],"collection":[{"href":"https:\/\/projectes.xtec.cat\/tilc\/wp-json\/wp\/v2\/posts"}],"about":[{"href":"https:\/\/projectes.xtec.cat\/tilc\/wp-json\/wp\/v2\/types\/post"}],"author":[{"embeddable":true,"href":"https:\/\/projectes.xtec.cat\/tilc\/wp-json\/wp\/v2\/users\/9"}],"replies":[{"embeddable":true,"href":"https:\/\/projectes.xtec.cat\/tilc\/wp-json\/wp\/v2\/comments?post=10182"}],"version-history":[{"count":1,"href":"https:\/\/projectes.xtec.cat\/tilc\/wp-json\/wp\/v2\/posts\/10182\/revisions"}],"predecessor-version":[{"id":10184,"href":"https:\/\/projectes.xtec.cat\/tilc\/wp-json\/wp\/v2\/posts\/10182\/revisions\/10184"}],"wp:featuredmedia":[{"embeddable":true,"href":"https:\/\/projectes.xtec.cat\/tilc\/wp-json\/wp\/v2\/media\/10183"}],"wp:attachment":[{"href":"https:\/\/projectes.xtec.cat\/tilc\/wp-json\/wp\/v2\/media?parent=10182"}],"wp:term":[{"taxonomy":"category","embeddable":true,"href":"https:\/\/projectes.xtec.cat\/tilc\/wp-json\/wp\/v2\/categories?post=10182"},{"taxonomy":"post_tag","embeddable":true,"href":"https:\/\/projectes.xtec.cat\/tilc\/wp-json\/wp\/v2\/tags?post=10182"}],"curies":[{"name":"wp","href":"https:\/\/api.w.org\/{rel}","templated":true}]}}