{"id":10239,"date":"2021-03-26T16:47:27","date_gmt":"2021-03-26T15:47:27","guid":{"rendered":"https:\/\/projectes.xtec.cat\/tilc\/?p=10239"},"modified":"2021-12-11T18:27:53","modified_gmt":"2021-12-11T17:27:53","slug":"enregistrament-dun-seminari-sobre-llegir-per-aprendre-en-materies-cientifiques","status":"publish","type":"post","link":"https:\/\/projectes.xtec.cat\/tilc\/novetats\/enregistrament-dun-seminari-sobre-llegir-per-aprendre-en-materies-cientifiques\/","title":{"rendered":"Seminari sobre llegir per aprendre en mat\u00e8ries cient\u00edfiques"},"content":{"rendered":"<p>El dia 25 de mar\u00e7 es va celebrar a la Universidad de Santiago de Chile (USACH) el seminari <em>Leer para aprender en \u00e1reas cient\u00edficas: posibilidades y desaf\u00edos<\/em>.<\/p>\n<p>Es va parlar, entre altres temes, de les estrat\u00e8gies de lectura que es poden aplicar en les mat\u00e8ries cient\u00edfiques, la lectura i producci\u00f3 de textos multimodals (comen\u00e7a en el minut 1h 44&#8242;) i el text refutatiu (2h 12&#8242;), que permet incidir sobre els preconceptes erronis de l&#8217;alumnat i ajudar-lo a fer evolucionar els conceptes inicials.<\/p>\n<p>Podeu veure tota la sessi\u00f3 <a href=\"https:\/\/www.youtube.com\/watch?v=MDOS1cF2q34\">en aquest enlla\u00e7<\/a>.<\/p>\n<p><a href=\"https:\/\/projectes.xtec.cat\/tilc\/wp-content\/uploads\/usu2098\/2021\/03\/USACH.png\"><img loading=\"lazy\" decoding=\"async\" class=\"alignnone size-full wp-image-10240\" src=\"https:\/\/projectes.xtec.cat\/tilc\/wp-content\/uploads\/usu2098\/2021\/03\/USACH.png\" alt=\"\" width=\"900\" height=\"538\" srcset=\"https:\/\/projectes.xtec.cat\/tilc\/wp-content\/uploads\/usu2098\/2021\/03\/USACH.png 900w, https:\/\/projectes.xtec.cat\/tilc\/wp-content\/uploads\/usu2098\/2021\/03\/USACH-300x179.png 300w, https:\/\/projectes.xtec.cat\/tilc\/wp-content\/uploads\/usu2098\/2021\/03\/USACH-768x459.png 768w\" sizes=\"auto, (max-width: 900px) 100vw, 900px\" \/><\/a><\/p>\n","protected":false},"excerpt":{"rendered":"<p>V\u00eddeo del seminari &#8220;Leer para aprender en \u00e1reas cient\u00edficas&#8221; (USACH)&hellip;  <a href=\"https:\/\/projectes.xtec.cat\/tilc\/novetats\/enregistrament-dun-seminari-sobre-llegir-per-aprendre-en-materies-cientifiques\/\" title=\"Read Seminari sobre llegir per aprendre en mat\u00e8ries cient\u00edfiques\">Llegeix m\u00e9s\u00bb<\/a><\/p>\n","protected":false},"author":9,"featured_media":10240,"comment_status":"open","ping_status":"closed","sticky":false,"template":"","format":"standard","meta":{"_bbp_topic_count":0,"_bbp_reply_count":0,"_bbp_total_topic_count":0,"_bbp_total_reply_count":0,"_bbp_voice_count":0,"_bbp_anonymous_reply_count":0,"_bbp_topic_count_hidden":0,"_bbp_reply_count_hidden":0,"_bbp_forum_subforum_count":0,"footnotes":""},"categories":[313],"tags":[362,309,369,296,310],"class_list":["post-10239","post","type-post","status-publish","format-standard","has-post-thumbnail","hentry","category-novetats","tag-activar-coneixements-previs","tag-ambit-cientificotecnologic","tag-conferencies","tag-multimodalitat","tag-nivells-de-lectura"],"post_mailing_queue_ids":[],"_links":{"self":[{"href":"https:\/\/projectes.xtec.cat\/tilc\/wp-json\/wp\/v2\/posts\/10239","targetHints":{"allow":["GET"]}}],"collection":[{"href":"https:\/\/projectes.xtec.cat\/tilc\/wp-json\/wp\/v2\/posts"}],"about":[{"href":"https:\/\/projectes.xtec.cat\/tilc\/wp-json\/wp\/v2\/types\/post"}],"author":[{"embeddable":true,"href":"https:\/\/projectes.xtec.cat\/tilc\/wp-json\/wp\/v2\/users\/9"}],"replies":[{"embeddable":true,"href":"https:\/\/projectes.xtec.cat\/tilc\/wp-json\/wp\/v2\/comments?post=10239"}],"version-history":[{"count":3,"href":"https:\/\/projectes.xtec.cat\/tilc\/wp-json\/wp\/v2\/posts\/10239\/revisions"}],"predecessor-version":[{"id":10978,"href":"https:\/\/projectes.xtec.cat\/tilc\/wp-json\/wp\/v2\/posts\/10239\/revisions\/10978"}],"wp:featuredmedia":[{"embeddable":true,"href":"https:\/\/projectes.xtec.cat\/tilc\/wp-json\/wp\/v2\/media\/10240"}],"wp:attachment":[{"href":"https:\/\/projectes.xtec.cat\/tilc\/wp-json\/wp\/v2\/media?parent=10239"}],"wp:term":[{"taxonomy":"category","embeddable":true,"href":"https:\/\/projectes.xtec.cat\/tilc\/wp-json\/wp\/v2\/categories?post=10239"},{"taxonomy":"post_tag","embeddable":true,"href":"https:\/\/projectes.xtec.cat\/tilc\/wp-json\/wp\/v2\/tags?post=10239"}],"curies":[{"name":"wp","href":"https:\/\/api.w.org\/{rel}","templated":true}]}}