{"id":10272,"date":"2021-04-15T15:44:13","date_gmt":"2021-04-15T13:44:13","guid":{"rendered":"https:\/\/projectes.xtec.cat\/tilc\/?p=10272"},"modified":"2021-05-31T15:43:37","modified_gmt":"2021-05-31T13:43:37","slug":"club-de-lectura-llegim-ciencia","status":"publish","type":"post","link":"https:\/\/projectes.xtec.cat\/tilc\/recursos\/club-de-lectura-llegim-ciencia\/","title":{"rendered":"Club de lectura: Llegim ci\u00e8ncia"},"content":{"rendered":"<p>Una estrat\u00e8gia que facilita l&#8217;aprenentatge de la compet\u00e8ncia comunicativa des de la vessant ci\u00e8nt\u00edfica \u00e9s la lectura de novel\u00b7les i relats cient\u00edfics.<\/p>\n<p>El programa <a href=\"http:\/\/xtec.gencat.cat\/ca\/projectes\/lectura\/gustperlalectura\/\" target=\"_blank\" rel=\"noopener noreferrer\"><em>El Gust per la lectura<\/em><\/a> inclou, des del curs 2019-2020, l&#8217;eix <em>Llegim Ci\u00e8ncia<\/em>. El programa ofereix material did\u00e0ctic, estrat\u00e8gies i recursos adre\u00e7ats al professorat de l&#8217;\u00e0mbit cient\u00edficotecnol\u00f2gic d&#8217;ESO per dinamitzar la lectura de novel\u00b7les i relats, amb l&#8217;objectiu de treballar els models cient\u00edfics de manera contextualitada i aprofitant l&#8217;empatia que proporciona el gust de llegir.<\/p>\n<p>El programa es complementa amb un club de lectura, que pret\u00e9n ser l&#8217;espai de trobada del professorat que ha decidit introduir en les seves classes la lectura de la novel\u00b7la. En les dues sessions que es desenvolupen, s&#8217;exploren estrat\u00e8gies i recursos per dinamitzar la lectura de la novel\u00b7la i estimular l&#8217;aprenentatge de les ci\u00e8ncies.<\/p>\n<p>Us animem a consultar les <a href=\"http:\/\/xtec.gencat.cat\/ca\/projectes\/lectura\/gustperlalectura\/materialdidactic\/01-per-curs\/\">guies did\u00e0ctiques publicades<\/a> dels cursos anteriors que, ben segur, us obriran noves oportunitats per a l&#8217;ensenyament de les ci\u00e8ncies.<\/p>\n<p>Tamb\u00e9 us facilitem enlla\u00e7 a la p\u00e0gina on trobareu les <a href=\"http:\/\/xtec.gencat.cat\/ca\/projectes\/lectura\/gustperlalectura\/materialdidactic\/curs-actual\/\">guies del curs actual.<\/a><\/p>\n<p>T\u00edtols que hi podeu trobar (properament publicarem els t\u00edtols que es proposaran per al curs 2021-22):<\/p>\n<p style=\"text-align: center;\"><a href=\"https:\/\/projectes.xtec.cat\/tilc\/wp-content\/uploads\/usu2098\/2021\/04\/funicular.jpg\"><img loading=\"lazy\" decoding=\"async\" class=\"alignnone size-medium wp-image-10287\" src=\"https:\/\/projectes.xtec.cat\/tilc\/wp-content\/uploads\/usu2098\/2021\/04\/funicular-197x300.jpg\" alt=\"\" width=\"197\" height=\"300\" srcset=\"https:\/\/projectes.xtec.cat\/tilc\/wp-content\/uploads\/usu2098\/2021\/04\/funicular-197x300.jpg 197w, https:\/\/projectes.xtec.cat\/tilc\/wp-content\/uploads\/usu2098\/2021\/04\/funicular.jpg 328w\" sizes=\"auto, (max-width: 197px) 100vw, 197px\" \/><\/a><a href=\"https:\/\/projectes.xtec.cat\/tilc\/wp-content\/uploads\/usu2098\/2021\/04\/portada_delicte-ecologic_josep-lorman-roig_201803151614.png\"><img loading=\"lazy\" decoding=\"async\" class=\"alignnone size-medium wp-image-10286\" src=\"https:\/\/projectes.xtec.cat\/tilc\/wp-content\/uploads\/usu2098\/2021\/04\/portada_delicte-ecologic_josep-lorman-roig_201803151614-198x300.png\" alt=\"\" width=\"198\" height=\"300\" srcset=\"https:\/\/projectes.xtec.cat\/tilc\/wp-content\/uploads\/usu2098\/2021\/04\/portada_delicte-ecologic_josep-lorman-roig_201803151614-198x300.png 198w, https:\/\/projectes.xtec.cat\/tilc\/wp-content\/uploads\/usu2098\/2021\/04\/portada_delicte-ecologic_josep-lorman-roig_201803151614.png 250w\" sizes=\"auto, (max-width: 198px) 100vw, 198px\" \/><\/a><a href=\"https:\/\/projectes.xtec.cat\/tilc\/wp-content\/uploads\/usu2098\/2021\/04\/katalepsis.jpg\"><img loading=\"lazy\" decoding=\"async\" class=\"alignnone wp-image-10285 size-medium\" src=\"https:\/\/projectes.xtec.cat\/tilc\/wp-content\/uploads\/usu2098\/2021\/04\/katalepsis-209x300.jpg\" alt=\"\" width=\"209\" height=\"300\" srcset=\"https:\/\/projectes.xtec.cat\/tilc\/wp-content\/uploads\/usu2098\/2021\/04\/katalepsis-209x300.jpg 209w, https:\/\/projectes.xtec.cat\/tilc\/wp-content\/uploads\/usu2098\/2021\/04\/katalepsis.jpg 229w\" sizes=\"auto, (max-width: 209px) 100vw, 209px\" \/><\/a><a href=\"https:\/\/projectes.xtec.cat\/tilc\/wp-content\/uploads\/usu2098\/2021\/01\/coberta.jpg\"><img loading=\"lazy\" decoding=\"async\" class=\"alignnone size-medium wp-image-9210\" src=\"https:\/\/projectes.xtec.cat\/tilc\/wp-content\/uploads\/usu2098\/2021\/01\/coberta-190x300.jpg\" alt=\"\" width=\"190\" height=\"300\" srcset=\"https:\/\/projectes.xtec.cat\/tilc\/wp-content\/uploads\/usu2098\/2021\/01\/coberta-190x300.jpg 190w, https:\/\/projectes.xtec.cat\/tilc\/wp-content\/uploads\/usu2098\/2021\/01\/coberta-768x1211.jpg 768w, https:\/\/projectes.xtec.cat\/tilc\/wp-content\/uploads\/usu2098\/2021\/01\/coberta-649x1024.jpg 649w, https:\/\/projectes.xtec.cat\/tilc\/wp-content\/uploads\/usu2098\/2021\/01\/coberta.jpg 1535w\" sizes=\"auto, (max-width: 190px) 100vw, 190px\" \/><\/a><\/p>\n<p>&nbsp;<\/p>\n<table class=\" aligncenter\" style=\"height: 199px; width: 711px; border-style: solid; border-color: #f5f0f0;\" width=\"711\">\n<tbody>\n<tr>\n<td style=\"width: 115px;\">1r i 2n d&#8217;ESO<\/td>\n<td style=\"width: 588px;\">Curs 2019-20: J. P. Hern\u00e0ndez.<strong><em> La balada del funicular miner. <\/em><\/strong>Ed. Cru\u00eflla<\/p>\n<p>Curs 2020-2021: J. Lorman. <strong><em>Delicte ecol\u00f2gic.<\/em><\/strong>\u00a0Barcelona: Editorial Estrella Polar<\/td>\n<\/tr>\n<tr>\n<td style=\"width: 115px;\">3r i 4rt d&#8217;ESO<\/td>\n<td style=\"width: 588px;\">Curs 2019-2020: M. C. Roca. <strong><em>Katalepsis<\/em>.\u00a0<\/strong>Ed. Galera<\/p>\n<p>Curs 2020-2021: M. Solar. <em><strong>L\u2019expedici\u00f3 del Doctor Balmis<\/strong>.\u00a0<\/em>Alzira: Editorial Bromera<\/td>\n<\/tr>\n<\/tbody>\n<\/table>\n","protected":false},"excerpt":{"rendered":"<p>Una estrat\u00e8gia que facilita l&#8217;aprenentatge de la compet\u00e8ncia comunicativa des de la vessant ci\u00e8nt\u00edfica \u00e9s la lectura de novel\u00b7les i relats cient\u00edfics.<br \/>\nEl programa <a href=\"http:\/\/xtec.gencat.cat\/ca\/projectes\/lectura\/gustperlalectura\/\" target=\"_blank\" rel=\"noopener noreferrer\">El Gust per la lectura<\/a> inclou, des del curs 2019-2020, l&#8217;eix Llegim Ci\u00e8ncia. El programa ofereix material did\u00e0ctic,&hellip;  <a href=\"https:\/\/projectes.xtec.cat\/tilc\/recursos\/club-de-lectura-llegim-ciencia\/\" title=\"Read Club de lectura: Llegim ci\u00e8ncia\">Llegeix m\u00e9s\u00bb<\/a><\/p>\n","protected":false},"author":9,"featured_media":10273,"comment_status":"open","ping_status":"closed","sticky":false,"template":"","format":"standard","meta":{"_bbp_topic_count":0,"_bbp_reply_count":0,"_bbp_total_topic_count":0,"_bbp_total_reply_count":0,"_bbp_voice_count":0,"_bbp_anonymous_reply_count":0,"_bbp_topic_count_hidden":0,"_bbp_reply_count_hidden":0,"_bbp_forum_subforum_count":0,"footnotes":""},"categories":[76],"tags":[309,365,364],"class_list":["post-10272","post","type-post","status-publish","format-standard","has-post-thumbnail","hentry","category-recursos","tag-ambit-cientificotecnologic","tag-educacio-secundaria","tag-gust-per-la-lectura"],"post_mailing_queue_ids":[],"_links":{"self":[{"href":"https:\/\/projectes.xtec.cat\/tilc\/wp-json\/wp\/v2\/posts\/10272","targetHints":{"allow":["GET"]}}],"collection":[{"href":"https:\/\/projectes.xtec.cat\/tilc\/wp-json\/wp\/v2\/posts"}],"about":[{"href":"https:\/\/projectes.xtec.cat\/tilc\/wp-json\/wp\/v2\/types\/post"}],"author":[{"embeddable":true,"href":"https:\/\/projectes.xtec.cat\/tilc\/wp-json\/wp\/v2\/users\/9"}],"replies":[{"embeddable":true,"href":"https:\/\/projectes.xtec.cat\/tilc\/wp-json\/wp\/v2\/comments?post=10272"}],"version-history":[{"count":3,"href":"https:\/\/projectes.xtec.cat\/tilc\/wp-json\/wp\/v2\/posts\/10272\/revisions"}],"predecessor-version":[{"id":10288,"href":"https:\/\/projectes.xtec.cat\/tilc\/wp-json\/wp\/v2\/posts\/10272\/revisions\/10288"}],"wp:featuredmedia":[{"embeddable":true,"href":"https:\/\/projectes.xtec.cat\/tilc\/wp-json\/wp\/v2\/media\/10273"}],"wp:attachment":[{"href":"https:\/\/projectes.xtec.cat\/tilc\/wp-json\/wp\/v2\/media?parent=10272"}],"wp:term":[{"taxonomy":"category","embeddable":true,"href":"https:\/\/projectes.xtec.cat\/tilc\/wp-json\/wp\/v2\/categories?post=10272"},{"taxonomy":"post_tag","embeddable":true,"href":"https:\/\/projectes.xtec.cat\/tilc\/wp-json\/wp\/v2\/tags?post=10272"}],"curies":[{"name":"wp","href":"https:\/\/api.w.org\/{rel}","templated":true}]}}