{"id":10463,"date":"2021-05-26T10:40:10","date_gmt":"2021-05-26T08:40:10","guid":{"rendered":"https:\/\/projectes.xtec.cat\/tilc\/?p=10463"},"modified":"2021-06-16T13:36:35","modified_gmt":"2021-06-16T11:36:35","slug":"activar-el-pensament-historic-treballant-les-habilitats-comunicatives","status":"publish","type":"post","link":"https:\/\/projectes.xtec.cat\/tilc\/recursos\/activar-el-pensament-historic-treballant-les-habilitats-comunicatives\/","title":{"rendered":"Activar el pensament hist\u00f2ric treballant les habilitats comunicatives"},"content":{"rendered":"<p>El procediment fonamental per al pensament hist\u00f2ric \u00e9s el treball amb fonts. Ensenyar el nostre alumnat a pensar com ho fa un historiador \u00e9s entrenar-los en el contrast i contextualitzaci\u00f3 de les fonts, tant prim\u00e0ries com secund\u00e0ries.<\/p>\n<p>Hi ha diversos recursos per al treball amb fonts, que necess\u00e0riament integren procediments ling\u00fc\u00edstics: per contrastar fonts diverses cal interrogar els textos, llegir-los de manera cr\u00edtica, buscar-hi punts de coincid\u00e8ncia i de discrep\u00e0ncia i relacionar-los amb el context hist\u00f2ric que els ha generat.<\/p>\n<p>A banda del q\u00fcestionari C.R.I.T.I.C. (que podeu veure en <a href=\"https:\/\/projectes.xtec.cat\/tilc\/wp-content\/uploads\/usu2098\/2021\/01\/PSM-HC_Llegir_-Lectura-cr%C3%ADtica-i-contrast-de-fonts.pdf\" target=\"_blank\" rel=\"noopener noreferrer\">aquest apartat del Nodes<\/a>), tenim <a href=\"https:\/\/elstaf.wordpress.com\/about\/\" target=\"_blank\" rel=\"noopener noreferrer\">unitats did\u00e0ctiques TAF<\/a> que podem aplicar o imitar per crear-ne de pr\u00f2pies. En el web <a href=\"https:\/\/hsi.wm.edu\/\" target=\"_blank\" rel=\"noopener noreferrer\"><em>History Scene Investigation<\/em><\/a> trobareu algunes unitats TAF en angl\u00e8s que us poden servir.<\/p>\n<p>Tamb\u00e9 en angl\u00e8s, us recomanem dues p\u00e0gines intervinculades que proposen treballar les fonts per fomentar el pensament hist\u00f2ric, seguint quatre passos b\u00e0sics:<\/p>\n<ol>\n<li>Sourcing. Localitzar la font: identificar-ne l&#8217;origen i les intencions.<\/li>\n<li>Context. Contextualitzar el text en l&#8217;espai i en el temps.<\/li>\n<li>Corroboration. Corroborar el que ens diuen les fonts consultades cercant evid\u00e8ncies del fet o fenomen que tracten i esbrinant-ne causes i conseq\u00fc\u00e8ncies.<\/li>\n<li>Class discussion. Arribar a conclusions de manera col\u00b7laborativa.<\/li>\n<\/ol>\n<p>Aquestes dues p\u00e0gines s\u00f3n <a href=\"https:\/\/learn.teachingchannel.com\/video\/reading-like-a-historian-curriculum\" target=\"_blank\" rel=\"noopener noreferrer\">Reading like a historian<\/a> i <a href=\"https:\/\/teachinghistory.org\/\" target=\"_blank\" rel=\"noopener noreferrer\">Teaching History<\/a><em>. <\/em>En aquesta segona, us recomanem que comenceu la visita amb el v\u00eddeo<em> What is historical thinking?<\/em><\/p>\n<p><a href=\"https:\/\/projectes.xtec.cat\/tilc\/wp-content\/uploads\/usu2098\/2021\/05\/Thinking-History-e1622018297104.png\"><img loading=\"lazy\" decoding=\"async\" class=\"alignnone wp-image-10465 size-large\" src=\"https:\/\/projectes.xtec.cat\/tilc\/wp-content\/uploads\/usu2098\/2021\/05\/Thinking-History-e1622018297104-1024x620.png\" alt=\"\" width=\"1024\" height=\"620\" srcset=\"https:\/\/projectes.xtec.cat\/tilc\/wp-content\/uploads\/usu2098\/2021\/05\/Thinking-History-e1622018297104-1024x620.png 1024w, https:\/\/projectes.xtec.cat\/tilc\/wp-content\/uploads\/usu2098\/2021\/05\/Thinking-History-e1622018297104-300x182.png 300w, https:\/\/projectes.xtec.cat\/tilc\/wp-content\/uploads\/usu2098\/2021\/05\/Thinking-History-e1622018297104-768x465.png 768w, https:\/\/projectes.xtec.cat\/tilc\/wp-content\/uploads\/usu2098\/2021\/05\/Thinking-History-e1622018297104.png 1142w\" sizes=\"auto, (max-width: 1024px) 100vw, 1024px\" \/><\/a><\/p>\n<p style=\"text-align: center;\">Font de la imatge: <a href=\"https:\/\/teachinghistory.org\/\" target=\"_blank\" rel=\"noopener noreferrer\">teachinghistory.org<\/a><\/p>\n","protected":false},"excerpt":{"rendered":"<p>Presentaci\u00f3 de diversos recursos per al treball amb fonts com a estrat\u00e8gia b\u00e0sica per fomentar el pensament hist\u00f2ric.&hellip;  <a href=\"https:\/\/projectes.xtec.cat\/tilc\/recursos\/activar-el-pensament-historic-treballant-les-habilitats-comunicatives\/\" title=\"Read Activar el pensament hist\u00f2ric treballant les habilitats comunicatives\">Llegeix m\u00e9s\u00bb<\/a><\/p>\n","protected":false},"author":9,"featured_media":10465,"comment_status":"open","ping_status":"closed","sticky":false,"template":"","format":"standard","meta":{"_bbp_topic_count":0,"_bbp_reply_count":0,"_bbp_total_topic_count":0,"_bbp_total_reply_count":0,"_bbp_voice_count":0,"_bbp_anonymous_reply_count":0,"_bbp_topic_count_hidden":0,"_bbp_reply_count_hidden":0,"_bbp_forum_subforum_count":0,"footnotes":""},"categories":[76],"tags":[336,370,329,304],"class_list":["post-10463","post","type-post","status-publish","format-standard","has-post-thumbnail","hentry","category-recursos","tag-ambit-social","tag-contrast-de-fonts","tag-habilitats-comunicatives","tag-lectura-critica"],"post_mailing_queue_ids":[],"_links":{"self":[{"href":"https:\/\/projectes.xtec.cat\/tilc\/wp-json\/wp\/v2\/posts\/10463","targetHints":{"allow":["GET"]}}],"collection":[{"href":"https:\/\/projectes.xtec.cat\/tilc\/wp-json\/wp\/v2\/posts"}],"about":[{"href":"https:\/\/projectes.xtec.cat\/tilc\/wp-json\/wp\/v2\/types\/post"}],"author":[{"embeddable":true,"href":"https:\/\/projectes.xtec.cat\/tilc\/wp-json\/wp\/v2\/users\/9"}],"replies":[{"embeddable":true,"href":"https:\/\/projectes.xtec.cat\/tilc\/wp-json\/wp\/v2\/comments?post=10463"}],"version-history":[{"count":3,"href":"https:\/\/projectes.xtec.cat\/tilc\/wp-json\/wp\/v2\/posts\/10463\/revisions"}],"predecessor-version":[{"id":10796,"href":"https:\/\/projectes.xtec.cat\/tilc\/wp-json\/wp\/v2\/posts\/10463\/revisions\/10796"}],"wp:featuredmedia":[{"embeddable":true,"href":"https:\/\/projectes.xtec.cat\/tilc\/wp-json\/wp\/v2\/media\/10465"}],"wp:attachment":[{"href":"https:\/\/projectes.xtec.cat\/tilc\/wp-json\/wp\/v2\/media?parent=10463"}],"wp:term":[{"taxonomy":"category","embeddable":true,"href":"https:\/\/projectes.xtec.cat\/tilc\/wp-json\/wp\/v2\/categories?post=10463"},{"taxonomy":"post_tag","embeddable":true,"href":"https:\/\/projectes.xtec.cat\/tilc\/wp-json\/wp\/v2\/tags?post=10463"}],"curies":[{"name":"wp","href":"https:\/\/api.w.org\/{rel}","templated":true}]}}