{"id":10468,"date":"2021-05-31T15:41:45","date_gmt":"2021-05-31T13:41:45","guid":{"rendered":"https:\/\/projectes.xtec.cat\/tilc\/?p=10468"},"modified":"2021-05-31T15:41:45","modified_gmt":"2021-05-31T13:41:45","slug":"curs-destiu-sobre-llengua-i-ciencia","status":"publish","type":"post","link":"https:\/\/projectes.xtec.cat\/tilc\/novetats\/curs-destiu-sobre-llengua-i-ciencia\/","title":{"rendered":"Curs d&#8217;estiu sobre Llengua i ci\u00e8ncia"},"content":{"rendered":"<p>En el marc de les activitats d&#8217;estiu de la Universitat Aut\u00f2noma de Barcelona, el nostre col\u00b7laborador Jordi Dom\u00e8nech-Casal ofereix la formaci\u00f3\u00a0<a href=\"https:\/\/www.uab.cat\/web\/Llengua-ciencia-i-discurs-eines-linguistiques-per-ensenyar-a-pensar-ciencia-1345839704184.html\" target=\"_blank\" rel=\"noopener noreferrer\"><em>Llengua, ci\u00e8ncia i discurs: eines ling\u00fc\u00edstiques per ensenyar a pensar ci\u00e8ncia.\u00a0<\/em><\/a><\/p>\n<p>Malgrat les places ja estan exhaurides, us proposem que tingueu en compte aquesta proposta de cara a futures edicions.<\/p>\n<p><a href=\"https:\/\/projectes.xtec.cat\/tilc\/wp-content\/uploads\/usu2098\/2021\/05\/ICE-UAB-logo.png\"><img loading=\"lazy\" decoding=\"async\" class=\"alignnone size-full wp-image-10469\" src=\"https:\/\/projectes.xtec.cat\/tilc\/wp-content\/uploads\/usu2098\/2021\/05\/ICE-UAB-logo.png\" alt=\"\" width=\"180\" height=\"60\" \/><\/a><\/p>\n<p>&nbsp;<\/p>\n<h1 class=\"section-title\"><\/h1>\n","protected":false},"excerpt":{"rendered":"<p>Difusi\u00f3 de la formaci\u00f3 d&#8217;estiu de l&#8217;ICE de la UAB sobre TILC a les ci\u00e8ncies, a c\u00e0rrec de Jordi Dom\u00e8nech-Casal.&hellip;  <a href=\"https:\/\/projectes.xtec.cat\/tilc\/novetats\/curs-destiu-sobre-llengua-i-ciencia\/\" title=\"Read Curs d&#8217;estiu sobre Llengua i ci\u00e8ncia\">Llegeix m\u00e9s\u00bb<\/a><\/p>\n","protected":false},"author":9,"featured_media":10469,"comment_status":"open","ping_status":"closed","sticky":false,"template":"","format":"standard","meta":{"_bbp_topic_count":0,"_bbp_reply_count":0,"_bbp_total_topic_count":0,"_bbp_total_reply_count":0,"_bbp_voice_count":0,"_bbp_anonymous_reply_count":0,"_bbp_topic_count_hidden":0,"_bbp_reply_count_hidden":0,"_bbp_forum_subforum_count":0,"footnotes":""},"categories":[313],"tags":[309,321],"class_list":["post-10468","post","type-post","status-publish","format-standard","has-post-thumbnail","hentry","category-novetats","tag-ambit-cientificotecnologic","tag-formacio"],"post_mailing_queue_ids":[],"_links":{"self":[{"href":"https:\/\/projectes.xtec.cat\/tilc\/wp-json\/wp\/v2\/posts\/10468","targetHints":{"allow":["GET"]}}],"collection":[{"href":"https:\/\/projectes.xtec.cat\/tilc\/wp-json\/wp\/v2\/posts"}],"about":[{"href":"https:\/\/projectes.xtec.cat\/tilc\/wp-json\/wp\/v2\/types\/post"}],"author":[{"embeddable":true,"href":"https:\/\/projectes.xtec.cat\/tilc\/wp-json\/wp\/v2\/users\/9"}],"replies":[{"embeddable":true,"href":"https:\/\/projectes.xtec.cat\/tilc\/wp-json\/wp\/v2\/comments?post=10468"}],"version-history":[{"count":1,"href":"https:\/\/projectes.xtec.cat\/tilc\/wp-json\/wp\/v2\/posts\/10468\/revisions"}],"predecessor-version":[{"id":10470,"href":"https:\/\/projectes.xtec.cat\/tilc\/wp-json\/wp\/v2\/posts\/10468\/revisions\/10470"}],"wp:featuredmedia":[{"embeddable":true,"href":"https:\/\/projectes.xtec.cat\/tilc\/wp-json\/wp\/v2\/media\/10469"}],"wp:attachment":[{"href":"https:\/\/projectes.xtec.cat\/tilc\/wp-json\/wp\/v2\/media?parent=10468"}],"wp:term":[{"taxonomy":"category","embeddable":true,"href":"https:\/\/projectes.xtec.cat\/tilc\/wp-json\/wp\/v2\/categories?post=10468"},{"taxonomy":"post_tag","embeddable":true,"href":"https:\/\/projectes.xtec.cat\/tilc\/wp-json\/wp\/v2\/tags?post=10468"}],"curies":[{"name":"wp","href":"https:\/\/api.w.org\/{rel}","templated":true}]}}