{"id":10825,"date":"2021-06-18T18:52:56","date_gmt":"2021-06-18T16:52:56","guid":{"rendered":"https:\/\/projectes.xtec.cat\/tilc\/?p=10825"},"modified":"2023-11-23T12:11:16","modified_gmt":"2023-11-23T11:11:16","slug":"ensenyem-com-es-fa-un-procediment-amb-models-o-amb-modelatge","status":"publish","type":"post","link":"https:\/\/projectes.xtec.cat\/tilc\/act-ex-_com-ensenyar\/ensenyem-com-es-fa-un-procediment-amb-models-o-amb-modelatge\/","title":{"rendered":"Ensenyem com es fa un procediment amb models o amb modelatge"},"content":{"rendered":"<p>Us presentem a continuaci\u00f3 dues propostes per mostrar de quina manera podem proporcionar models o fer modelatge, per mostrar a l&#8217;alumnat el procediment que ha de seguir.<\/p>\n<p>La primera proposta parteix d&#8217;un <a href=\"https:\/\/www.youtube.com\/watch?v=OrGQXZWR0NU\" target=\"_blank\" rel=\"noopener noreferrer\">v\u00eddeo<\/a> en el qual la veu en off, encara que no parla en primera persona, modela el proc\u00e9s que segueix l&#8217;expert per comentar una pintura. A continuaci\u00f3 d&#8217;haver presenciat el modelatge, podem proporcionar a l&#8217;alumnat una <a href=\"https:\/\/sites.google.com\/view\/artsiartistes-cat\/fitxa-per-comentar-una-obra-pictorica\">pauta<\/a> o base d&#8217;orientaci\u00f3 per acompanyar l&#8217;elaboraci\u00f3 del comentari.<\/p>\n<p>La segona proposta gira al voltant d&#8217;un tema de ci\u00e8ncies (la cristal\u00b7litzaci\u00f3 del magma), en el que es proposa la creaci\u00f3 d&#8217;un p\u00f2ster cient\u00edfic, ra\u00f3 per la qual cal facilitar una base d&#8217;orientaci\u00f3 per elaborar p\u00f2sters cient\u00edfics. En l\u2019activitat que es planteja, es pren com a exemple de refer\u00e8ncia una pr\u00e0ctica realitzada al laboratori de Ci\u00e8ncies al voltant d\u2019una simulaci\u00f3 sobre la cristal\u00b7litzaci\u00f3 dels magmes en diferents condicions (professora: N\u00faria Ribas).<\/p>\n<p>La proposta t\u00e9 en compte dues parts:<\/p>\n<ol>\n<li>Explicaci\u00f3 de quines s\u00f3n les parts del p\u00f2ster i com s\u2019elaboren. Aquesta part inclou ajudes per elaborar-lo. Consulteu aqu\u00ed la <a href=\"https:\/\/projectes.xtec.cat\/tilc\/wp-content\/uploads\/usu2098\/2021\/06\/plantillaposterA3.pdf\" target=\"_blank\" rel=\"noopener\">bastida.<\/a><\/li>\n<li>Presentaci\u00f3 de diferents p\u00f2sters elaborats per alumnes i aporta la <a href=\"https:\/\/projectes.xtec.cat\/tilc\/wp-content\/uploads\/usu2098\/2021\/06\/RubricaposterCientific.pdf\" target=\"_blank\" rel=\"noopener\">r\u00fabrica <\/a>per valorar si s\u00f3n p\u00f2sters ben fets i, per tant, qu\u00e8 cal tenir en compte quan elaborem un p\u00f2ster.<\/li>\n<\/ol>\n<p>En alguns grups amb alumnes amb m\u00e9s dificultats d\u2019aprenentatge, la professora va optar per fer un <strong>modelatge<\/strong> de com s\u2019elabora un p\u00f2ster:<\/p>\n<p><em>Avui aprendrem a fer un p\u00f2ster cient\u00edfic. No \u00e9s una feina que es pugui fer en una hora, per\u00f2 intentar\u00e9 mostrar-vos com ho faria jo per planificar-lo.\u00a0<\/em><em>Fixeu-vos com ho faig jo: <\/em><\/p>\n<p><em>Per comen\u00e7ar, em faig una pregunta: qu\u00e8 vull explicar amb el p\u00f2ster? Vull ensenyar d\u2019una manera molt visual i molt sint\u00e8tica un disseny experimental que he fet al laboratori. Qui m\u2019imagino que el llegir\u00e0? Clar, pot anar adre\u00e7at a qualsevol persona que no sigui de ci\u00e8ncies: un altre professor de l\u2019institut, per exemple, perqu\u00e8 el penjar\u00e9 al vest\u00edbul de l\u2019institut. Per tant, procurar\u00e9 que s\u2019entengui molt b\u00e9 el que hi hagi, \u00e9s un material divulgatiu. <\/em><\/p>\n<p><em>Com l\u2019estructurar\u00e9? Ara m\u2019he de fixar en la bastida de suport. Per tal d\u2019imaginar com quedar\u00e0, dibuixar\u00e9 un esquema a la pissarra (dibuixa un rectangle i hi anir\u00e0 situant, de manera esquem\u00e0tica, les parts, mentre ho continua comentant en veu alta) seguint la bastida. <\/em><\/p>\n<p><em>Qu\u00e8 hi ha d\u2019haver dalt de tot? El t\u00edtol, clar. I l\u2019autor. Per tant, hi escriur\u00e9: La Cristal\u00b7litzaci\u00f3 del magma. I a sota, en petit, el meu nom i cognoms (ho escriu dins del rectangle, al lloc aproximat on aniria el t\u00edtol).<\/em><\/p>\n<p><em>(&#8230;)<\/em><\/p>\n<p><a href=\"https:\/\/projectes.xtec.cat\/tilc\/wp-content\/uploads\/usu2098\/2021\/06\/1024px-Velazquez-las_hilanderas.jpg\"><img loading=\"lazy\" decoding=\"async\" class=\"alignnone size-full wp-image-10826\" src=\"https:\/\/projectes.xtec.cat\/tilc\/wp-content\/uploads\/usu2098\/2021\/06\/1024px-Velazquez-las_hilanderas.jpg\" alt=\"\" width=\"1024\" height=\"706\" srcset=\"https:\/\/projectes.xtec.cat\/tilc\/wp-content\/uploads\/usu2098\/2021\/06\/1024px-Velazquez-las_hilanderas.jpg 1024w, https:\/\/projectes.xtec.cat\/tilc\/wp-content\/uploads\/usu2098\/2021\/06\/1024px-Velazquez-las_hilanderas-300x207.jpg 300w, https:\/\/projectes.xtec.cat\/tilc\/wp-content\/uploads\/usu2098\/2021\/06\/1024px-Velazquez-las_hilanderas-768x530.jpg 768w\" sizes=\"auto, (max-width: 1024px) 100vw, 1024px\" \/><\/a><\/p>\n<p>Vel\u00e1zquez, <em>Las Hilanderas o La f\u00e1bula de Aracne<\/em>. Font: <a href=\"https:\/\/upload.wikimedia.org\/wikipedia\/commons\/thumb\/a\/a3\/Velazquez-las_hilanderas.jpg\/1024px-Velazquez-las_hilanderas.jpg\" target=\"_blank\" rel=\"noopener noreferrer\">Wikimedia Commons<\/a>.<\/p>\n","protected":false},"excerpt":{"rendered":"<p>Dos exemples de modelatge i d&#8217;an\u00e0lisi de models, un d&#8217;ells procedent de la p\u00e0gina web de Montserrat Morales-Pal\u00e9.&hellip;  <a href=\"https:\/\/projectes.xtec.cat\/tilc\/act-ex-_com-ensenyar\/ensenyem-com-es-fa-un-procediment-amb-models-o-amb-modelatge\/\" title=\"Read Ensenyem com es fa un procediment amb models o amb modelatge\">Llegeix m\u00e9s\u00bb<\/a><\/p>\n","protected":false},"author":9,"featured_media":10827,"comment_status":"open","ping_status":"closed","sticky":false,"template":"","format":"standard","meta":{"_bbp_topic_count":0,"_bbp_reply_count":0,"_bbp_total_topic_count":0,"_bbp_total_reply_count":0,"_bbp_voice_count":0,"_bbp_anonymous_reply_count":0,"_bbp_topic_count_hidden":0,"_bbp_reply_count_hidden":0,"_bbp_forum_subforum_count":0,"footnotes":""},"categories":[389],"tags":[323,309,336,391,390],"class_list":["post-10825","post","type-post","status-publish","format-standard","has-post-thumbnail","hentry","category-act-ex-_com-ensenyar","tag-ambit-artistic","tag-ambit-cientificotecnologic","tag-ambit-social","tag-analisi-de-models","tag-modelatge"],"post_mailing_queue_ids":[],"_links":{"self":[{"href":"https:\/\/projectes.xtec.cat\/tilc\/wp-json\/wp\/v2\/posts\/10825","targetHints":{"allow":["GET"]}}],"collection":[{"href":"https:\/\/projectes.xtec.cat\/tilc\/wp-json\/wp\/v2\/posts"}],"about":[{"href":"https:\/\/projectes.xtec.cat\/tilc\/wp-json\/wp\/v2\/types\/post"}],"author":[{"embeddable":true,"href":"https:\/\/projectes.xtec.cat\/tilc\/wp-json\/wp\/v2\/users\/9"}],"replies":[{"embeddable":true,"href":"https:\/\/projectes.xtec.cat\/tilc\/wp-json\/wp\/v2\/comments?post=10825"}],"version-history":[{"count":4,"href":"https:\/\/projectes.xtec.cat\/tilc\/wp-json\/wp\/v2\/posts\/10825\/revisions"}],"predecessor-version":[{"id":11952,"href":"https:\/\/projectes.xtec.cat\/tilc\/wp-json\/wp\/v2\/posts\/10825\/revisions\/11952"}],"wp:featuredmedia":[{"embeddable":true,"href":"https:\/\/projectes.xtec.cat\/tilc\/wp-json\/wp\/v2\/media\/10827"}],"wp:attachment":[{"href":"https:\/\/projectes.xtec.cat\/tilc\/wp-json\/wp\/v2\/media?parent=10825"}],"wp:term":[{"taxonomy":"category","embeddable":true,"href":"https:\/\/projectes.xtec.cat\/tilc\/wp-json\/wp\/v2\/categories?post=10825"},{"taxonomy":"post_tag","embeddable":true,"href":"https:\/\/projectes.xtec.cat\/tilc\/wp-json\/wp\/v2\/tags?post=10825"}],"curies":[{"name":"wp","href":"https:\/\/api.w.org\/{rel}","templated":true}]}}